{"id":5934,"date":"2021-03-04T13:50:27","date_gmt":"2021-03-04T12:50:27","guid":{"rendered":"http:\/\/euwp08.newsmemory.com\/gardaseezeitung_new\/de\/2021\/03\/04\/die-lombardei-wird-von-freitag-den-5-maerz-zur-dunkelorangen-zone\/"},"modified":"2021-03-04T13:53:26","modified_gmt":"2020-10-05T13:53:26","slug":"die-lombardei-wird-von-freitag-den-5-maerz-zur-dunkelorangen-zone","status":"publish","type":"post","link":"https:\/\/www.gardaseezeitung.it\/2021\/03\/04\/die-lombardei-wird-von-freitag-den-5-maerz-zur-dunkelorangen-zone\/","title":{"rendered":"Die Lombardei wird von Freitag, den 5. M\u00e4rz zur &#8222;dunkelorangen Zone&#8220;"},"content":{"rendered":"<p style=\"text-align: justify\">Aufgrund der Versch\u00e4rfung der Pandemie-Situation auf dem Gebiet der Lombardei hat die Region offiziell neue Einschr\u00e4nkungen erlassen. Die Schulen sind geschlossen und es ist verboten, Zweitwohnungen zu erreichen. Der Zugang zu den Gesch\u00e4ften ist, um die Personenkonzentration so weit wie m\u00f6glich einzuschr\u00e4nken, nur einem Mitglied pro Haushalt gestattet, es sei denn, sie m\u00fcssen Minderj\u00e4hrige, Behinderte oder \u00e4ltere Menschen mitbringen. Es ist nicht erlaubt, die f\u00fcr Spiel und Sport ausgestatteten Fl\u00e4chen (Rutschen und Schaukeln, Basketballpl\u00e4tze, Skateboardfl\u00e4chen usw.) in Parks, Villen und \u00f6ffentlichen G\u00e4rten zu nutzen, mit Ausnahme der M\u00f6glichkeit der Nutzung durch Personen mit Behinderungen; das Tragen von chirurgischen Masken in \u00f6ffentlichen Verkehrsmitteln bleibt obligatorisch.<\/p>\n<hr \/>\n<p>&nbsp;<\/p>\n","protected":false},"excerpt":{"rendered":"<p>Die gesamte Lombardei und damit auch das Westufer des Gardasees wird am Freitag, 5. M\u00e4rz, ab 00.00 Uhr &#8222;dunkelorange&#8220;. <\/p>\n","protected":false},"author":9,"featured_media":5933,"comment_status":"open","ping_status":"open","sticky":false,"template":"","format":"standard","meta":[],"categories":[2],"tags":[208,417,251],"news-destination":[],"news-source":[],"is_homepage":[],"ta_other":[],"featured_media_details":{"width":800,"height":565,"file":"2021\/03\/lombardia-riviera-del-garda-classico.jpg","sizes":{"thumbnail":{"file":"lombardia-riviera-del-garda-classico-150x150.jpg","width":150,"height":150,"mime-type":"image\/jpeg","source_url":"https:\/\/www.gardaseezeitung.it\/gardaseezeitung_new\/de\/wp-content\/uploads\/sites\/2\/2021\/03\/lombardia-riviera-del-garda-classico-150x150.jpg"},"medium":{"file":"lombardia-riviera-del-garda-classico-300x212.jpg","width":300,"height":212,"mime-type":"image\/jpeg","source_url":"https:\/\/www.gardaseezeitung.it\/gardaseezeitung_new\/de\/wp-content\/uploads\/sites\/2\/2021\/03\/lombardia-riviera-del-garda-classico-300x212.jpg"},"medium_large":{"file":"lombardia-riviera-del-garda-classico-768x542.jpg","width":768,"height":542,"mime-type":"image\/jpeg","source_url":"https:\/\/www.gardaseezeitung.it\/gardaseezeitung_new\/de\/wp-content\/uploads\/sites\/2\/2021\/03\/lombardia-riviera-del-garda-classico-768x542.jpg"},"big_image":{"file":"lombardia-riviera-del-garda-classico-750x530.jpg","width":750,"height":530,"mime-type":"image\/jpeg","source_url":"https:\/\/www.gardaseezeitung.it\/gardaseezeitung_new\/de\/wp-content\/uploads\/sites\/2\/2021\/03\/lombardia-riviera-del-garda-classico-750x530.jpg"},"guest-author-32":{"file":"lombardia-riviera-del-garda-classico-32x32.jpg","width":32,"height":32,"mime-type":"image\/jpeg","source_url":"https:\/\/www.gardaseezeitung.it\/gardaseezeitung_new\/de\/wp-content\/uploads\/sites\/2\/2021\/03\/lombardia-riviera-del-garda-classico-32x32.jpg"},"guest-author-50":{"file":"lombardia-riviera-del-garda-classico-50x50.jpg","width":50,"height":50,"mime-type":"image\/jpeg","source_url":"https:\/\/www.gardaseezeitung.it\/gardaseezeitung_new\/de\/wp-content\/uploads\/sites\/2\/2021\/03\/lombardia-riviera-del-garda-classico-50x50.jpg"},"guest-author-64":{"file":"lombardia-riviera-del-garda-classico-64x64.jpg","width":64,"height":64,"mime-type":"image\/jpeg","source_url":"https:\/\/www.gardaseezeitung.it\/gardaseezeitung_new\/de\/wp-content\/uploads\/sites\/2\/2021\/03\/lombardia-riviera-del-garda-classico-64x64.jpg"},"guest-author-96":{"file":"lombardia-riviera-del-garda-classico-96x96.jpg","width":96,"height":96,"mime-type":"image\/jpeg","source_url":"https:\/\/www.gardaseezeitung.it\/gardaseezeitung_new\/de\/wp-content\/uploads\/sites\/2\/2021\/03\/lombardia-riviera-del-garda-classico-96x96.jpg"},"guest-author-128":{"file":"lombardia-riviera-del-garda-classico-128x128.jpg","width":128,"height":128,"mime-type":"image\/jpeg","source_url":"https:\/\/www.gardaseezeitung.it\/gardaseezeitung_new\/de\/wp-content\/uploads\/sites\/2\/2021\/03\/lombardia-riviera-del-garda-classico-128x128.jpg"},"full":{"file":"lombardia-riviera-del-garda-classico.jpg","width":800,"height":565,"mime_type":"","source_url":"https:\/\/www.gardaseezeitung.it\/gardaseezeitung_new\/de\/wp-content\/uploads\/sites\/2\/2021\/03\/lombardia-riviera-del-garda-classico.jpg"}},"image_meta":{"aperture":"0","credit":"","camera":"","caption":"","created_timestamp":"0","copyright":"","focal_length":"0","iso":"0","shutter_speed":"0","title":"","orientation":"1","keywords":[]}},"_links":{"self":[{"href":"https:\/\/www.gardaseezeitung.it\/gardaseezeitung_new\/de\/wp-json\/wp\/v2\/posts\/5934"}],"collection":[{"href":"https:\/\/www.gardaseezeitung.it\/gardaseezeitung_new\/de\/wp-json\/wp\/v2\/posts"}],"about":[{"href":"https:\/\/www.gardaseezeitung.it\/gardaseezeitung_new\/de\/wp-json\/wp\/v2\/types\/post"}],"author":[{"embeddable":true,"href":"https:\/\/www.gardaseezeitung.it\/gardaseezeitung_new\/de\/wp-json\/wp\/v2\/users\/9"}],"replies":[{"embeddable":true,"href":"https:\/\/www.gardaseezeitung.it\/gardaseezeitung_new\/de\/wp-json\/wp\/v2\/comments?post=5934"}],"version-history":[{"count":1,"href":"https:\/\/www.gardaseezeitung.it\/gardaseezeitung_new\/de\/wp-json\/wp\/v2\/posts\/5934\/revisions"}],"predecessor-version":[{"id":5935,"href":"https:\/\/www.gardaseezeitung.it\/gardaseezeitung_new\/de\/wp-json\/wp\/v2\/posts\/5934\/revisions\/5935"}],"wp:featuredmedia":[{"embeddable":true,"href":"https:\/\/www.gardaseezeitung.it\/gardaseezeitung_new\/de\/wp-json\/wp\/v2\/media\/5933"}],"wp:attachment":[{"href":"https:\/\/www.gardaseezeitung.it\/gardaseezeitung_new\/de\/wp-json\/wp\/v2\/media?parent=5934"}],"wp:term":[{"taxonomy":"category","embeddable":true,"href":"https:\/\/www.gardaseezeitung.it\/gardaseezeitung_new\/de\/wp-json\/wp\/v2\/categories?post=5934"},{"taxonomy":"post_tag","embeddable":true,"href":"https:\/\/www.gardaseezeitung.it\/gardaseezeitung_new\/de\/wp-json\/wp\/v2\/tags?post=5934"},{"taxonomy":"news-destination","embeddable":true,"href":"https:\/\/www.gardaseezeitung.it\/gardaseezeitung_new\/de\/wp-json\/wp\/v2\/news-destination?post=5934"},{"taxonomy":"news-source","embeddable":true,"href":"https:\/\/www.gardaseezeitung.it\/gardaseezeitung_new\/de\/wp-json\/wp\/v2\/news-source?post=5934"},{"taxonomy":"is_homepage","embeddable":true,"href":"https:\/\/www.gardaseezeitung.it\/gardaseezeitung_new\/de\/wp-json\/wp\/v2\/is_homepage?post=5934"},{"taxonomy":"ta_other","embeddable":true,"href":"https:\/\/www.gardaseezeitung.it\/gardaseezeitung_new\/de\/wp-json\/wp\/v2\/ta_other?post=5934"}],"curies":[{"name":"wp","href":"https:\/\/api.w.org\/{rel}","templated":true}]}}