{"id":5972,"date":"2021-03-09T18:29:41","date_gmt":"2021-03-09T17:29:41","guid":{"rendered":"http:\/\/euwp08.newsmemory.com\/gardaseezeitung_new\/de\/2021\/03\/10\/oldtimer-aus-dem-nicolis-museum-gehoeren-zu-den-stars-des-maserati-fuoriserie-shootings\/"},"modified":"2021-03-09T18:29:44","modified_gmt":"2020-10-10T18:29:44","slug":"oldtimer-aus-dem-nicolis-museum-gehoeren-zu-den-stars-des-maserati-fuoriserie-shootings","status":"publish","type":"post","link":"https:\/\/www.gardaseezeitung.it\/2021\/03\/09\/oldtimer-aus-dem-nicolis-museum-gehoeren-zu-den-stars-des-maserati-fuoriserie-shootings\/","title":{"rendered":"Oldtimer aus dem Nicolis Museum geh\u00f6ren zu den Stars des Maserati FuoriSerie-Shootings"},"content":{"rendered":"<p style=\"text-align: justify\">Zur Unterst\u00fctzung des neuen Kulturprojekts im Dienste der anspruchsvollsten Kunden der prestigetr\u00e4chtigen Marke repr\u00e4sentieren drei Maserati Ikonen die Geschichte des besten italienischen Designs: das seltene, von Pinin Farina entworfene <em>A6 1500 Coup\u00e9<\/em> von 1947, der erste Granturismo des Unternehmens: ein sehr futuristisches Coup\u00e9 mit versenkbaren Scheinwerfern, das auf dem Genfer Automobilsalon vorgestellt wurde. Der elegante Wagen in der Sammlung Nicolis ist der zweite von Maserati produzierte, der auch auf dem Stand von Pinin Farina auf der ersten italienischen Karosserieausstellung 1947 im Palazzo della Triennale in Mailand ausgestellt war.Auch der raffinierte Maserati <em>3500 GT Spider Vignale<\/em> von 1960, entworfen von Giovanni Michelotti, einem der produktivsten italienischen Designer der Nachkriegszeit, ist ein wahrer Star des &#8218;Dolce Vita&#8216;, begehrt und begehrt vom Jet-Set der damaligen Zeit. Die Reise geht weiter mit dem prestigetr\u00e4chtigen &#8222;Quattroporte&#8220; aus dem Jahr 1979, der von Giorgetto Giugiaros Italdesign entworfen wurde und Maseratis R\u00fcckkehr in das Segment der Luxuslimousinen markierte. Besonders imposant und mit allem Komfort ausgestattet, war er oft die Limousine der Wahl f\u00fcr Staats- und Regierungschefs. Dank der stimmungsvollen Bilder von Andrea Luzardi, die zwischen dem Nicolis Museum und dem Scaligero Schloss in Villafranca aufgenommen wurden, k\u00f6nnen Sie zeitlose Emotionen wiedererleben, wenn Sie der Maserati FuoriSerie auf der offiziellen Instagram-Seite folgen (Social Board: @garageitalia @maserati_fuoriserie #GarageItalia #MaseratiFuoriSerie). Alle Informationen auf der offiziellen Maserati Website. Abschlie\u00dfend m\u00f6chten wir Sie daran erinnern, dass das Nicolis-Museum vor\u00fcbergehend f\u00fcr die \u00d6ffentlichkeit geschlossen ist, aber sicher wieder \u00f6ffnen wird, sobald die Regierung die Einschr\u00e4nkungen aufhebt.<\/p>\n<figure id=\"attachment_8389\" style=\"width: 640px\" class=\"wp-caption alignleft\"><img title=\"Oldtimer aus dem Nicolis Museum geh\u00f6ren zu den Stars des Maserati FuoriSerie-Shootings\" loading=\"lazy\" class=\"size-large wp-image-8389\" src=\"https:\/\/www.gardaseezeitung.it\/gardaseezeitung_new\/de\/wp-content\/uploads\/sites\/2\/2021\/03\/Museo-Nicolis-Maserati-Spider-Maserati-FuoriSerie-ph-Andrea-Luzardi-3.jpg\" alt=\"Museo Nicolis, Maserati Spider\" width=\"640\" height=\"800\" srcset=\"https:\/\/euwps05.newsmemory.com\/gardaseezeitung_new\/de\/wp-content\/uploads\/sites\/2\/2021\/03\/Museo-Nicolis-Maserati-Spider-Maserati-FuoriSerie-ph-Andrea-Luzardi-3.jpg 2122w, https:\/\/euwps05.newsmemory.com\/gardaseezeitung_new\/de\/wp-content\/uploads\/sites\/2\/2021\/03\/Museo-Nicolis-Maserati-Spider-Maserati-FuoriSerie-ph-Andrea-Luzardi-3-240x300.jpg 240w, https:\/\/euwps05.newsmemory.com\/gardaseezeitung_new\/de\/wp-content\/uploads\/sites\/2\/2021\/03\/Museo-Nicolis-Maserati-Spider-Maserati-FuoriSerie-ph-Andrea-Luzardi-3-768x960.jpg 768w, https:\/\/euwps05.newsmemory.com\/gardaseezeitung_new\/de\/wp-content\/uploads\/sites\/2\/2021\/03\/Museo-Nicolis-Maserati-Spider-Maserati-FuoriSerie-ph-Andrea-Luzardi-3-819x1024.jpg 819w, https:\/\/euwps05.newsmemory.com\/gardaseezeitung_new\/de\/wp-content\/uploads\/sites\/2\/2021\/03\/Museo-Nicolis-Maserati-Spider-Maserati-FuoriSerie-ph-Andrea-Luzardi-3-750x937.jpg 750w\" sizes=\"(max-width: 640px) 100vw, 640px\" \/><figcaption class=\"wp-caption-text\">Silvia Nicolis und die Maserati Spider (ph. Andrea Luzardi) - Andrea Luzardi<\/figcaption><\/figure>\n<p>&nbsp;<\/p>\n<p>&nbsp;<\/p>\n<p>&nbsp;<\/p>\n<figure id=\"attachment_8388\" style=\"width: 640px\" class=\"wp-caption alignleft\"><img title=\"Oldtimer aus dem Nicolis Museum geh\u00f6ren zu den Stars des Maserati FuoriSerie-Shootings\" loading=\"lazy\" class=\"size-large wp-image-8388\" src=\"https:\/\/www.gardaseezeitung.it\/gardaseezeitung_new\/de\/wp-content\/uploads\/sites\/2\/2021\/03\/Museo-Nicolis-Maserati-Spider-Maserati-FuoriSerie-ph-Andrea-Luzardi-2.jpg\" alt=\"Museo Nicolis, Maserati GT 3500 Spider Vignale\" width=\"640\" height=\"800\" srcset=\"https:\/\/euwps05.newsmemory.com\/gardaseezeitung_new\/de\/wp-content\/uploads\/sites\/2\/2021\/03\/Museo-Nicolis-Maserati-Spider-Maserati-FuoriSerie-ph-Andrea-Luzardi-2.jpg 2122w, https:\/\/euwps05.newsmemory.com\/gardaseezeitung_new\/de\/wp-content\/uploads\/sites\/2\/2021\/03\/Museo-Nicolis-Maserati-Spider-Maserati-FuoriSerie-ph-Andrea-Luzardi-2-240x300.jpg 240w, https:\/\/euwps05.newsmemory.com\/gardaseezeitung_new\/de\/wp-content\/uploads\/sites\/2\/2021\/03\/Museo-Nicolis-Maserati-Spider-Maserati-FuoriSerie-ph-Andrea-Luzardi-2-768x960.jpg 768w, https:\/\/euwps05.newsmemory.com\/gardaseezeitung_new\/de\/wp-content\/uploads\/sites\/2\/2021\/03\/Museo-Nicolis-Maserati-Spider-Maserati-FuoriSerie-ph-Andrea-Luzardi-2-819x1024.jpg 819w, https:\/\/euwps05.newsmemory.com\/gardaseezeitung_new\/de\/wp-content\/uploads\/sites\/2\/2021\/03\/Museo-Nicolis-Maserati-Spider-Maserati-FuoriSerie-ph-Andrea-Luzardi-2-750x937.jpg 750w\" sizes=\"(max-width: 640px) 100vw, 640px\" \/><figcaption class=\"wp-caption-text\">Museo Nicolis, Maserati GT 3500 Spider Vignale (ph. Andrea Luzardi) - Andrea Luzardi <\/figcaption><\/figure>\n<figure style=\"width: 640px\" class=\"wp-caption alignleft\"><img title=\"Oldtimer aus dem Nicolis Museum geh\u00f6ren zu den Stars des Maserati FuoriSerie-Shootings\" loading=\"lazy\" class=\"size-large \" src=\"https:\/\/euwp05.newsmemory.com\/gardaseezeitung_new\/de\/wp-content\/uploads\/sites\/2\/2021\/03\/Museo-Nicolis-Maserati-Quattroporte-Maserati-FuoriSerie-ph-Andrea-Luzardi-1024x864.jpg\" alt=\"Museo Nicolis, Maserati Quattroporte\" width=\"640\" height=\"540\" \/><figcaption class=\"wp-caption-text\">Museo Nicolis, Maserati Quattroporte Andrea Luzardi<\/figcaption><\/figure>\n<p>&nbsp;<\/p>\n","protected":false},"excerpt":{"rendered":"<p>Mit drei Modellen aus seiner Sammlung nimmt das Museum Villafranca an einem Maserati-Projekt in Zusammenarbeit mit Garage Italia teil<\/p>\n","protected":false},"author":9,"featured_media":0,"comment_status":"open","ping_status":"open","sticky":false,"template":"","format":"standard","meta":[],"categories":[4],"tags":[25,23,26,459,460,461,462,463,464,465,466,38,467],"news-destination":[],"news-source":[],"is_homepage":[],"ta_other":[],"_links":{"self":[{"href":"https:\/\/www.gardaseezeitung.it\/gardaseezeitung_new\/de\/wp-json\/wp\/v2\/posts\/5972"}],"collection":[{"href":"https:\/\/www.gardaseezeitung.it\/gardaseezeitung_new\/de\/wp-json\/wp\/v2\/posts"}],"about":[{"href":"https:\/\/www.gardaseezeitung.it\/gardaseezeitung_new\/de\/wp-json\/wp\/v2\/types\/post"}],"author":[{"embeddable":true,"href":"https:\/\/www.gardaseezeitung.it\/gardaseezeitung_new\/de\/wp-json\/wp\/v2\/users\/9"}],"replies":[{"embeddable":true,"href":"https:\/\/www.gardaseezeitung.it\/gardaseezeitung_new\/de\/wp-json\/wp\/v2\/comments?post=5972"}],"version-history":[{"count":4,"href":"https:\/\/www.gardaseezeitung.it\/gardaseezeitung_new\/de\/wp-json\/wp\/v2\/posts\/5972\/revisions"}],"predecessor-version":[{"id":17093,"href":"https:\/\/www.gardaseezeitung.it\/gardaseezeitung_new\/de\/wp-json\/wp\/v2\/posts\/5972\/revisions\/17093"}],"wp:attachment":[{"href":"https:\/\/www.gardaseezeitung.it\/gardaseezeitung_new\/de\/wp-json\/wp\/v2\/media?parent=5972"}],"wp:term":[{"taxonomy":"category","embeddable":true,"href":"https:\/\/www.gardaseezeitung.it\/gardaseezeitung_new\/de\/wp-json\/wp\/v2\/categories?post=5972"},{"taxonomy":"post_tag","embeddable":true,"href":"https:\/\/www.gardaseezeitung.it\/gardaseezeitung_new\/de\/wp-json\/wp\/v2\/tags?post=5972"},{"taxonomy":"news-destination","embeddable":true,"href":"https:\/\/www.gardaseezeitung.it\/gardaseezeitung_new\/de\/wp-json\/wp\/v2\/news-destination?post=5972"},{"taxonomy":"news-source","embeddable":true,"href":"https:\/\/www.gardaseezeitung.it\/gardaseezeitung_new\/de\/wp-json\/wp\/v2\/news-source?post=5972"},{"taxonomy":"is_homepage","embeddable":true,"href":"https:\/\/www.gardaseezeitung.it\/gardaseezeitung_new\/de\/wp-json\/wp\/v2\/is_homepage?post=5972"},{"taxonomy":"ta_other","embeddable":true,"href":"https:\/\/www.gardaseezeitung.it\/gardaseezeitung_new\/de\/wp-json\/wp\/v2\/ta_other?post=5972"}],"curies":[{"name":"wp","href":"https:\/\/api.w.org\/{rel}","templated":true}]}}