{"id":6006,"date":"2021-03-11T21:17:18","date_gmt":"2021-03-11T20:17:18","guid":{"rendered":"http:\/\/euwp08.newsmemory.com\/gardaseezeitung_new\/de\/2021\/03\/11\/malcesine-die-gardesana-strasse-wird-wieder-zweispurig\/"},"modified":"2021-03-11T21:17:19","modified_gmt":"2020-10-12T21:17:19","slug":"malcesine-die-gardesana-strasse-wird-wieder-zweispurig","status":"publish","type":"post","link":"https:\/\/www.gardaseezeitung.it\/2021\/03\/11\/malcesine-die-gardesana-strasse-wird-wieder-zweispurig\/","title":{"rendered":"Malcesine: Die Gardesana Stra\u00dfe wird wieder zweispurig"},"content":{"rendered":"<p style=\"text-align: justify\">\ufffcMorgen Nachmittag, Freitag, 12. M\u00e4rz, wird die Gardesana Stra\u00dfe in beide Richtungen wieder ge\u00f6ffnet. Erst vor einem Monat, am 12. Februar, wurde die Staatsstra\u00dfe, die entlang des Ostufers des Sees verl\u00e4uft, als ampelgeregelte Einbahnstra\u00dfe wieder f\u00fcr den Verkehr freigegeben, nachdem sie aufgrund des massiven Erdrutsches, der am 2. Januar letzten Jahres kurz vor Tempesta, nahe der Regionalgrenze zu Malcesine, beide Fahrbahnen erfasst und \u00fcber tausend Kubikmeter Material auf dem Boden hinterlassen hatte, gesperrt worden war. Die Arbeiter haben \u00fcber zwei Monate lang gearbeitet, um den regul\u00e4ren Verkehr auf der Stra\u00dfe zu erm\u00f6glichen, die den Garda Trentino mit dem unteren See verbindet. Es war ein komplexes Werk, f\u00fcr das es notwendig war, die instabilsten Felsbl\u00f6cke zu sprengen (Foto). W\u00e4hrend der Zwangsschlie\u00dfung hatte Navigarda auch eine au\u00dferordentliche F\u00e4hrlinie mit Fahrzeugen an Bord aktiviert, die bis zur Wiederer\u00f6ffnung der SS249 insbesondere von Arbeitern und Studenten genutzt wurde.<\/p>\n<hr \/>\n<p>&nbsp;<\/p>\n","protected":false},"excerpt":{"rendered":"<p>Morgen Nachmittag, Freitag, 12. M\u00e4rz, wird die Gardesana Stra\u00dfe in beide Richtungen wieder ge\u00f6ffnet.<\/p>\n","protected":false},"author":9,"featured_media":6005,"comment_status":"open","ping_status":"open","sticky":false,"template":"","format":"standard","meta":[],"categories":[3],"tags":[25,23,26,357,170,128,358],"news-destination":[],"news-source":[],"is_homepage":[],"ta_other":[],"featured_media_details":{"width":801,"height":485,"file":"2021\/03\/Esplosivo-sulla-frana-a-Tempesta-sulla-gardesana.jpg","sizes":{"thumbnail":{"file":"Esplosivo-sulla-frana-a-Tempesta-sulla-gardesana-150x150.jpg","width":150,"height":150,"mime-type":"image\/jpeg","source_url":"https:\/\/www.gardaseezeitung.it\/gardaseezeitung_new\/de\/wp-content\/uploads\/sites\/2\/2021\/03\/Esplosivo-sulla-frana-a-Tempesta-sulla-gardesana-150x150.jpg"},"medium":{"file":"Esplosivo-sulla-frana-a-Tempesta-sulla-gardesana-300x182.jpg","width":300,"height":182,"mime-type":"image\/jpeg","source_url":"https:\/\/www.gardaseezeitung.it\/gardaseezeitung_new\/de\/wp-content\/uploads\/sites\/2\/2021\/03\/Esplosivo-sulla-frana-a-Tempesta-sulla-gardesana-300x182.jpg"},"medium_large":{"file":"Esplosivo-sulla-frana-a-Tempesta-sulla-gardesana-768x465.jpg","width":768,"height":465,"mime-type":"image\/jpeg","source_url":"https:\/\/www.gardaseezeitung.it\/gardaseezeitung_new\/de\/wp-content\/uploads\/sites\/2\/2021\/03\/Esplosivo-sulla-frana-a-Tempesta-sulla-gardesana-768x465.jpg"},"big_image":{"file":"Esplosivo-sulla-frana-a-Tempesta-sulla-gardesana-750x454.jpg","width":750,"height":454,"mime-type":"image\/jpeg","source_url":"https:\/\/www.gardaseezeitung.it\/gardaseezeitung_new\/de\/wp-content\/uploads\/sites\/2\/2021\/03\/Esplosivo-sulla-frana-a-Tempesta-sulla-gardesana-750x454.jpg"},"guest-author-32":{"file":"Esplosivo-sulla-frana-a-Tempesta-sulla-gardesana-32x32.jpg","width":32,"height":32,"mime-type":"image\/jpeg","source_url":"https:\/\/www.gardaseezeitung.it\/gardaseezeitung_new\/de\/wp-content\/uploads\/sites\/2\/2021\/03\/Esplosivo-sulla-frana-a-Tempesta-sulla-gardesana-32x32.jpg"},"guest-author-50":{"file":"Esplosivo-sulla-frana-a-Tempesta-sulla-gardesana-50x50.jpg","width":50,"height":50,"mime-type":"image\/jpeg","source_url":"https:\/\/www.gardaseezeitung.it\/gardaseezeitung_new\/de\/wp-content\/uploads\/sites\/2\/2021\/03\/Esplosivo-sulla-frana-a-Tempesta-sulla-gardesana-50x50.jpg"},"guest-author-64":{"file":"Esplosivo-sulla-frana-a-Tempesta-sulla-gardesana-64x64.jpg","width":64,"height":64,"mime-type":"image\/jpeg","source_url":"https:\/\/www.gardaseezeitung.it\/gardaseezeitung_new\/de\/wp-content\/uploads\/sites\/2\/2021\/03\/Esplosivo-sulla-frana-a-Tempesta-sulla-gardesana-64x64.jpg"},"guest-author-96":{"file":"Esplosivo-sulla-frana-a-Tempesta-sulla-gardesana-96x96.jpg","width":96,"height":96,"mime-type":"image\/jpeg","source_url":"https:\/\/www.gardaseezeitung.it\/gardaseezeitung_new\/de\/wp-content\/uploads\/sites\/2\/2021\/03\/Esplosivo-sulla-frana-a-Tempesta-sulla-gardesana-96x96.jpg"},"guest-author-128":{"file":"Esplosivo-sulla-frana-a-Tempesta-sulla-gardesana-128x128.jpg","width":128,"height":128,"mime-type":"image\/jpeg","source_url":"https:\/\/www.gardaseezeitung.it\/gardaseezeitung_new\/de\/wp-content\/uploads\/sites\/2\/2021\/03\/Esplosivo-sulla-frana-a-Tempesta-sulla-gardesana-128x128.jpg"},"full":{"file":"Esplosivo-sulla-frana-a-Tempesta-sulla-gardesana.jpg","width":801,"height":485,"mime_type":"","source_url":"https:\/\/www.gardaseezeitung.it\/gardaseezeitung_new\/de\/wp-content\/uploads\/sites\/2\/2021\/03\/Esplosivo-sulla-frana-a-Tempesta-sulla-gardesana.jpg"}},"image_meta":{"aperture":"0","credit":"","camera":"","caption":"","created_timestamp":"0","copyright":"","focal_length":"0","iso":"0","shutter_speed":"0","title":"","orientation":"0","keywords":[]}},"_links":{"self":[{"href":"https:\/\/www.gardaseezeitung.it\/gardaseezeitung_new\/de\/wp-json\/wp\/v2\/posts\/6006"}],"collection":[{"href":"https:\/\/www.gardaseezeitung.it\/gardaseezeitung_new\/de\/wp-json\/wp\/v2\/posts"}],"about":[{"href":"https:\/\/www.gardaseezeitung.it\/gardaseezeitung_new\/de\/wp-json\/wp\/v2\/types\/post"}],"author":[{"embeddable":true,"href":"https:\/\/www.gardaseezeitung.it\/gardaseezeitung_new\/de\/wp-json\/wp\/v2\/users\/9"}],"replies":[{"embeddable":true,"href":"https:\/\/www.gardaseezeitung.it\/gardaseezeitung_new\/de\/wp-json\/wp\/v2\/comments?post=6006"}],"version-history":[{"count":1,"href":"https:\/\/www.gardaseezeitung.it\/gardaseezeitung_new\/de\/wp-json\/wp\/v2\/posts\/6006\/revisions"}],"predecessor-version":[{"id":6007,"href":"https:\/\/www.gardaseezeitung.it\/gardaseezeitung_new\/de\/wp-json\/wp\/v2\/posts\/6006\/revisions\/6007"}],"wp:featuredmedia":[{"embeddable":true,"href":"https:\/\/www.gardaseezeitung.it\/gardaseezeitung_new\/de\/wp-json\/wp\/v2\/media\/6005"}],"wp:attachment":[{"href":"https:\/\/www.gardaseezeitung.it\/gardaseezeitung_new\/de\/wp-json\/wp\/v2\/media?parent=6006"}],"wp:term":[{"taxonomy":"category","embeddable":true,"href":"https:\/\/www.gardaseezeitung.it\/gardaseezeitung_new\/de\/wp-json\/wp\/v2\/categories?post=6006"},{"taxonomy":"post_tag","embeddable":true,"href":"https:\/\/www.gardaseezeitung.it\/gardaseezeitung_new\/de\/wp-json\/wp\/v2\/tags?post=6006"},{"taxonomy":"news-destination","embeddable":true,"href":"https:\/\/www.gardaseezeitung.it\/gardaseezeitung_new\/de\/wp-json\/wp\/v2\/news-destination?post=6006"},{"taxonomy":"news-source","embeddable":true,"href":"https:\/\/www.gardaseezeitung.it\/gardaseezeitung_new\/de\/wp-json\/wp\/v2\/news-source?post=6006"},{"taxonomy":"is_homepage","embeddable":true,"href":"https:\/\/www.gardaseezeitung.it\/gardaseezeitung_new\/de\/wp-json\/wp\/v2\/is_homepage?post=6006"},{"taxonomy":"ta_other","embeddable":true,"href":"https:\/\/www.gardaseezeitung.it\/gardaseezeitung_new\/de\/wp-json\/wp\/v2\/ta_other?post=6006"}],"curies":[{"name":"wp","href":"https:\/\/api.w.org\/{rel}","templated":true}]}}