{"id":6039,"date":"2021-03-12T19:52:47","date_gmt":"2021-03-12T18:52:47","guid":{"rendered":"http:\/\/euwp08.newsmemory.com\/gardaseezeitung_new\/de\/2021\/03\/12\/norditalien-der-roten-zone-ab-montag-15-maerz\/"},"modified":"2021-03-12T19:58:20","modified_gmt":"2020-10-13T19:58:20","slug":"norditalien-der-roten-zone-ab-montag-15-maerz","status":"publish","type":"post","link":"https:\/\/www.gardaseezeitung.it\/2021\/03\/12\/norditalien-der-roten-zone-ab-montag-15-maerz\/","title":{"rendered":"Norditalien in der roten Zone ab Montag, 15. M\u00e4rz"},"content":{"rendered":"<p style=\"text-align: justify\">Es ist verboten, sich in und aus den Gebieten in der roten Zone zu bewegen, es ist nicht erlaubt, die Grenzen ihrer Gemeinde zu \u00fcberschreiten, au\u00dfer f\u00fcr Reisen f\u00fcr die Arbeit, Situationen der Notwendigkeit oder aus gesundheitlichen Gr\u00fcnden. Es ist immer erlaubt, in ihre H\u00e4user zur\u00fcckzukehren. Schulen und Gesch\u00e4fte sind geschlossen, au\u00dfer: Superm\u00e4rkte und alle Lebensmittelgesch\u00e4fte, Apotheken und Parapharmazie, Kr\u00e4utergesch\u00e4fte, Tabakl\u00e4den, Benzingesch\u00e4fte, Seifen- und Waschmittelgesch\u00e4fte, Elektronik-, Haushaltsger\u00e4te-, Computer- und Telefonl\u00e4den, Buchl\u00e4den, Zeitungskioske, Schreibwarengesch\u00e4fte, Kinder- und Babygesch\u00e4fte, Parf\u00fcmerien, W\u00e4schegesch\u00e4fte, Sportartikelgesch\u00e4fte, Kfz-Gesch\u00e4fte, Motorr\u00e4der und deren Teile und Zubeh\u00f6r, Blumenl\u00e4den, G\u00e4rtnereien und Gesch\u00e4fte f\u00fcr Garten- und Landwirtschaftsbedarf, Optiker, Fotografen, W\u00e4schereien, Eisenwarengesch\u00e4fte, Gesch\u00e4fte f\u00fcr Farben und Baustoffe, Gesch\u00e4fte f\u00fcr Hygiene-, Medizin- und Orthop\u00e4diebedarf, Gesch\u00e4fte f\u00fcr Beleuchtung und Sicherheitssysteme, Gesch\u00e4fte f\u00fcr Haustierbedarf, Gesch\u00e4fte f\u00fcr Bestattungs- und Friedhofsbedarf.Geschlossene M\u00e4rkte, ausgenommen die Aktivit\u00e4ten von Lebensmitteln, landwirtschaftlichen Produkten und Gartenbau. Friseure und Kosmetikerinnen geschlossen. Werden Gastronomiebetriebe (Bars, Kneipen, Restaurants, Eisdielen, Konditoreien) ausgesetzt. Erlaubt die Lieferung nach Hause. Erlaubt ist die Mitnahme in Restaurants bis 22 Uhr, in Bars und Clubs bis 18 Uhr. Der Konsum in Bars und Restaurants oder in deren N\u00e4he ist grunds\u00e4tzlich verboten. Die Gastronomie in den Hotels bleibt ge\u00f6ffnet, beschr\u00e4nkt auf die Kunden, die dort \u00fcbernachten. Es ist erlaubt, individuelle k\u00f6rperliche Aktivit\u00e4ten in der N\u00e4he der eigenen Wohnung durchzuf\u00fchren, solange der Abstand zu jeder Person mindestens 1 m betr\u00e4gt und die Verwendung von Atemschutzger\u00e4ten vorgeschrieben ist. Es ist auch erlaubt, sportliche Aktivit\u00e4ten durchzuf\u00fchren, jedoch im Freien und individuell.Ausstellungen sind ausgesetzt. Museen und Kulturinstitute sind geschlossen. F\u00fcr die \u00d6ffentlichkeit zug\u00e4ngliche Vorf\u00fchrungen in Theatern, Konzerts\u00e4len, Kinos, Clubs oder \u00e4hnlichen R\u00e4umlichkeiten werden ausgesetzt. Auff\u00fchrungen im Au\u00dfenbereich werden ebenfalls ausgesetzt. Die Kinos und Theater werden am 27. M\u00e4rz nicht wieder \u00f6ffnen, wo dies geplant war. Es ist ratsam, die Anwesenheit des Personals an Arbeitspl\u00e4tzen (sowohl \u00f6ffentlich als auch privat) zu begrenzen, um nur die T\u00e4tigkeiten zu gew\u00e4hrleisten, die als unumkehrbar gelten und eine solche Anwesenheit unbedingt erfordern. Es wird m\u00f6glich sein, innerhalb der eigenen Region einmal pro Tag in eine Privatwohnung zu fahren, und zwar f\u00fcr maximal 2 Personen (Minderj\u00e4hrige, Behinderte und nicht-selbstst\u00e4ndige Personen sind von der Z\u00e4hlung ausgeschlossen).<\/p>\n<hr \/>\n<p>&nbsp;<\/p>\n","protected":false},"excerpt":{"rendered":"<p>Dar\u00fcber hinaus wird am 3., 4. und 5. April ganz Italien in der roten Zone liegen<\/p>\n","protected":false},"author":9,"featured_media":6038,"comment_status":"open","ping_status":"open","sticky":false,"template":"","format":"standard","meta":[],"categories":[2],"tags":[434,23,26,417,501],"news-destination":[],"news-source":[],"is_homepage":[],"ta_other":[],"featured_media_details":{"width":299,"height":168,"file":"2021\/03\/images.jpeg","sizes":{"thumbnail":{"file":"images-150x150.jpeg","width":150,"height":150,"mime-type":"image\/jpeg","source_url":"https:\/\/www.gardaseezeitung.it\/gardaseezeitung_new\/de\/wp-content\/uploads\/sites\/2\/2021\/03\/images-150x150.jpeg"},"guest-author-32":{"file":"images-32x32.jpeg","width":32,"height":32,"mime-type":"image\/jpeg","source_url":"https:\/\/www.gardaseezeitung.it\/gardaseezeitung_new\/de\/wp-content\/uploads\/sites\/2\/2021\/03\/images-32x32.jpeg"},"guest-author-50":{"file":"images-50x50.jpeg","width":50,"height":50,"mime-type":"image\/jpeg","source_url":"https:\/\/www.gardaseezeitung.it\/gardaseezeitung_new\/de\/wp-content\/uploads\/sites\/2\/2021\/03\/images-50x50.jpeg"},"guest-author-64":{"file":"images-64x64.jpeg","width":64,"height":64,"mime-type":"image\/jpeg","source_url":"https:\/\/www.gardaseezeitung.it\/gardaseezeitung_new\/de\/wp-content\/uploads\/sites\/2\/2021\/03\/images-64x64.jpeg"},"guest-author-96":{"file":"images-96x96.jpeg","width":96,"height":96,"mime-type":"image\/jpeg","source_url":"https:\/\/www.gardaseezeitung.it\/gardaseezeitung_new\/de\/wp-content\/uploads\/sites\/2\/2021\/03\/images-96x96.jpeg"},"guest-author-128":{"file":"images-128x128.jpeg","width":128,"height":128,"mime-type":"image\/jpeg","source_url":"https:\/\/www.gardaseezeitung.it\/gardaseezeitung_new\/de\/wp-content\/uploads\/sites\/2\/2021\/03\/images-128x128.jpeg"},"full":{"file":"images.jpeg","width":299,"height":168,"mime_type":"","source_url":"https:\/\/www.gardaseezeitung.it\/gardaseezeitung_new\/de\/wp-content\/uploads\/sites\/2\/2021\/03\/images.jpeg"}},"image_meta":{"aperture":"0","credit":"","camera":"","caption":"","created_timestamp":"0","copyright":"","focal_length":"0","iso":"0","shutter_speed":"0","title":"","orientation":"0","keywords":[]}},"_links":{"self":[{"href":"https:\/\/www.gardaseezeitung.it\/gardaseezeitung_new\/de\/wp-json\/wp\/v2\/posts\/6039"}],"collection":[{"href":"https:\/\/www.gardaseezeitung.it\/gardaseezeitung_new\/de\/wp-json\/wp\/v2\/posts"}],"about":[{"href":"https:\/\/www.gardaseezeitung.it\/gardaseezeitung_new\/de\/wp-json\/wp\/v2\/types\/post"}],"author":[{"embeddable":true,"href":"https:\/\/www.gardaseezeitung.it\/gardaseezeitung_new\/de\/wp-json\/wp\/v2\/users\/9"}],"replies":[{"embeddable":true,"href":"https:\/\/www.gardaseezeitung.it\/gardaseezeitung_new\/de\/wp-json\/wp\/v2\/comments?post=6039"}],"version-history":[{"count":1,"href":"https:\/\/www.gardaseezeitung.it\/gardaseezeitung_new\/de\/wp-json\/wp\/v2\/posts\/6039\/revisions"}],"predecessor-version":[{"id":6040,"href":"https:\/\/www.gardaseezeitung.it\/gardaseezeitung_new\/de\/wp-json\/wp\/v2\/posts\/6039\/revisions\/6040"}],"wp:featuredmedia":[{"embeddable":true,"href":"https:\/\/www.gardaseezeitung.it\/gardaseezeitung_new\/de\/wp-json\/wp\/v2\/media\/6038"}],"wp:attachment":[{"href":"https:\/\/www.gardaseezeitung.it\/gardaseezeitung_new\/de\/wp-json\/wp\/v2\/media?parent=6039"}],"wp:term":[{"taxonomy":"category","embeddable":true,"href":"https:\/\/www.gardaseezeitung.it\/gardaseezeitung_new\/de\/wp-json\/wp\/v2\/categories?post=6039"},{"taxonomy":"post_tag","embeddable":true,"href":"https:\/\/www.gardaseezeitung.it\/gardaseezeitung_new\/de\/wp-json\/wp\/v2\/tags?post=6039"},{"taxonomy":"news-destination","embeddable":true,"href":"https:\/\/www.gardaseezeitung.it\/gardaseezeitung_new\/de\/wp-json\/wp\/v2\/news-destination?post=6039"},{"taxonomy":"news-source","embeddable":true,"href":"https:\/\/www.gardaseezeitung.it\/gardaseezeitung_new\/de\/wp-json\/wp\/v2\/news-source?post=6039"},{"taxonomy":"is_homepage","embeddable":true,"href":"https:\/\/www.gardaseezeitung.it\/gardaseezeitung_new\/de\/wp-json\/wp\/v2\/is_homepage?post=6039"},{"taxonomy":"ta_other","embeddable":true,"href":"https:\/\/www.gardaseezeitung.it\/gardaseezeitung_new\/de\/wp-json\/wp\/v2\/ta_other?post=6039"}],"curies":[{"name":"wp","href":"https:\/\/api.w.org\/{rel}","templated":true}]}}