{"id":6044,"date":"2021-03-15T00:49:37","date_gmt":"2021-03-14T23:49:37","guid":{"rendered":"http:\/\/euwp08.newsmemory.com\/gardaseezeitung_new\/de\/2021\/03\/15\/ein-neues-patrouillenboot-ist-im-einsatz-um-gardasee-zu-patrouillieren\/"},"modified":"2021-03-15T00:49:39","modified_gmt":"2020-10-16T00:49:39","slug":"ein-neues-patrouillenboot-ist-im-einsatz-um-gardasee-zu-patrouillieren","status":"publish","type":"post","link":"https:\/\/www.gardaseezeitung.it\/2021\/03\/15\/ein-neues-patrouillenboot-ist-im-einsatz-um-gardasee-zu-patrouillieren\/","title":{"rendered":"Ein neues Patrouillenboot ist im Einsatz, um Gardasee zu patrouillieren"},"content":{"rendered":"<p style=\"text-align: justify\">Die K\u00fcstenwache von Sal\u00f2 hat ein neues Patrouillenboot, um die K\u00fcsten und Gew\u00e4sser des Gardasees zu patrouillieren und die Sicherheit von Bootsfahrern, Badeg\u00e4sten und all jenen zu gew\u00e4hrleisten, die jedes Jahr die K\u00fcsten und Gew\u00e4sser des gr\u00f6\u00dften S\u00fc\u00dfwasserbeckens Italiens st\u00fcrmen. Das Patrouillenboot, das f\u00fcnfte bei der K\u00fcstenwache, traf am Donnerstag, den 11. M\u00e4rz, auf dem Gardasee ein. Es handelt sich um ein Patrouillenboot vom Typ CP 605, das mit einer Geschwindigkeit von 45 Knoten zu den schnellsten geh\u00f6rt, die je ausger\u00fcstet wurden und sich zu den anderen vier Marineeinheiten gesellt, die bereits bei der K\u00fcstenwache von Sal\u00f2 im Einsatz sind. In wenigen Tagen kann die Mannschaft mit den Trainings- und Akklimatisierungsaktivit\u00e4ten zur Vorbereitung auf die kommende Fr\u00fchjahrssaison beginnen. Aufgrund der Pandemie wurde die Preisverleihung auf einen sp\u00e4teren Zeitpunkt verschoben. Von den Beh\u00f6rden wurde die Pr\u00e4sidentin der Comunit\u00e0 del Garda, die neu ernannte Ministerin Mariastella Gelmini, erwartet.<\/p>\n<hr \/>\n<p>&nbsp;<\/p>\n","protected":false},"excerpt":{"rendered":"<p>Er ist der schnellste auf dem See<\/p>\n","protected":false},"author":9,"featured_media":6043,"comment_status":"open","ping_status":"open","sticky":false,"template":"","format":"standard","meta":[],"categories":[3],"tags":[502,503,25,23,26,504,167],"news-destination":[],"news-source":[],"is_homepage":[],"ta_other":[],"featured_media_details":{"width":974,"height":593,"file":"2021\/03\/Motovedetta.jpg","sizes":{"thumbnail":{"file":"Motovedetta-150x150.jpg","width":150,"height":150,"mime-type":"image\/jpeg","source_url":"https:\/\/www.gardaseezeitung.it\/gardaseezeitung_new\/de\/wp-content\/uploads\/sites\/2\/2021\/03\/Motovedetta-150x150.jpg"},"medium":{"file":"Motovedetta-300x183.jpg","width":300,"height":183,"mime-type":"image\/jpeg","source_url":"https:\/\/www.gardaseezeitung.it\/gardaseezeitung_new\/de\/wp-content\/uploads\/sites\/2\/2021\/03\/Motovedetta-300x183.jpg"},"medium_large":{"file":"Motovedetta-768x468.jpg","width":768,"height":468,"mime-type":"image\/jpeg","source_url":"https:\/\/www.gardaseezeitung.it\/gardaseezeitung_new\/de\/wp-content\/uploads\/sites\/2\/2021\/03\/Motovedetta-768x468.jpg"},"big_image":{"file":"Motovedetta-750x457.jpg","width":750,"height":457,"mime-type":"image\/jpeg","source_url":"https:\/\/www.gardaseezeitung.it\/gardaseezeitung_new\/de\/wp-content\/uploads\/sites\/2\/2021\/03\/Motovedetta-750x457.jpg"},"guest-author-32":{"file":"Motovedetta-32x32.jpg","width":32,"height":32,"mime-type":"image\/jpeg","source_url":"https:\/\/www.gardaseezeitung.it\/gardaseezeitung_new\/de\/wp-content\/uploads\/sites\/2\/2021\/03\/Motovedetta-32x32.jpg"},"guest-author-50":{"file":"Motovedetta-50x50.jpg","width":50,"height":50,"mime-type":"image\/jpeg","source_url":"https:\/\/www.gardaseezeitung.it\/gardaseezeitung_new\/de\/wp-content\/uploads\/sites\/2\/2021\/03\/Motovedetta-50x50.jpg"},"guest-author-64":{"file":"Motovedetta-64x64.jpg","width":64,"height":64,"mime-type":"image\/jpeg","source_url":"https:\/\/www.gardaseezeitung.it\/gardaseezeitung_new\/de\/wp-content\/uploads\/sites\/2\/2021\/03\/Motovedetta-64x64.jpg"},"guest-author-96":{"file":"Motovedetta-96x96.jpg","width":96,"height":96,"mime-type":"image\/jpeg","source_url":"https:\/\/www.gardaseezeitung.it\/gardaseezeitung_new\/de\/wp-content\/uploads\/sites\/2\/2021\/03\/Motovedetta-96x96.jpg"},"guest-author-128":{"file":"Motovedetta-128x128.jpg","width":128,"height":128,"mime-type":"image\/jpeg","source_url":"https:\/\/www.gardaseezeitung.it\/gardaseezeitung_new\/de\/wp-content\/uploads\/sites\/2\/2021\/03\/Motovedetta-128x128.jpg"},"full":{"file":"Motovedetta.jpg","width":974,"height":593,"mime_type":"","source_url":"https:\/\/www.gardaseezeitung.it\/gardaseezeitung_new\/de\/wp-content\/uploads\/sites\/2\/2021\/03\/Motovedetta.jpg"}},"image_meta":{"aperture":"4.5","credit":"","camera":"Canon PowerShot SX20 IS","caption":"","created_timestamp":"1373802176","copyright":"","focal_length":"18.021","iso":"80","shutter_speed":"0.0008","title":"","orientation":"1","keywords":[]}},"_links":{"self":[{"href":"https:\/\/www.gardaseezeitung.it\/gardaseezeitung_new\/de\/wp-json\/wp\/v2\/posts\/6044"}],"collection":[{"href":"https:\/\/www.gardaseezeitung.it\/gardaseezeitung_new\/de\/wp-json\/wp\/v2\/posts"}],"about":[{"href":"https:\/\/www.gardaseezeitung.it\/gardaseezeitung_new\/de\/wp-json\/wp\/v2\/types\/post"}],"author":[{"embeddable":true,"href":"https:\/\/www.gardaseezeitung.it\/gardaseezeitung_new\/de\/wp-json\/wp\/v2\/users\/9"}],"replies":[{"embeddable":true,"href":"https:\/\/www.gardaseezeitung.it\/gardaseezeitung_new\/de\/wp-json\/wp\/v2\/comments?post=6044"}],"version-history":[{"count":1,"href":"https:\/\/www.gardaseezeitung.it\/gardaseezeitung_new\/de\/wp-json\/wp\/v2\/posts\/6044\/revisions"}],"predecessor-version":[{"id":6045,"href":"https:\/\/www.gardaseezeitung.it\/gardaseezeitung_new\/de\/wp-json\/wp\/v2\/posts\/6044\/revisions\/6045"}],"wp:featuredmedia":[{"embeddable":true,"href":"https:\/\/www.gardaseezeitung.it\/gardaseezeitung_new\/de\/wp-json\/wp\/v2\/media\/6043"}],"wp:attachment":[{"href":"https:\/\/www.gardaseezeitung.it\/gardaseezeitung_new\/de\/wp-json\/wp\/v2\/media?parent=6044"}],"wp:term":[{"taxonomy":"category","embeddable":true,"href":"https:\/\/www.gardaseezeitung.it\/gardaseezeitung_new\/de\/wp-json\/wp\/v2\/categories?post=6044"},{"taxonomy":"post_tag","embeddable":true,"href":"https:\/\/www.gardaseezeitung.it\/gardaseezeitung_new\/de\/wp-json\/wp\/v2\/tags?post=6044"},{"taxonomy":"news-destination","embeddable":true,"href":"https:\/\/www.gardaseezeitung.it\/gardaseezeitung_new\/de\/wp-json\/wp\/v2\/news-destination?post=6044"},{"taxonomy":"news-source","embeddable":true,"href":"https:\/\/www.gardaseezeitung.it\/gardaseezeitung_new\/de\/wp-json\/wp\/v2\/news-source?post=6044"},{"taxonomy":"is_homepage","embeddable":true,"href":"https:\/\/www.gardaseezeitung.it\/gardaseezeitung_new\/de\/wp-json\/wp\/v2\/is_homepage?post=6044"},{"taxonomy":"ta_other","embeddable":true,"href":"https:\/\/www.gardaseezeitung.it\/gardaseezeitung_new\/de\/wp-json\/wp\/v2\/ta_other?post=6044"}],"curies":[{"name":"wp","href":"https:\/\/api.w.org\/{rel}","templated":true}]}}