{"id":6065,"date":"2021-03-16T19:34:59","date_gmt":"2021-03-16T18:34:59","guid":{"rendered":"http:\/\/euwp08.newsmemory.com\/gardaseezeitung_new\/de\/2021\/03\/16\/die-54-ausgabe-der-vinitaly-wird-auf-april-2022-verschoben\/"},"modified":"2021-03-16T19:35:02","modified_gmt":"2020-10-17T19:35:02","slug":"die-54-ausgabe-der-vinitaly-wird-auf-april-2022-verschoben","status":"publish","type":"post","link":"https:\/\/www.gardaseezeitung.it\/2021\/03\/16\/die-54-ausgabe-der-vinitaly-wird-auf-april-2022-verschoben\/","title":{"rendered":"Die 54. Ausgabe der Vinitaly wird auf April 2022 verschoben"},"content":{"rendered":"<p style=\"text-align: justify\">Die Organisatoren der Vinitaly haben die 54. Ausgabe der Internationalen Ausstellung f\u00fcr Weine und Spirituosen, die vom 10. bis 13. April n\u00e4chsten Jahres geplant war, endg\u00fcltig auf 2022 verschoben. &#8222;Die st\u00e4ndigen Unsicherheiten im nationalen und internationalen Szenario und die Fortsetzung der Verbote haben uns dazu veranlasst, die 54. Ausgabe der Messe im Jahr 2022 endg\u00fcltig zu verschieben&#8220;, sagte Pr\u00e4sident Maurizio Danese und best\u00e4tigte stattdessen die Daten der Opera Wine, die im n\u00e4chsten Jahr am 19. und 20. Juni stattfinden wird.<\/p>\n<hr \/>\n<p>&nbsp;<\/p>\n","protected":false},"excerpt":{"rendered":"<p>Die Termine 19. und 20. Juni 2021 sind f\u00fcr Opera Wine best\u00e4tigt<\/p>\n","protected":false},"author":9,"featured_media":3080,"comment_status":"open","ping_status":"open","sticky":false,"template":"","format":"standard","meta":[],"categories":[2],"tags":[23,26,517,38,518,286,199],"news-destination":[],"news-source":[],"is_homepage":[],"ta_other":[],"featured_media_details":{"width":1024,"height":768,"file":"2021\/03\/b4b7672f43488109718f0e46d397ffd1.jpg","sizes":{"thumbnail":{"file":"b4b7672f43488109718f0e46d397ffd1-150x150.jpg","width":150,"height":150,"mime-type":"image\/jpeg","source_url":"https:\/\/www.gardaseezeitung.it\/gardaseezeitung_new\/de\/wp-content\/uploads\/sites\/2\/2021\/03\/b4b7672f43488109718f0e46d397ffd1-150x150.jpg"},"medium":{"file":"b4b7672f43488109718f0e46d397ffd1-300x225.jpg","width":300,"height":225,"mime-type":"image\/jpeg","source_url":"https:\/\/www.gardaseezeitung.it\/gardaseezeitung_new\/de\/wp-content\/uploads\/sites\/2\/2021\/03\/b4b7672f43488109718f0e46d397ffd1-300x225.jpg"},"medium_large":{"file":"b4b7672f43488109718f0e46d397ffd1-768x576.jpg","width":768,"height":576,"mime-type":"image\/jpeg","source_url":"https:\/\/www.gardaseezeitung.it\/gardaseezeitung_new\/de\/wp-content\/uploads\/sites\/2\/2021\/03\/b4b7672f43488109718f0e46d397ffd1-768x576.jpg"},"large":{"file":"b4b7672f43488109718f0e46d397ffd1-1024x768.jpg","width":1024,"height":768,"mime-type":"image\/jpeg","source_url":"https:\/\/www.gardaseezeitung.it\/gardaseezeitung_new\/de\/wp-content\/uploads\/sites\/2\/2021\/03\/b4b7672f43488109718f0e46d397ffd1-1024x768.jpg"},"big_image":{"file":"b4b7672f43488109718f0e46d397ffd1-750x563.jpg","width":750,"height":563,"mime-type":"image\/jpeg","source_url":"https:\/\/www.gardaseezeitung.it\/gardaseezeitung_new\/de\/wp-content\/uploads\/sites\/2\/2021\/03\/b4b7672f43488109718f0e46d397ffd1-750x563.jpg"},"guest-author-32":{"file":"b4b7672f43488109718f0e46d397ffd1-32x32.jpg","width":32,"height":32,"mime-type":"image\/jpeg","source_url":"https:\/\/www.gardaseezeitung.it\/gardaseezeitung_new\/de\/wp-content\/uploads\/sites\/2\/2021\/03\/b4b7672f43488109718f0e46d397ffd1-32x32.jpg"},"guest-author-50":{"file":"b4b7672f43488109718f0e46d397ffd1-50x50.jpg","width":50,"height":50,"mime-type":"image\/jpeg","source_url":"https:\/\/www.gardaseezeitung.it\/gardaseezeitung_new\/de\/wp-content\/uploads\/sites\/2\/2021\/03\/b4b7672f43488109718f0e46d397ffd1-50x50.jpg"},"guest-author-64":{"file":"b4b7672f43488109718f0e46d397ffd1-64x64.jpg","width":64,"height":64,"mime-type":"image\/jpeg","source_url":"https:\/\/www.gardaseezeitung.it\/gardaseezeitung_new\/de\/wp-content\/uploads\/sites\/2\/2021\/03\/b4b7672f43488109718f0e46d397ffd1-64x64.jpg"},"guest-author-96":{"file":"b4b7672f43488109718f0e46d397ffd1-96x96.jpg","width":96,"height":96,"mime-type":"image\/jpeg","source_url":"https:\/\/www.gardaseezeitung.it\/gardaseezeitung_new\/de\/wp-content\/uploads\/sites\/2\/2021\/03\/b4b7672f43488109718f0e46d397ffd1-96x96.jpg"},"guest-author-128":{"file":"b4b7672f43488109718f0e46d397ffd1-128x128.jpg","width":128,"height":128,"mime-type":"image\/jpeg","source_url":"https:\/\/www.gardaseezeitung.it\/gardaseezeitung_new\/de\/wp-content\/uploads\/sites\/2\/2021\/03\/b4b7672f43488109718f0e46d397ffd1-128x128.jpg"},"full":{"file":"b4b7672f43488109718f0e46d397ffd1.jpg","width":1024,"height":768,"mime_type":"","source_url":"https:\/\/www.gardaseezeitung.it\/gardaseezeitung_new\/de\/wp-content\/uploads\/sites\/2\/2021\/03\/b4b7672f43488109718f0e46d397ffd1.jpg"}},"image_meta":{"aperture":"0","credit":"","camera":"","caption":"","created_timestamp":"0","copyright":"","focal_length":"0","iso":"0","shutter_speed":"0","title":"","orientation":"0","keywords":[]}},"_links":{"self":[{"href":"https:\/\/www.gardaseezeitung.it\/gardaseezeitung_new\/de\/wp-json\/wp\/v2\/posts\/6065"}],"collection":[{"href":"https:\/\/www.gardaseezeitung.it\/gardaseezeitung_new\/de\/wp-json\/wp\/v2\/posts"}],"about":[{"href":"https:\/\/www.gardaseezeitung.it\/gardaseezeitung_new\/de\/wp-json\/wp\/v2\/types\/post"}],"author":[{"embeddable":true,"href":"https:\/\/www.gardaseezeitung.it\/gardaseezeitung_new\/de\/wp-json\/wp\/v2\/users\/9"}],"replies":[{"embeddable":true,"href":"https:\/\/www.gardaseezeitung.it\/gardaseezeitung_new\/de\/wp-json\/wp\/v2\/comments?post=6065"}],"version-history":[{"count":1,"href":"https:\/\/www.gardaseezeitung.it\/gardaseezeitung_new\/de\/wp-json\/wp\/v2\/posts\/6065\/revisions"}],"predecessor-version":[{"id":6066,"href":"https:\/\/www.gardaseezeitung.it\/gardaseezeitung_new\/de\/wp-json\/wp\/v2\/posts\/6065\/revisions\/6066"}],"wp:featuredmedia":[{"embeddable":true,"href":"https:\/\/www.gardaseezeitung.it\/gardaseezeitung_new\/de\/wp-json\/wp\/v2\/media\/3080"}],"wp:attachment":[{"href":"https:\/\/www.gardaseezeitung.it\/gardaseezeitung_new\/de\/wp-json\/wp\/v2\/media?parent=6065"}],"wp:term":[{"taxonomy":"category","embeddable":true,"href":"https:\/\/www.gardaseezeitung.it\/gardaseezeitung_new\/de\/wp-json\/wp\/v2\/categories?post=6065"},{"taxonomy":"post_tag","embeddable":true,"href":"https:\/\/www.gardaseezeitung.it\/gardaseezeitung_new\/de\/wp-json\/wp\/v2\/tags?post=6065"},{"taxonomy":"news-destination","embeddable":true,"href":"https:\/\/www.gardaseezeitung.it\/gardaseezeitung_new\/de\/wp-json\/wp\/v2\/news-destination?post=6065"},{"taxonomy":"news-source","embeddable":true,"href":"https:\/\/www.gardaseezeitung.it\/gardaseezeitung_new\/de\/wp-json\/wp\/v2\/news-source?post=6065"},{"taxonomy":"is_homepage","embeddable":true,"href":"https:\/\/www.gardaseezeitung.it\/gardaseezeitung_new\/de\/wp-json\/wp\/v2\/is_homepage?post=6065"},{"taxonomy":"ta_other","embeddable":true,"href":"https:\/\/www.gardaseezeitung.it\/gardaseezeitung_new\/de\/wp-json\/wp\/v2\/ta_other?post=6065"}],"curies":[{"name":"wp","href":"https:\/\/api.w.org\/{rel}","templated":true}]}}