{"id":6069,"date":"2021-03-17T11:07:53","date_gmt":"2021-03-17T10:07:53","guid":{"rendered":"http:\/\/euwp08.newsmemory.com\/gardaseezeitung_new\/de\/2021\/03\/17\/die-idee-eines-umfassenden-museums-der-schlachten-des-risorgimento-nimmt-gestalt\/"},"modified":"2021-03-17T11:07:54","modified_gmt":"2020-10-18T11:07:54","slug":"die-idee-eines-umfassenden-museums-der-schlachten-des-risorgimento-nimmt-gestalt","status":"publish","type":"post","link":"https:\/\/www.gardaseezeitung.it\/2021\/03\/17\/die-idee-eines-umfassenden-museums-der-schlachten-des-risorgimento-nimmt-gestalt\/","title":{"rendered":"Die Idee eines umfassenden Museums der Schlachten des Risorgimento nimmt Gestalt an"},"content":{"rendered":"<p style=\"text-align: justify\">Der letzte Ort, der sich dem Projekt in der Reihenfolge der Zeit anschlie\u00dft, ist Pastrengo, der durch das Vorhandensein antiker Festungen gekennzeichnet ist und f\u00fcr den Ansturm der Carabinieri-Kavallerie bekannt ist, der am 30. April 1848 w\u00e4hrend des ersten italienischen Unabh\u00e4ngigkeitskrieges stattfand. K\u00f6nig Carlo Alberto wurde von einer Gruppe kaiserlicher Soldaten angegriffen, die unter dem Befehl von Feldmarschall Radetzky standen. Drei Schwadronen Carabinieri der k\u00f6niglichen Garde starteten einen \u00fcberw\u00e4ltigenden Ansturm, der es K\u00f6nig Carlo Alberto erm\u00f6glichte, sich an einen sicheren Ort zu fl\u00fcchten. An dieses Ereignis wird jedes Jahr mit Zeremonien und Veranstaltungen erinnert. Die Initiative des &#8222;Museo Diffuso del Risorgimento&#8220; ging von der Gemeinde Sommacampagna aus und umfasst heute Pastrengo, Castelnuovo, Curtatone, Goito, Monzambano, Peschiera, Ponti sul Mincio, Sona, Valeggio sul Mincio, Villafranca di Verona und Volta Mantovana. Dieses Gebiet war Schauplatz der Feldz\u00fcge von 1848, 1859 und 1866.<\/p>\n<hr \/>\n<p>&nbsp;<\/p>\n","protected":false},"excerpt":{"rendered":"<p>An dem Projekt sind mehrere Gardasee-Gemeinden beteiligt, mit dem Ziel, eine historische, landschaftliche und enogastronomische Route zu schaffen<\/p>\n","protected":false},"author":9,"featured_media":6068,"comment_status":"open","ping_status":"open","sticky":false,"template":"","format":"standard","meta":[],"categories":[4],"tags":[519,381,520,521,522,523,524,190,525,526,527,528,529,269,530,531],"news-destination":[],"news-source":[],"is_homepage":[],"ta_other":[],"featured_media_details":{"width":1024,"height":460,"file":"2021\/03\/pastrengo-caricawww.jpg","sizes":{"thumbnail":{"file":"pastrengo-caricawww-150x150.jpg","width":150,"height":150,"mime-type":"image\/jpeg","source_url":"https:\/\/www.gardaseezeitung.it\/gardaseezeitung_new\/de\/wp-content\/uploads\/sites\/2\/2021\/03\/pastrengo-caricawww-150x150.jpg"},"medium":{"file":"pastrengo-caricawww-300x135.jpg","width":300,"height":135,"mime-type":"image\/jpeg","source_url":"https:\/\/www.gardaseezeitung.it\/gardaseezeitung_new\/de\/wp-content\/uploads\/sites\/2\/2021\/03\/pastrengo-caricawww-300x135.jpg"},"medium_large":{"file":"pastrengo-caricawww-768x345.jpg","width":768,"height":345,"mime-type":"image\/jpeg","source_url":"https:\/\/www.gardaseezeitung.it\/gardaseezeitung_new\/de\/wp-content\/uploads\/sites\/2\/2021\/03\/pastrengo-caricawww-768x345.jpg"},"large":{"file":"pastrengo-caricawww-1024x460.jpg","width":1024,"height":460,"mime-type":"image\/jpeg","source_url":"https:\/\/www.gardaseezeitung.it\/gardaseezeitung_new\/de\/wp-content\/uploads\/sites\/2\/2021\/03\/pastrengo-caricawww-1024x460.jpg"},"big_image":{"file":"pastrengo-caricawww-750x337.jpg","width":750,"height":337,"mime-type":"image\/jpeg","source_url":"https:\/\/www.gardaseezeitung.it\/gardaseezeitung_new\/de\/wp-content\/uploads\/sites\/2\/2021\/03\/pastrengo-caricawww-750x337.jpg"},"guest-author-32":{"file":"pastrengo-caricawww-32x32.jpg","width":32,"height":32,"mime-type":"image\/jpeg","source_url":"https:\/\/www.gardaseezeitung.it\/gardaseezeitung_new\/de\/wp-content\/uploads\/sites\/2\/2021\/03\/pastrengo-caricawww-32x32.jpg"},"guest-author-50":{"file":"pastrengo-caricawww-50x50.jpg","width":50,"height":50,"mime-type":"image\/jpeg","source_url":"https:\/\/www.gardaseezeitung.it\/gardaseezeitung_new\/de\/wp-content\/uploads\/sites\/2\/2021\/03\/pastrengo-caricawww-50x50.jpg"},"guest-author-64":{"file":"pastrengo-caricawww-64x64.jpg","width":64,"height":64,"mime-type":"image\/jpeg","source_url":"https:\/\/www.gardaseezeitung.it\/gardaseezeitung_new\/de\/wp-content\/uploads\/sites\/2\/2021\/03\/pastrengo-caricawww-64x64.jpg"},"guest-author-96":{"file":"pastrengo-caricawww-96x96.jpg","width":96,"height":96,"mime-type":"image\/jpeg","source_url":"https:\/\/www.gardaseezeitung.it\/gardaseezeitung_new\/de\/wp-content\/uploads\/sites\/2\/2021\/03\/pastrengo-caricawww-96x96.jpg"},"guest-author-128":{"file":"pastrengo-caricawww-128x128.jpg","width":128,"height":128,"mime-type":"image\/jpeg","source_url":"https:\/\/www.gardaseezeitung.it\/gardaseezeitung_new\/de\/wp-content\/uploads\/sites\/2\/2021\/03\/pastrengo-caricawww-128x128.jpg"},"full":{"file":"pastrengo-caricawww.jpg","width":1024,"height":460,"mime_type":"","source_url":"https:\/\/www.gardaseezeitung.it\/gardaseezeitung_new\/de\/wp-content\/uploads\/sites\/2\/2021\/03\/pastrengo-caricawww.jpg"}},"image_meta":{"aperture":"5.2","credit":"","camera":"COOLPIX P1","caption":"","created_timestamp":"1241087649","copyright":"","focal_length":"26.3","iso":"50","shutter_speed":"0.0047058823529412","title":"","orientation":"1","keywords":[]}},"_links":{"self":[{"href":"https:\/\/www.gardaseezeitung.it\/gardaseezeitung_new\/de\/wp-json\/wp\/v2\/posts\/6069"}],"collection":[{"href":"https:\/\/www.gardaseezeitung.it\/gardaseezeitung_new\/de\/wp-json\/wp\/v2\/posts"}],"about":[{"href":"https:\/\/www.gardaseezeitung.it\/gardaseezeitung_new\/de\/wp-json\/wp\/v2\/types\/post"}],"author":[{"embeddable":true,"href":"https:\/\/www.gardaseezeitung.it\/gardaseezeitung_new\/de\/wp-json\/wp\/v2\/users\/9"}],"replies":[{"embeddable":true,"href":"https:\/\/www.gardaseezeitung.it\/gardaseezeitung_new\/de\/wp-json\/wp\/v2\/comments?post=6069"}],"version-history":[{"count":1,"href":"https:\/\/www.gardaseezeitung.it\/gardaseezeitung_new\/de\/wp-json\/wp\/v2\/posts\/6069\/revisions"}],"predecessor-version":[{"id":6070,"href":"https:\/\/www.gardaseezeitung.it\/gardaseezeitung_new\/de\/wp-json\/wp\/v2\/posts\/6069\/revisions\/6070"}],"wp:featuredmedia":[{"embeddable":true,"href":"https:\/\/www.gardaseezeitung.it\/gardaseezeitung_new\/de\/wp-json\/wp\/v2\/media\/6068"}],"wp:attachment":[{"href":"https:\/\/www.gardaseezeitung.it\/gardaseezeitung_new\/de\/wp-json\/wp\/v2\/media?parent=6069"}],"wp:term":[{"taxonomy":"category","embeddable":true,"href":"https:\/\/www.gardaseezeitung.it\/gardaseezeitung_new\/de\/wp-json\/wp\/v2\/categories?post=6069"},{"taxonomy":"post_tag","embeddable":true,"href":"https:\/\/www.gardaseezeitung.it\/gardaseezeitung_new\/de\/wp-json\/wp\/v2\/tags?post=6069"},{"taxonomy":"news-destination","embeddable":true,"href":"https:\/\/www.gardaseezeitung.it\/gardaseezeitung_new\/de\/wp-json\/wp\/v2\/news-destination?post=6069"},{"taxonomy":"news-source","embeddable":true,"href":"https:\/\/www.gardaseezeitung.it\/gardaseezeitung_new\/de\/wp-json\/wp\/v2\/news-source?post=6069"},{"taxonomy":"is_homepage","embeddable":true,"href":"https:\/\/www.gardaseezeitung.it\/gardaseezeitung_new\/de\/wp-json\/wp\/v2\/is_homepage?post=6069"},{"taxonomy":"ta_other","embeddable":true,"href":"https:\/\/www.gardaseezeitung.it\/gardaseezeitung_new\/de\/wp-json\/wp\/v2\/ta_other?post=6069"}],"curies":[{"name":"wp","href":"https:\/\/api.w.org\/{rel}","templated":true}]}}