{"id":6079,"date":"2021-03-19T14:40:01","date_gmt":"2021-03-19T13:40:01","guid":{"rendered":"http:\/\/euwp08.newsmemory.com\/gardaseezeitung_new\/de\/2021\/03\/19\/italien-feiert-heute-den-vatertag\/"},"modified":"2021-03-19T14:45:33","modified_gmt":"2020-10-20T14:45:33","slug":"italien-feiert-heute-den-vatertag","status":"publish","type":"post","link":"https:\/\/www.gardaseezeitung.it\/2021\/03\/19\/italien-feiert-heute-den-vatertag\/","title":{"rendered":"Italien feiert heute den Vatertag"},"content":{"rendered":"<p style=\"text-align: justify\">Das Datum des Vatertags ist weltweit nicht einheitlich&#8230; z.B. in Finnland wird er im November gefeiert und in Russland im Februar. In Deutschland wird er an Christi Himmelfahrt gefeiert und f\u00e4llt damit immer auf den Donnerstag 40 Tage nach Ostern. In Italien, Spanien, Portugal und im Tessin (CH) wird er am 19. M\u00e4rz, dem Fest des hl.\u00a0Josef &#8211; nach der Bibel der Pflegevater\u00a0von Jesus &#8211;\u00a0\u00a0gefeiert. In mehreren Regionen Italiens wird an diesem Tag ein traditionelles Geb\u00e4ck gegessen: die &#8222;Zeppole von San Giuseppe&#8220;.<\/p>\n<p style=\"text-align: justify\">Hier verraten wir Ihnen ein Rezept dieses leckeren Geb\u00e4cks.<br \/>\n<strong>Zutaten &#8211;<\/strong>\u00a0120 g Wasser; 2 mittelgro\u00dfe Eier; 75g Mehl; 60g Butter; 1 Prise Salz; 350g Vanillepudding; in Sirup eingelegte Kirschen; Puderzucker; <em>1 Spritzbeutel Durchmesser von 8\/10 mm<\/em>.<br \/>\n<strong>Vorbereitung &#8211;\u00a0<\/strong>In einem Topf das Wasser zum Kochen bringen, Butter und Salz dazugeben. Den Topf vom der Herdplatte nehmen und das Mehl langsam einr\u00fchren. Topf wieder auf den Herd stellen und gut r\u00fchren.Wenn auf dem Boden des Topfes ein wei\u00dfer Schleier des Teiges sichtbar ist und es leicht zu brutzeln beginnt, ist er fertig. Abk\u00fchlen lassen und danach Eier dazugeben. Wenn der Teig nun eine gl\u00e4nzende, klebrige Masse ergibt, wird der Spritzbeutel damit gef\u00fcllt. Die Masse auf einem mit Backpapier ausgestatteten Backblech in Form von kleinen Kronen aufspritzen. Im vorgeheizten Backofen bei 220 Grad Hitze 10 Minuten lang backen, danach auf 180 Grad runterdrehen und\u00a0weitere 30-35 Min. backen. Abk\u00fchlen lassen, Vanillepudding in den Spritzbeutel f\u00fcllen und auf die Zeppole verteilen, mit dem Puderzucker best\u00e4uben und mit Kirschen garnieren. Zum Schluss\u2026 geniessen Sie dieses leckere Geb\u00e4ckst\u00fcck!!!<\/p>\n<hr \/>\n<p>&nbsp;<\/p>\n","protected":false},"excerpt":{"rendered":"<p>Unsere Freunde von AITI erinnern uns an das Rezept des Tages, um den italienischen Stil zu feiern<\/p>\n","protected":false},"author":9,"featured_media":6078,"comment_status":"open","ping_status":"open","sticky":false,"template":"","format":"standard","meta":[],"categories":[6],"tags":[359,25,23,26,532,533],"news-destination":[],"news-source":[],"is_homepage":[],"ta_other":[],"featured_media_details":{"width":1095,"height":638,"file":"2021\/03\/zeppole-di-san-giuseppe.jpg","sizes":{"thumbnail":{"file":"zeppole-di-san-giuseppe-150x150.jpg","width":150,"height":150,"mime-type":"image\/jpeg","source_url":"https:\/\/www.gardaseezeitung.it\/gardaseezeitung_new\/de\/wp-content\/uploads\/sites\/2\/2021\/03\/zeppole-di-san-giuseppe-150x150.jpg"},"medium":{"file":"zeppole-di-san-giuseppe-300x175.jpg","width":300,"height":175,"mime-type":"image\/jpeg","source_url":"https:\/\/www.gardaseezeitung.it\/gardaseezeitung_new\/de\/wp-content\/uploads\/sites\/2\/2021\/03\/zeppole-di-san-giuseppe-300x175.jpg"},"medium_large":{"file":"zeppole-di-san-giuseppe-768x447.jpg","width":768,"height":447,"mime-type":"image\/jpeg","source_url":"https:\/\/www.gardaseezeitung.it\/gardaseezeitung_new\/de\/wp-content\/uploads\/sites\/2\/2021\/03\/zeppole-di-san-giuseppe-768x447.jpg"},"large":{"file":"zeppole-di-san-giuseppe-1024x597.jpg","width":1024,"height":597,"mime-type":"image\/jpeg","source_url":"https:\/\/www.gardaseezeitung.it\/gardaseezeitung_new\/de\/wp-content\/uploads\/sites\/2\/2021\/03\/zeppole-di-san-giuseppe-1024x597.jpg"},"big_image":{"file":"zeppole-di-san-giuseppe-750x437.jpg","width":750,"height":437,"mime-type":"image\/jpeg","source_url":"https:\/\/www.gardaseezeitung.it\/gardaseezeitung_new\/de\/wp-content\/uploads\/sites\/2\/2021\/03\/zeppole-di-san-giuseppe-750x437.jpg"},"guest-author-32":{"file":"zeppole-di-san-giuseppe-32x32.jpg","width":32,"height":32,"mime-type":"image\/jpeg","source_url":"https:\/\/www.gardaseezeitung.it\/gardaseezeitung_new\/de\/wp-content\/uploads\/sites\/2\/2021\/03\/zeppole-di-san-giuseppe-32x32.jpg"},"guest-author-50":{"file":"zeppole-di-san-giuseppe-50x50.jpg","width":50,"height":50,"mime-type":"image\/jpeg","source_url":"https:\/\/www.gardaseezeitung.it\/gardaseezeitung_new\/de\/wp-content\/uploads\/sites\/2\/2021\/03\/zeppole-di-san-giuseppe-50x50.jpg"},"guest-author-64":{"file":"zeppole-di-san-giuseppe-64x64.jpg","width":64,"height":64,"mime-type":"image\/jpeg","source_url":"https:\/\/www.gardaseezeitung.it\/gardaseezeitung_new\/de\/wp-content\/uploads\/sites\/2\/2021\/03\/zeppole-di-san-giuseppe-64x64.jpg"},"guest-author-96":{"file":"zeppole-di-san-giuseppe-96x96.jpg","width":96,"height":96,"mime-type":"image\/jpeg","source_url":"https:\/\/www.gardaseezeitung.it\/gardaseezeitung_new\/de\/wp-content\/uploads\/sites\/2\/2021\/03\/zeppole-di-san-giuseppe-96x96.jpg"},"guest-author-128":{"file":"zeppole-di-san-giuseppe-128x128.jpg","width":128,"height":128,"mime-type":"image\/jpeg","source_url":"https:\/\/www.gardaseezeitung.it\/gardaseezeitung_new\/de\/wp-content\/uploads\/sites\/2\/2021\/03\/zeppole-di-san-giuseppe-128x128.jpg"},"full":{"file":"zeppole-di-san-giuseppe.jpg","width":1095,"height":638,"mime_type":"","source_url":"https:\/\/www.gardaseezeitung.it\/gardaseezeitung_new\/de\/wp-content\/uploads\/sites\/2\/2021\/03\/zeppole-di-san-giuseppe.jpg"}},"image_meta":{"aperture":"5.6","credit":"","camera":"Canon EOS 600D","caption":"","created_timestamp":"1552932058","copyright":"","focal_length":"40","iso":"640","shutter_speed":"0.0125","title":"","orientation":"1","keywords":[]}},"_links":{"self":[{"href":"https:\/\/www.gardaseezeitung.it\/gardaseezeitung_new\/de\/wp-json\/wp\/v2\/posts\/6079"}],"collection":[{"href":"https:\/\/www.gardaseezeitung.it\/gardaseezeitung_new\/de\/wp-json\/wp\/v2\/posts"}],"about":[{"href":"https:\/\/www.gardaseezeitung.it\/gardaseezeitung_new\/de\/wp-json\/wp\/v2\/types\/post"}],"author":[{"embeddable":true,"href":"https:\/\/www.gardaseezeitung.it\/gardaseezeitung_new\/de\/wp-json\/wp\/v2\/users\/9"}],"replies":[{"embeddable":true,"href":"https:\/\/www.gardaseezeitung.it\/gardaseezeitung_new\/de\/wp-json\/wp\/v2\/comments?post=6079"}],"version-history":[{"count":1,"href":"https:\/\/www.gardaseezeitung.it\/gardaseezeitung_new\/de\/wp-json\/wp\/v2\/posts\/6079\/revisions"}],"predecessor-version":[{"id":6080,"href":"https:\/\/www.gardaseezeitung.it\/gardaseezeitung_new\/de\/wp-json\/wp\/v2\/posts\/6079\/revisions\/6080"}],"wp:featuredmedia":[{"embeddable":true,"href":"https:\/\/www.gardaseezeitung.it\/gardaseezeitung_new\/de\/wp-json\/wp\/v2\/media\/6078"}],"wp:attachment":[{"href":"https:\/\/www.gardaseezeitung.it\/gardaseezeitung_new\/de\/wp-json\/wp\/v2\/media?parent=6079"}],"wp:term":[{"taxonomy":"category","embeddable":true,"href":"https:\/\/www.gardaseezeitung.it\/gardaseezeitung_new\/de\/wp-json\/wp\/v2\/categories?post=6079"},{"taxonomy":"post_tag","embeddable":true,"href":"https:\/\/www.gardaseezeitung.it\/gardaseezeitung_new\/de\/wp-json\/wp\/v2\/tags?post=6079"},{"taxonomy":"news-destination","embeddable":true,"href":"https:\/\/www.gardaseezeitung.it\/gardaseezeitung_new\/de\/wp-json\/wp\/v2\/news-destination?post=6079"},{"taxonomy":"news-source","embeddable":true,"href":"https:\/\/www.gardaseezeitung.it\/gardaseezeitung_new\/de\/wp-json\/wp\/v2\/news-source?post=6079"},{"taxonomy":"is_homepage","embeddable":true,"href":"https:\/\/www.gardaseezeitung.it\/gardaseezeitung_new\/de\/wp-json\/wp\/v2\/is_homepage?post=6079"},{"taxonomy":"ta_other","embeddable":true,"href":"https:\/\/www.gardaseezeitung.it\/gardaseezeitung_new\/de\/wp-json\/wp\/v2\/ta_other?post=6079"}],"curies":[{"name":"wp","href":"https:\/\/api.w.org\/{rel}","templated":true}]}}