{"id":6118,"date":"2021-03-25T04:56:02","date_gmt":"2021-03-25T03:56:02","guid":{"rendered":"http:\/\/euwp08.newsmemory.com\/gardaseezeitung_new\/de\/2021\/03\/24\/freitag-26-maerz-navigarda-faehrenfahrten-aendern-zeiten\/"},"modified":"2021-03-25T04:56:15","modified_gmt":"2020-10-26T04:56:15","slug":"freitag-26-maerz-navigarda-faehrenfahrten-aendern-zeiten","status":"publish","type":"post","link":"https:\/\/www.gardaseezeitung.it\/2021\/03\/25\/freitag-26-maerz-navigarda-faehrenfahrten-aendern-zeiten\/","title":{"rendered":"Freitag, 26. M\u00e4rz Navigarda F\u00e4hrenfahrten \u00e4ndern Zeiten"},"content":{"rendered":"<p style=\"text-align: justify\">Die Belegschaft von Navigarda beteiligt sich an dem f\u00fcr diesen Freitag ausgerufenen landesweiten Streik zur Verl\u00e4ngerung des Vertrages. Die Arbeitsniederlegung der Besatzung wird von 11.15 bis 15.30 Uhr sein, w\u00e4hrend sie f\u00fcr Arbeiter und Angestellte den ganzen Tag andauern wird, wobei jedoch &#8222;die Bedienung aller Fahrzeuge, die innerhalb der von der geltenden Gesetzgebung vorgesehenen Bandbreiten abfahren und ankommen&#8220;, garantiert wird. Die F\u00e4hrverbindung Maderno-Torri-Maderno mit den Linien 207-208T wird eingestellt, w\u00e4hrend die Linien 201-202-211-212T garantiert werden. Informationen an den Vorverkaufsstellen oder bei Direzione Navigarda (Tel. 030.9149511 &#8211; geb\u00fchrenfreie Rufnummer 800.551801).<\/p>\n<hr \/>\n<p>&nbsp;<\/p>\n","protected":false},"excerpt":{"rendered":"<p>Variationen aufgrund eines Personalstreiks. M\u00f6gliche Aussetzung auf der Strecke Maderno-Torri-Maderno<\/p>\n","protected":false},"author":9,"featured_media":3258,"comment_status":"open","ping_status":"open","sticky":false,"template":"","format":"standard","meta":[],"categories":[2,3],"tags":[128],"news-destination":[],"news-source":[],"is_homepage":[],"ta_other":[],"featured_media_details":{"width":1024,"height":768,"file":"2020\/08\/5e3c708cc459ee34e0b899a94b2cf37f.jpg","sizes":{"thumbnail":{"file":"5e3c708cc459ee34e0b899a94b2cf37f-150x150.jpg","width":150,"height":150,"mime-type":"image\/jpeg","source_url":"https:\/\/www.gardaseezeitung.it\/gardaseezeitung_new\/de\/wp-content\/uploads\/sites\/2\/2019\/10\/5e3c708cc459ee34e0b899a94b2cf37f-150x150.jpg"},"medium":{"file":"5e3c708cc459ee34e0b899a94b2cf37f-300x225.jpg","width":300,"height":225,"mime-type":"image\/jpeg","source_url":"https:\/\/www.gardaseezeitung.it\/gardaseezeitung_new\/de\/wp-content\/uploads\/sites\/2\/2019\/10\/5e3c708cc459ee34e0b899a94b2cf37f-300x225.jpg"},"medium_large":{"file":"5e3c708cc459ee34e0b899a94b2cf37f-768x576.jpg","width":768,"height":576,"mime-type":"image\/jpeg","source_url":"https:\/\/www.gardaseezeitung.it\/gardaseezeitung_new\/de\/wp-content\/uploads\/sites\/2\/2019\/10\/5e3c708cc459ee34e0b899a94b2cf37f-768x576.jpg"},"large":{"file":"5e3c708cc459ee34e0b899a94b2cf37f-1024x768.jpg","width":1024,"height":768,"mime-type":"image\/jpeg","source_url":"https:\/\/www.gardaseezeitung.it\/gardaseezeitung_new\/de\/wp-content\/uploads\/sites\/2\/2019\/10\/5e3c708cc459ee34e0b899a94b2cf37f-1024x768.jpg"},"big_image":{"file":"5e3c708cc459ee34e0b899a94b2cf37f-750x563.jpg","width":750,"height":563,"mime-type":"image\/jpeg","source_url":"https:\/\/www.gardaseezeitung.it\/gardaseezeitung_new\/de\/wp-content\/uploads\/sites\/2\/2019\/10\/5e3c708cc459ee34e0b899a94b2cf37f-750x563.jpg"},"guest-author-32":{"file":"5e3c708cc459ee34e0b899a94b2cf37f-32x32.jpg","width":32,"height":32,"mime-type":"image\/jpeg","source_url":"https:\/\/www.gardaseezeitung.it\/gardaseezeitung_new\/de\/wp-content\/uploads\/sites\/2\/2019\/10\/5e3c708cc459ee34e0b899a94b2cf37f-32x32.jpg"},"guest-author-50":{"file":"5e3c708cc459ee34e0b899a94b2cf37f-50x50.jpg","width":50,"height":50,"mime-type":"image\/jpeg","source_url":"https:\/\/www.gardaseezeitung.it\/gardaseezeitung_new\/de\/wp-content\/uploads\/sites\/2\/2019\/10\/5e3c708cc459ee34e0b899a94b2cf37f-50x50.jpg"},"guest-author-64":{"file":"5e3c708cc459ee34e0b899a94b2cf37f-64x64.jpg","width":64,"height":64,"mime-type":"image\/jpeg","source_url":"https:\/\/www.gardaseezeitung.it\/gardaseezeitung_new\/de\/wp-content\/uploads\/sites\/2\/2019\/10\/5e3c708cc459ee34e0b899a94b2cf37f-64x64.jpg"},"guest-author-96":{"file":"5e3c708cc459ee34e0b899a94b2cf37f-96x96.jpg","width":96,"height":96,"mime-type":"image\/jpeg","source_url":"https:\/\/www.gardaseezeitung.it\/gardaseezeitung_new\/de\/wp-content\/uploads\/sites\/2\/2019\/10\/5e3c708cc459ee34e0b899a94b2cf37f-96x96.jpg"},"guest-author-128":{"file":"5e3c708cc459ee34e0b899a94b2cf37f-128x128.jpg","width":128,"height":128,"mime-type":"image\/jpeg","source_url":"https:\/\/www.gardaseezeitung.it\/gardaseezeitung_new\/de\/wp-content\/uploads\/sites\/2\/2019\/10\/5e3c708cc459ee34e0b899a94b2cf37f-128x128.jpg"},"full":{"file":"5e3c708cc459ee34e0b899a94b2cf37f.jpg","width":1024,"height":768,"mime_type":"","source_url":"https:\/\/www.gardaseezeitung.it\/gardaseezeitung_new\/de\/wp-content\/uploads\/sites\/2\/2019\/10\/5e3c708cc459ee34e0b899a94b2cf37f.jpg"}},"image_meta":{"aperture":"0","credit":"","camera":"","caption":"","created_timestamp":"0","copyright":"","focal_length":"0","iso":"0","shutter_speed":"0","title":"","orientation":"1","keywords":[]}},"_links":{"self":[{"href":"https:\/\/www.gardaseezeitung.it\/gardaseezeitung_new\/de\/wp-json\/wp\/v2\/posts\/6118"}],"collection":[{"href":"https:\/\/www.gardaseezeitung.it\/gardaseezeitung_new\/de\/wp-json\/wp\/v2\/posts"}],"about":[{"href":"https:\/\/www.gardaseezeitung.it\/gardaseezeitung_new\/de\/wp-json\/wp\/v2\/types\/post"}],"author":[{"embeddable":true,"href":"https:\/\/www.gardaseezeitung.it\/gardaseezeitung_new\/de\/wp-json\/wp\/v2\/users\/9"}],"replies":[{"embeddable":true,"href":"https:\/\/www.gardaseezeitung.it\/gardaseezeitung_new\/de\/wp-json\/wp\/v2\/comments?post=6118"}],"version-history":[{"count":2,"href":"https:\/\/www.gardaseezeitung.it\/gardaseezeitung_new\/de\/wp-json\/wp\/v2\/posts\/6118\/revisions"}],"predecessor-version":[{"id":6124,"href":"https:\/\/www.gardaseezeitung.it\/gardaseezeitung_new\/de\/wp-json\/wp\/v2\/posts\/6118\/revisions\/6124"}],"wp:featuredmedia":[{"embeddable":true,"href":"https:\/\/www.gardaseezeitung.it\/gardaseezeitung_new\/de\/wp-json\/wp\/v2\/media\/3258"}],"wp:attachment":[{"href":"https:\/\/www.gardaseezeitung.it\/gardaseezeitung_new\/de\/wp-json\/wp\/v2\/media?parent=6118"}],"wp:term":[{"taxonomy":"category","embeddable":true,"href":"https:\/\/www.gardaseezeitung.it\/gardaseezeitung_new\/de\/wp-json\/wp\/v2\/categories?post=6118"},{"taxonomy":"post_tag","embeddable":true,"href":"https:\/\/www.gardaseezeitung.it\/gardaseezeitung_new\/de\/wp-json\/wp\/v2\/tags?post=6118"},{"taxonomy":"news-destination","embeddable":true,"href":"https:\/\/www.gardaseezeitung.it\/gardaseezeitung_new\/de\/wp-json\/wp\/v2\/news-destination?post=6118"},{"taxonomy":"news-source","embeddable":true,"href":"https:\/\/www.gardaseezeitung.it\/gardaseezeitung_new\/de\/wp-json\/wp\/v2\/news-source?post=6118"},{"taxonomy":"is_homepage","embeddable":true,"href":"https:\/\/www.gardaseezeitung.it\/gardaseezeitung_new\/de\/wp-json\/wp\/v2\/is_homepage?post=6118"},{"taxonomy":"ta_other","embeddable":true,"href":"https:\/\/www.gardaseezeitung.it\/gardaseezeitung_new\/de\/wp-json\/wp\/v2\/ta_other?post=6118"}],"curies":[{"name":"wp","href":"https:\/\/api.w.org\/{rel}","templated":true}]}}