{"id":6122,"date":"2021-03-24T11:10:58","date_gmt":"2021-03-24T10:10:58","guid":{"rendered":"http:\/\/euwp08.newsmemory.com\/gardaseezeitung_new\/de\/2021\/03\/24\/rifugio-chierego-von-schliessung-bedroht-lokale-administratoren-beruhigen\/"},"modified":"2021-03-24T11:11:02","modified_gmt":"2020-10-25T11:11:02","slug":"rifugio-chierego-von-schliessung-bedroht-lokale-administratoren-beruhigen","status":"publish","type":"post","link":"https:\/\/www.gardaseezeitung.it\/2021\/03\/24\/rifugio-chierego-von-schliessung-bedroht-lokale-administratoren-beruhigen\/","title":{"rendered":"Rifugio Chierego von Schlie\u00dfung bedroht? Lokale Administratoren beruhigen"},"content":{"rendered":"<p style=\"text-align: justify\">Ausl\u00f6ser des Alarms war Matteo Calz\u00e0, seit 2015 Leiter der Schutzh\u00fctte, die sich auf dem Gipfel des Monte Baldo, am Fu\u00dfe der Cima Costabella, befindet und Bezugspunkt f\u00fcr Tausende von Wanderern ist. Der Pachtvertrag des Trentiner Betreibers, der auch Skitourenlehrer aus Arco ist, l\u00e4uft aus: W\u00e4hrend des Wartens auf die neue Ausschreibung f\u00fcr das Management k\u00f6nnte die H\u00fctte f\u00fcr Monate geschlossen bleiben. Maurizio Castellani, Pr\u00e4sident der Unione Montana Baldo-Garda und B\u00fcrgermeister von San Zeno di Montagna, reagierte, indem er Wasser auf das Feuer goss und eine l\u00e4ngere Schlie\u00dfung ausschloss. Bis Ende M\u00e4rz wird eine neue Ausschreibung erfolgen, um den neuen Verwalter des Chierego auszuw\u00e4hlen, der ein wichtiger St\u00fctz- und Erfrischungspunkt f\u00fcr Bergfreunde ist, vor allem, wenn die Prada-Seilbahn, wie geplant, diesen Sommer wieder \u00f6ffnet.<\/p>\n<hr \/>\n<p>&nbsp;<\/p>\n","protected":false},"excerpt":{"rendered":"<p>Monte Baldo: Laut dem aktuellen Manager droht die H\u00fctte bis Mitte Juli geschlossen zu bleiben<\/p>\n","protected":false},"author":9,"featured_media":3328,"comment_status":"open","ping_status":"open","sticky":false,"template":"","format":"standard","meta":[],"categories":[2,4],"tags":[575,576,577,35,578,579,580,581],"news-destination":[],"news-source":[],"is_homepage":[],"ta_other":[],"featured_media_details":{"width":1024,"height":768,"file":"2020\/08\/387a3f83c09a02b22446867173d20fa7.jpg","sizes":{"thumbnail":{"file":"387a3f83c09a02b22446867173d20fa7-150x150.jpg","width":150,"height":150,"mime-type":"image\/jpeg","source_url":"https:\/\/www.gardaseezeitung.it\/gardaseezeitung_new\/de\/wp-content\/uploads\/sites\/2\/2019\/10\/387a3f83c09a02b22446867173d20fa7-150x150.jpg"},"medium":{"file":"387a3f83c09a02b22446867173d20fa7-300x225.jpg","width":300,"height":225,"mime-type":"image\/jpeg","source_url":"https:\/\/www.gardaseezeitung.it\/gardaseezeitung_new\/de\/wp-content\/uploads\/sites\/2\/2019\/10\/387a3f83c09a02b22446867173d20fa7-300x225.jpg"},"medium_large":{"file":"387a3f83c09a02b22446867173d20fa7-768x576.jpg","width":768,"height":576,"mime-type":"image\/jpeg","source_url":"https:\/\/www.gardaseezeitung.it\/gardaseezeitung_new\/de\/wp-content\/uploads\/sites\/2\/2019\/10\/387a3f83c09a02b22446867173d20fa7-768x576.jpg"},"large":{"file":"387a3f83c09a02b22446867173d20fa7-1024x768.jpg","width":1024,"height":768,"mime-type":"image\/jpeg","source_url":"https:\/\/www.gardaseezeitung.it\/gardaseezeitung_new\/de\/wp-content\/uploads\/sites\/2\/2019\/10\/387a3f83c09a02b22446867173d20fa7-1024x768.jpg"},"big_image":{"file":"387a3f83c09a02b22446867173d20fa7-750x563.jpg","width":750,"height":563,"mime-type":"image\/jpeg","source_url":"https:\/\/www.gardaseezeitung.it\/gardaseezeitung_new\/de\/wp-content\/uploads\/sites\/2\/2019\/10\/387a3f83c09a02b22446867173d20fa7-750x563.jpg"},"guest-author-32":{"file":"387a3f83c09a02b22446867173d20fa7-32x32.jpg","width":32,"height":32,"mime-type":"image\/jpeg","source_url":"https:\/\/www.gardaseezeitung.it\/gardaseezeitung_new\/de\/wp-content\/uploads\/sites\/2\/2019\/10\/387a3f83c09a02b22446867173d20fa7-32x32.jpg"},"guest-author-50":{"file":"387a3f83c09a02b22446867173d20fa7-50x50.jpg","width":50,"height":50,"mime-type":"image\/jpeg","source_url":"https:\/\/www.gardaseezeitung.it\/gardaseezeitung_new\/de\/wp-content\/uploads\/sites\/2\/2019\/10\/387a3f83c09a02b22446867173d20fa7-50x50.jpg"},"guest-author-64":{"file":"387a3f83c09a02b22446867173d20fa7-64x64.jpg","width":64,"height":64,"mime-type":"image\/jpeg","source_url":"https:\/\/www.gardaseezeitung.it\/gardaseezeitung_new\/de\/wp-content\/uploads\/sites\/2\/2019\/10\/387a3f83c09a02b22446867173d20fa7-64x64.jpg"},"guest-author-96":{"file":"387a3f83c09a02b22446867173d20fa7-96x96.jpg","width":96,"height":96,"mime-type":"image\/jpeg","source_url":"https:\/\/www.gardaseezeitung.it\/gardaseezeitung_new\/de\/wp-content\/uploads\/sites\/2\/2019\/10\/387a3f83c09a02b22446867173d20fa7-96x96.jpg"},"guest-author-128":{"file":"387a3f83c09a02b22446867173d20fa7-128x128.jpg","width":128,"height":128,"mime-type":"image\/jpeg","source_url":"https:\/\/www.gardaseezeitung.it\/gardaseezeitung_new\/de\/wp-content\/uploads\/sites\/2\/2019\/10\/387a3f83c09a02b22446867173d20fa7-128x128.jpg"},"full":{"file":"387a3f83c09a02b22446867173d20fa7.jpg","width":1024,"height":768,"mime_type":"","source_url":"https:\/\/www.gardaseezeitung.it\/gardaseezeitung_new\/de\/wp-content\/uploads\/sites\/2\/2019\/10\/387a3f83c09a02b22446867173d20fa7.jpg"}},"image_meta":{"aperture":"5.6","credit":"","camera":"DSC-W1","caption":"","created_timestamp":"1156685383","copyright":"","focal_length":"7.9","iso":"100","shutter_speed":"0.0015625","title":"","orientation":"1","keywords":[]}},"_links":{"self":[{"href":"https:\/\/www.gardaseezeitung.it\/gardaseezeitung_new\/de\/wp-json\/wp\/v2\/posts\/6122"}],"collection":[{"href":"https:\/\/www.gardaseezeitung.it\/gardaseezeitung_new\/de\/wp-json\/wp\/v2\/posts"}],"about":[{"href":"https:\/\/www.gardaseezeitung.it\/gardaseezeitung_new\/de\/wp-json\/wp\/v2\/types\/post"}],"author":[{"embeddable":true,"href":"https:\/\/www.gardaseezeitung.it\/gardaseezeitung_new\/de\/wp-json\/wp\/v2\/users\/9"}],"replies":[{"embeddable":true,"href":"https:\/\/www.gardaseezeitung.it\/gardaseezeitung_new\/de\/wp-json\/wp\/v2\/comments?post=6122"}],"version-history":[{"count":1,"href":"https:\/\/www.gardaseezeitung.it\/gardaseezeitung_new\/de\/wp-json\/wp\/v2\/posts\/6122\/revisions"}],"predecessor-version":[{"id":6123,"href":"https:\/\/www.gardaseezeitung.it\/gardaseezeitung_new\/de\/wp-json\/wp\/v2\/posts\/6122\/revisions\/6123"}],"wp:featuredmedia":[{"embeddable":true,"href":"https:\/\/www.gardaseezeitung.it\/gardaseezeitung_new\/de\/wp-json\/wp\/v2\/media\/3328"}],"wp:attachment":[{"href":"https:\/\/www.gardaseezeitung.it\/gardaseezeitung_new\/de\/wp-json\/wp\/v2\/media?parent=6122"}],"wp:term":[{"taxonomy":"category","embeddable":true,"href":"https:\/\/www.gardaseezeitung.it\/gardaseezeitung_new\/de\/wp-json\/wp\/v2\/categories?post=6122"},{"taxonomy":"post_tag","embeddable":true,"href":"https:\/\/www.gardaseezeitung.it\/gardaseezeitung_new\/de\/wp-json\/wp\/v2\/tags?post=6122"},{"taxonomy":"news-destination","embeddable":true,"href":"https:\/\/www.gardaseezeitung.it\/gardaseezeitung_new\/de\/wp-json\/wp\/v2\/news-destination?post=6122"},{"taxonomy":"news-source","embeddable":true,"href":"https:\/\/www.gardaseezeitung.it\/gardaseezeitung_new\/de\/wp-json\/wp\/v2\/news-source?post=6122"},{"taxonomy":"is_homepage","embeddable":true,"href":"https:\/\/www.gardaseezeitung.it\/gardaseezeitung_new\/de\/wp-json\/wp\/v2\/is_homepage?post=6122"},{"taxonomy":"ta_other","embeddable":true,"href":"https:\/\/www.gardaseezeitung.it\/gardaseezeitung_new\/de\/wp-json\/wp\/v2\/ta_other?post=6122"}],"curies":[{"name":"wp","href":"https:\/\/api.w.org\/{rel}","templated":true}]}}