{"id":6130,"date":"2021-03-26T09:59:44","date_gmt":"2021-03-26T08:59:44","guid":{"rendered":"http:\/\/euwp08.newsmemory.com\/gardaseezeitung_new\/de\/2021\/03\/26\/leider-wird-die-strasse-della-forra-erst-im-september-wieder-geoeffnet\/"},"modified":"2021-03-26T10:00:38","modified_gmt":"2020-10-27T10:00:38","slug":"leider-wird-die-strasse-della-forra-erst-im-september-wieder-geoeffnet","status":"publish","type":"post","link":"https:\/\/www.gardaseezeitung.it\/2021\/03\/26\/leider-wird-die-strasse-della-forra-erst-im-september-wieder-geoeffnet\/","title":{"rendered":"Leider wird die Stra\u00dfe della Forra erst im September wieder ge\u00f6ffnet"},"content":{"rendered":"<p style=\"text-align: justify\">Der wichtige Stra\u00dfen- und Touristenknotenpunkt Garda wird f\u00fcr den Sommer nicht zur Verf\u00fcgung stehen, und es m\u00fcssen weiterhin Umwege gefahren werden. Der Abnutzungszustand der Absperrungen gegen Steinschlag erfordert deren Austausch, und da die Gef\u00e4hrdungssituation f\u00fcr das darunter liegende Stra\u00dfensystem bestehen bleibt, ist eine Wiederer\u00f6ffnung f\u00fcr den Durchgangsverkehr nicht m\u00f6glich, bevor die endg\u00fcltigen Sicherheitsma\u00dfnahmen getroffen wurden.<\/p>\n<hr \/>\n<p>&nbsp;<\/p>\n","protected":false},"excerpt":{"rendered":"<p>Tremosine: Die Zeit f\u00fcr die Wiederer\u00f6ffnung der Panoramastra\u00dfe wird immer l\u00e4nger<\/p>\n","protected":false},"author":9,"featured_media":5977,"comment_status":"open","ping_status":"open","sticky":false,"template":"","format":"standard","meta":[],"categories":[2,4],"tags":[177,23,26,470,205],"news-destination":[],"news-source":[],"is_homepage":[],"ta_other":[],"featured_media_details":{"width":1000,"height":625,"file":"2021\/03\/Strada-della-Forra-Lago-Garda.jpg","sizes":{"thumbnail":{"file":"Strada-della-Forra-Lago-Garda-150x150.jpg","width":150,"height":150,"mime-type":"image\/jpeg","source_url":"https:\/\/www.gardaseezeitung.it\/gardaseezeitung_new\/de\/wp-content\/uploads\/sites\/2\/2021\/03\/Strada-della-Forra-Lago-Garda-150x150.jpg"},"medium":{"file":"Strada-della-Forra-Lago-Garda-300x188.jpg","width":300,"height":188,"mime-type":"image\/jpeg","source_url":"https:\/\/www.gardaseezeitung.it\/gardaseezeitung_new\/de\/wp-content\/uploads\/sites\/2\/2021\/03\/Strada-della-Forra-Lago-Garda-300x188.jpg"},"medium_large":{"file":"Strada-della-Forra-Lago-Garda-768x480.jpg","width":768,"height":480,"mime-type":"image\/jpeg","source_url":"https:\/\/www.gardaseezeitung.it\/gardaseezeitung_new\/de\/wp-content\/uploads\/sites\/2\/2021\/03\/Strada-della-Forra-Lago-Garda-768x480.jpg"},"big_image":{"file":"Strada-della-Forra-Lago-Garda-750x469.jpg","width":750,"height":469,"mime-type":"image\/jpeg","source_url":"https:\/\/www.gardaseezeitung.it\/gardaseezeitung_new\/de\/wp-content\/uploads\/sites\/2\/2021\/03\/Strada-della-Forra-Lago-Garda-750x469.jpg"},"guest-author-32":{"file":"Strada-della-Forra-Lago-Garda-32x32.jpg","width":32,"height":32,"mime-type":"image\/jpeg","source_url":"https:\/\/www.gardaseezeitung.it\/gardaseezeitung_new\/de\/wp-content\/uploads\/sites\/2\/2021\/03\/Strada-della-Forra-Lago-Garda-32x32.jpg"},"guest-author-50":{"file":"Strada-della-Forra-Lago-Garda-50x50.jpg","width":50,"height":50,"mime-type":"image\/jpeg","source_url":"https:\/\/www.gardaseezeitung.it\/gardaseezeitung_new\/de\/wp-content\/uploads\/sites\/2\/2021\/03\/Strada-della-Forra-Lago-Garda-50x50.jpg"},"guest-author-64":{"file":"Strada-della-Forra-Lago-Garda-64x64.jpg","width":64,"height":64,"mime-type":"image\/jpeg","source_url":"https:\/\/www.gardaseezeitung.it\/gardaseezeitung_new\/de\/wp-content\/uploads\/sites\/2\/2021\/03\/Strada-della-Forra-Lago-Garda-64x64.jpg"},"guest-author-96":{"file":"Strada-della-Forra-Lago-Garda-96x96.jpg","width":96,"height":96,"mime-type":"image\/jpeg","source_url":"https:\/\/www.gardaseezeitung.it\/gardaseezeitung_new\/de\/wp-content\/uploads\/sites\/2\/2021\/03\/Strada-della-Forra-Lago-Garda-96x96.jpg"},"guest-author-128":{"file":"Strada-della-Forra-Lago-Garda-128x128.jpg","width":128,"height":128,"mime-type":"image\/jpeg","source_url":"https:\/\/www.gardaseezeitung.it\/gardaseezeitung_new\/de\/wp-content\/uploads\/sites\/2\/2021\/03\/Strada-della-Forra-Lago-Garda-128x128.jpg"},"full":{"file":"Strada-della-Forra-Lago-Garda.jpg","width":1000,"height":625,"mime_type":"","source_url":"https:\/\/www.gardaseezeitung.it\/gardaseezeitung_new\/de\/wp-content\/uploads\/sites\/2\/2021\/03\/Strada-della-Forra-Lago-Garda.jpg"}},"image_meta":{"aperture":"0","credit":"","camera":"","caption":"","created_timestamp":"0","copyright":"","focal_length":"0","iso":"0","shutter_speed":"0","title":"","orientation":"0","keywords":[]}},"_links":{"self":[{"href":"https:\/\/www.gardaseezeitung.it\/gardaseezeitung_new\/de\/wp-json\/wp\/v2\/posts\/6130"}],"collection":[{"href":"https:\/\/www.gardaseezeitung.it\/gardaseezeitung_new\/de\/wp-json\/wp\/v2\/posts"}],"about":[{"href":"https:\/\/www.gardaseezeitung.it\/gardaseezeitung_new\/de\/wp-json\/wp\/v2\/types\/post"}],"author":[{"embeddable":true,"href":"https:\/\/www.gardaseezeitung.it\/gardaseezeitung_new\/de\/wp-json\/wp\/v2\/users\/9"}],"replies":[{"embeddable":true,"href":"https:\/\/www.gardaseezeitung.it\/gardaseezeitung_new\/de\/wp-json\/wp\/v2\/comments?post=6130"}],"version-history":[{"count":1,"href":"https:\/\/www.gardaseezeitung.it\/gardaseezeitung_new\/de\/wp-json\/wp\/v2\/posts\/6130\/revisions"}],"predecessor-version":[{"id":6131,"href":"https:\/\/www.gardaseezeitung.it\/gardaseezeitung_new\/de\/wp-json\/wp\/v2\/posts\/6130\/revisions\/6131"}],"wp:featuredmedia":[{"embeddable":true,"href":"https:\/\/www.gardaseezeitung.it\/gardaseezeitung_new\/de\/wp-json\/wp\/v2\/media\/5977"}],"wp:attachment":[{"href":"https:\/\/www.gardaseezeitung.it\/gardaseezeitung_new\/de\/wp-json\/wp\/v2\/media?parent=6130"}],"wp:term":[{"taxonomy":"category","embeddable":true,"href":"https:\/\/www.gardaseezeitung.it\/gardaseezeitung_new\/de\/wp-json\/wp\/v2\/categories?post=6130"},{"taxonomy":"post_tag","embeddable":true,"href":"https:\/\/www.gardaseezeitung.it\/gardaseezeitung_new\/de\/wp-json\/wp\/v2\/tags?post=6130"},{"taxonomy":"news-destination","embeddable":true,"href":"https:\/\/www.gardaseezeitung.it\/gardaseezeitung_new\/de\/wp-json\/wp\/v2\/news-destination?post=6130"},{"taxonomy":"news-source","embeddable":true,"href":"https:\/\/www.gardaseezeitung.it\/gardaseezeitung_new\/de\/wp-json\/wp\/v2\/news-source?post=6130"},{"taxonomy":"is_homepage","embeddable":true,"href":"https:\/\/www.gardaseezeitung.it\/gardaseezeitung_new\/de\/wp-json\/wp\/v2\/is_homepage?post=6130"},{"taxonomy":"ta_other","embeddable":true,"href":"https:\/\/www.gardaseezeitung.it\/gardaseezeitung_new\/de\/wp-json\/wp\/v2\/ta_other?post=6130"}],"curies":[{"name":"wp","href":"https:\/\/api.w.org\/{rel}","templated":true}]}}