{"id":6137,"date":"2021-03-27T10:12:58","date_gmt":"2021-03-27T09:12:58","guid":{"rendered":"http:\/\/euwp08.newsmemory.com\/gardaseezeitung_new\/de\/2021\/03\/27\/lichter-aus-der-arena-zur-foerderung-des-umweltbewusstseins\/"},"modified":"2021-03-27T10:13:21","modified_gmt":"2020-10-28T10:13:21","slug":"lichter-aus-der-arena-zur-foerderung-des-umweltbewusstseins","status":"publish","type":"post","link":"https:\/\/www.gardaseezeitung.it\/2021\/03\/27\/lichter-aus-der-arena-zur-foerderung-des-umweltbewusstseins\/","title":{"rendered":"Lichter aus in der Arena zur F\u00f6rderung des Umweltbewusstseins"},"content":{"rendered":"<p>Anl\u00e4sslich des &#8222;Internationalen Tages des Energiesparens&#8220; wurden gestern ab 18 Uhr und die ganze Nacht hindurch die Lichter der Arena ausgeschaltet. Heute Abend ist stattdessen &#8222;Earth Hour&#8220;: Von 20.30 Uhr bis 21.30 Uhr wird die Arena f\u00fcr genau eine Stunde abgeschaltet. Gleichzeitig werden in vielen Ecken der Welt Geb\u00e4ude, Pal\u00e4ste und Denkm\u00e4ler im Dunkeln bleiben, die &#8222;auf der Seite der Natur stehen&#8220;, wie es in der vom WWF auf globaler Ebene lancierten Botschaft hei\u00dft.<\/p>\n<hr \/>\n<p>&nbsp;<\/p>\n","protected":false},"excerpt":{"rendered":"<p>Gestern Abend und heute Amphitheater im Dunkeln<\/p>\n","protected":false},"author":9,"featured_media":2329,"comment_status":"open","ping_status":"open","sticky":false,"template":"","format":"standard","meta":[],"categories":[2,6],"tags":[36,25,587,23,26,588,38,589],"news-destination":[],"news-source":[],"is_homepage":[],"ta_other":[],"featured_media_details":{"width":2560,"height":1707,"file":"2020\/08\/6bffd75a92583cdcc260aeabb3e1b1f1.jpg","sizes":{"thumbnail":{"file":"6bffd75a92583cdcc260aeabb3e1b1f1-150x150.jpg","width":150,"height":150,"mime-type":"image\/jpeg","source_url":"https:\/\/www.gardaseezeitung.it\/gardaseezeitung_new\/de\/wp-content\/uploads\/sites\/2\/2019\/10\/6bffd75a92583cdcc260aeabb3e1b1f1-150x150.jpg"},"medium":{"file":"6bffd75a92583cdcc260aeabb3e1b1f1-300x200.jpg","width":300,"height":200,"mime-type":"image\/jpeg","source_url":"https:\/\/www.gardaseezeitung.it\/gardaseezeitung_new\/de\/wp-content\/uploads\/sites\/2\/2019\/10\/6bffd75a92583cdcc260aeabb3e1b1f1-300x200.jpg"},"medium_large":{"file":"6bffd75a92583cdcc260aeabb3e1b1f1-768x512.jpg","width":768,"height":512,"mime-type":"image\/jpeg","source_url":"https:\/\/www.gardaseezeitung.it\/gardaseezeitung_new\/de\/wp-content\/uploads\/sites\/2\/2019\/10\/6bffd75a92583cdcc260aeabb3e1b1f1-768x512.jpg"},"large":{"file":"6bffd75a92583cdcc260aeabb3e1b1f1-1024x683.jpg","width":1024,"height":683,"mime-type":"image\/jpeg","source_url":"https:\/\/www.gardaseezeitung.it\/gardaseezeitung_new\/de\/wp-content\/uploads\/sites\/2\/2019\/10\/6bffd75a92583cdcc260aeabb3e1b1f1-1024x683.jpg"},"big_image":{"file":"6bffd75a92583cdcc260aeabb3e1b1f1-750x500.jpg","width":750,"height":500,"mime-type":"image\/jpeg","source_url":"https:\/\/www.gardaseezeitung.it\/gardaseezeitung_new\/de\/wp-content\/uploads\/sites\/2\/2019\/10\/6bffd75a92583cdcc260aeabb3e1b1f1-750x500.jpg"},"guest-author-32":{"file":"6bffd75a92583cdcc260aeabb3e1b1f1-32x32.jpg","width":32,"height":32,"mime-type":"image\/jpeg","source_url":"https:\/\/www.gardaseezeitung.it\/gardaseezeitung_new\/de\/wp-content\/uploads\/sites\/2\/2019\/10\/6bffd75a92583cdcc260aeabb3e1b1f1-32x32.jpg"},"guest-author-50":{"file":"6bffd75a92583cdcc260aeabb3e1b1f1-50x50.jpg","width":50,"height":50,"mime-type":"image\/jpeg","source_url":"https:\/\/www.gardaseezeitung.it\/gardaseezeitung_new\/de\/wp-content\/uploads\/sites\/2\/2019\/10\/6bffd75a92583cdcc260aeabb3e1b1f1-50x50.jpg"},"guest-author-64":{"file":"6bffd75a92583cdcc260aeabb3e1b1f1-64x64.jpg","width":64,"height":64,"mime-type":"image\/jpeg","source_url":"https:\/\/www.gardaseezeitung.it\/gardaseezeitung_new\/de\/wp-content\/uploads\/sites\/2\/2019\/10\/6bffd75a92583cdcc260aeabb3e1b1f1-64x64.jpg"},"guest-author-96":{"file":"6bffd75a92583cdcc260aeabb3e1b1f1-96x96.jpg","width":96,"height":96,"mime-type":"image\/jpeg","source_url":"https:\/\/www.gardaseezeitung.it\/gardaseezeitung_new\/de\/wp-content\/uploads\/sites\/2\/2019\/10\/6bffd75a92583cdcc260aeabb3e1b1f1-96x96.jpg"},"guest-author-128":{"file":"6bffd75a92583cdcc260aeabb3e1b1f1-128x128.jpg","width":128,"height":128,"mime-type":"image\/jpeg","source_url":"https:\/\/www.gardaseezeitung.it\/gardaseezeitung_new\/de\/wp-content\/uploads\/sites\/2\/2019\/10\/6bffd75a92583cdcc260aeabb3e1b1f1-128x128.jpg"},"full":{"file":"6bffd75a92583cdcc260aeabb3e1b1f1.jpg","width":2560,"height":1707,"mime_type":"","source_url":"https:\/\/www.gardaseezeitung.it\/gardaseezeitung_new\/de\/wp-content\/uploads\/sites\/2\/2019\/10\/6bffd75a92583cdcc260aeabb3e1b1f1.jpg"}},"image_meta":{"aperture":"0","credit":"","camera":"","caption":"","created_timestamp":"0","copyright":"","focal_length":"0","iso":"0","shutter_speed":"0","title":"","orientation":"0","keywords":[]}},"_links":{"self":[{"href":"https:\/\/www.gardaseezeitung.it\/gardaseezeitung_new\/de\/wp-json\/wp\/v2\/posts\/6137"}],"collection":[{"href":"https:\/\/www.gardaseezeitung.it\/gardaseezeitung_new\/de\/wp-json\/wp\/v2\/posts"}],"about":[{"href":"https:\/\/www.gardaseezeitung.it\/gardaseezeitung_new\/de\/wp-json\/wp\/v2\/types\/post"}],"author":[{"embeddable":true,"href":"https:\/\/www.gardaseezeitung.it\/gardaseezeitung_new\/de\/wp-json\/wp\/v2\/users\/9"}],"replies":[{"embeddable":true,"href":"https:\/\/www.gardaseezeitung.it\/gardaseezeitung_new\/de\/wp-json\/wp\/v2\/comments?post=6137"}],"version-history":[{"count":1,"href":"https:\/\/www.gardaseezeitung.it\/gardaseezeitung_new\/de\/wp-json\/wp\/v2\/posts\/6137\/revisions"}],"predecessor-version":[{"id":6138,"href":"https:\/\/www.gardaseezeitung.it\/gardaseezeitung_new\/de\/wp-json\/wp\/v2\/posts\/6137\/revisions\/6138"}],"wp:featuredmedia":[{"embeddable":true,"href":"https:\/\/www.gardaseezeitung.it\/gardaseezeitung_new\/de\/wp-json\/wp\/v2\/media\/2329"}],"wp:attachment":[{"href":"https:\/\/www.gardaseezeitung.it\/gardaseezeitung_new\/de\/wp-json\/wp\/v2\/media?parent=6137"}],"wp:term":[{"taxonomy":"category","embeddable":true,"href":"https:\/\/www.gardaseezeitung.it\/gardaseezeitung_new\/de\/wp-json\/wp\/v2\/categories?post=6137"},{"taxonomy":"post_tag","embeddable":true,"href":"https:\/\/www.gardaseezeitung.it\/gardaseezeitung_new\/de\/wp-json\/wp\/v2\/tags?post=6137"},{"taxonomy":"news-destination","embeddable":true,"href":"https:\/\/www.gardaseezeitung.it\/gardaseezeitung_new\/de\/wp-json\/wp\/v2\/news-destination?post=6137"},{"taxonomy":"news-source","embeddable":true,"href":"https:\/\/www.gardaseezeitung.it\/gardaseezeitung_new\/de\/wp-json\/wp\/v2\/news-source?post=6137"},{"taxonomy":"is_homepage","embeddable":true,"href":"https:\/\/www.gardaseezeitung.it\/gardaseezeitung_new\/de\/wp-json\/wp\/v2\/is_homepage?post=6137"},{"taxonomy":"ta_other","embeddable":true,"href":"https:\/\/www.gardaseezeitung.it\/gardaseezeitung_new\/de\/wp-json\/wp\/v2\/ta_other?post=6137"}],"curies":[{"name":"wp","href":"https:\/\/api.w.org\/{rel}","templated":true}]}}