{"id":6212,"date":"2021-04-10T18:50:34","date_gmt":"2021-04-10T16:50:34","guid":{"rendered":"http:\/\/euwp08.newsmemory.com\/gardaseezeitung_new\/de\/2021\/04\/12\/auf-abruf-im-webtv-arena-tv-die-majestaetische-inszenierung-von-nabucco\/"},"modified":"2021-04-10T19:17:11","modified_gmt":"2020-06-14T19:17:11","slug":"auf-abruf-im-webtv-arena-tv-die-majestaetische-inszenierung-von-nabucco","status":"publish","type":"post","link":"https:\/\/www.gardaseezeitung.it\/2021\/04\/10\/auf-abruf-im-webtv-arena-tv-die-majestaetische-inszenierung-von-nabucco\/","title":{"rendered":"Auf Abruf im WebTV arena.it\/tv die majest\u00e4tische Inszenierung von Nabucco"},"content":{"rendered":"<p style=\"text-align: justify\">Mit 221 Auff\u00fchrungen zwischen den antiken Steinen der Arena von Verona ist Nabucco einer der Kolosse der Arenasaison: An dritter Stelle in der Anzahl der Abende nach Aida und Carmen, ist die Oper seit ihrer Urauff\u00fchrung im Jahr 1938 f\u00fcr 23 Festspiele in 11 verschiedenen Produktionen auf den Spielplan zur\u00fcckgekehrt. Verdis Drama, das Ergebnis der Arbeit des jungen, von politischer Leidenschaft entflammten Verdi, er\u00f6ffnete die Festspiele 2017 in der neuen eleganten und spektakul\u00e4ren Inszenierung, die f\u00fcr Regie und Kost\u00fcme von Arnaud Bernard und mit B\u00fchnenbildern von Alessandro Camera gezeichnet wurde; das Lichtdesign stammt von Paolo Mazzon. Der Regisseur siedelt Nabucco nicht in der Zeit von Babylon an, sondern zwischen 1848 und 1860, einer Zeit, in der das \u00f6sterreichische Kaiserreich das lombardisch-venetische K\u00f6nigreich beherrschte, das die Italiener Risorgimento nennen. In der Besetzung unter der Leitung von Daniel Oren spielen George Gagnidze als Titelfigur Nabucco, Susanna Branchini als Abigaille und Rafa\u0142 Siwek als Zaccaria. Nino Surguladze spielt Fenena und Rubens Pelizzari ist Ismaele.<\/p>\n","protected":false},"excerpt":{"rendered":"<p>Ab Mittwoch, den 14. April um 12 Uhr mittags wird die Oper f\u00fcr 30 Tage auf dem WebTV der Fondazione Arena zu sehen sein, zum Preis von \u20ac 9,90<\/p>\n","protected":false},"author":9,"featured_media":6243,"comment_status":"open","ping_status":"open","sticky":false,"template":"","format":"standard","meta":[],"categories":[2,5],"tags":[643,36,644,56,174,645,490,646,647,110,648,649,650],"news-destination":[],"news-source":[],"is_homepage":[],"ta_other":[],"featured_media_details":{"width":1024,"height":393,"file":"2021\/04\/NabuccoFotoEnnevi.jpg","sizes":{"thumbnail":{"file":"NabuccoFotoEnnevi-150x150.jpg","width":150,"height":150,"mime-type":"image\/jpeg","source_url":"https:\/\/www.gardaseezeitung.it\/gardaseezeitung_new\/de\/wp-content\/uploads\/sites\/2\/2021\/04\/NabuccoFotoEnnevi-150x150.jpg"},"medium":{"file":"NabuccoFotoEnnevi-300x115.jpg","width":300,"height":115,"mime-type":"image\/jpeg","source_url":"https:\/\/www.gardaseezeitung.it\/gardaseezeitung_new\/de\/wp-content\/uploads\/sites\/2\/2021\/04\/NabuccoFotoEnnevi-300x115.jpg"},"medium_large":{"file":"NabuccoFotoEnnevi-768x295.jpg","width":768,"height":295,"mime-type":"image\/jpeg","source_url":"https:\/\/www.gardaseezeitung.it\/gardaseezeitung_new\/de\/wp-content\/uploads\/sites\/2\/2021\/04\/NabuccoFotoEnnevi-768x295.jpg"},"large":{"file":"NabuccoFotoEnnevi-1024x393.jpg","width":1024,"height":393,"mime-type":"image\/jpeg","source_url":"https:\/\/www.gardaseezeitung.it\/gardaseezeitung_new\/de\/wp-content\/uploads\/sites\/2\/2021\/04\/NabuccoFotoEnnevi-1024x393.jpg"},"big_image":{"file":"NabuccoFotoEnnevi-750x288.jpg","width":750,"height":288,"mime-type":"image\/jpeg","source_url":"https:\/\/www.gardaseezeitung.it\/gardaseezeitung_new\/de\/wp-content\/uploads\/sites\/2\/2021\/04\/NabuccoFotoEnnevi-750x288.jpg"},"guest-author-32":{"file":"NabuccoFotoEnnevi-32x32.jpg","width":32,"height":32,"mime-type":"image\/jpeg","source_url":"https:\/\/www.gardaseezeitung.it\/gardaseezeitung_new\/de\/wp-content\/uploads\/sites\/2\/2021\/04\/NabuccoFotoEnnevi-32x32.jpg"},"guest-author-50":{"file":"NabuccoFotoEnnevi-50x50.jpg","width":50,"height":50,"mime-type":"image\/jpeg","source_url":"https:\/\/www.gardaseezeitung.it\/gardaseezeitung_new\/de\/wp-content\/uploads\/sites\/2\/2021\/04\/NabuccoFotoEnnevi-50x50.jpg"},"guest-author-64":{"file":"NabuccoFotoEnnevi-64x64.jpg","width":64,"height":64,"mime-type":"image\/jpeg","source_url":"https:\/\/www.gardaseezeitung.it\/gardaseezeitung_new\/de\/wp-content\/uploads\/sites\/2\/2021\/04\/NabuccoFotoEnnevi-64x64.jpg"},"guest-author-96":{"file":"NabuccoFotoEnnevi-96x96.jpg","width":96,"height":96,"mime-type":"image\/jpeg","source_url":"https:\/\/www.gardaseezeitung.it\/gardaseezeitung_new\/de\/wp-content\/uploads\/sites\/2\/2021\/04\/NabuccoFotoEnnevi-96x96.jpg"},"guest-author-128":{"file":"NabuccoFotoEnnevi-128x128.jpg","width":128,"height":128,"mime-type":"image\/jpeg","source_url":"https:\/\/www.gardaseezeitung.it\/gardaseezeitung_new\/de\/wp-content\/uploads\/sites\/2\/2021\/04\/NabuccoFotoEnnevi-128x128.jpg"},"full":{"file":"NabuccoFotoEnnevi.jpg","width":1024,"height":393,"mime_type":"","source_url":"https:\/\/www.gardaseezeitung.it\/gardaseezeitung_new\/de\/wp-content\/uploads\/sites\/2\/2021\/04\/NabuccoFotoEnnevi.jpg"}},"image_meta":{"aperture":"13","credit":"","camera":"Canon EOS 5D Mark III","caption":"","created_timestamp":"1498253366","copyright":"","focal_length":"17","iso":"100","shutter_speed":"3.2","title":"","orientation":"1","keywords":[]}},"_links":{"self":[{"href":"https:\/\/www.gardaseezeitung.it\/gardaseezeitung_new\/de\/wp-json\/wp\/v2\/posts\/6212"}],"collection":[{"href":"https:\/\/www.gardaseezeitung.it\/gardaseezeitung_new\/de\/wp-json\/wp\/v2\/posts"}],"about":[{"href":"https:\/\/www.gardaseezeitung.it\/gardaseezeitung_new\/de\/wp-json\/wp\/v2\/types\/post"}],"author":[{"embeddable":true,"href":"https:\/\/www.gardaseezeitung.it\/gardaseezeitung_new\/de\/wp-json\/wp\/v2\/users\/9"}],"replies":[{"embeddable":true,"href":"https:\/\/www.gardaseezeitung.it\/gardaseezeitung_new\/de\/wp-json\/wp\/v2\/comments?post=6212"}],"version-history":[{"count":1,"href":"https:\/\/www.gardaseezeitung.it\/gardaseezeitung_new\/de\/wp-json\/wp\/v2\/posts\/6212\/revisions"}],"predecessor-version":[{"id":6213,"href":"https:\/\/www.gardaseezeitung.it\/gardaseezeitung_new\/de\/wp-json\/wp\/v2\/posts\/6212\/revisions\/6213"}],"wp:featuredmedia":[{"embeddable":true,"href":"https:\/\/www.gardaseezeitung.it\/gardaseezeitung_new\/de\/wp-json\/wp\/v2\/media\/6243"}],"wp:attachment":[{"href":"https:\/\/www.gardaseezeitung.it\/gardaseezeitung_new\/de\/wp-json\/wp\/v2\/media?parent=6212"}],"wp:term":[{"taxonomy":"category","embeddable":true,"href":"https:\/\/www.gardaseezeitung.it\/gardaseezeitung_new\/de\/wp-json\/wp\/v2\/categories?post=6212"},{"taxonomy":"post_tag","embeddable":true,"href":"https:\/\/www.gardaseezeitung.it\/gardaseezeitung_new\/de\/wp-json\/wp\/v2\/tags?post=6212"},{"taxonomy":"news-destination","embeddable":true,"href":"https:\/\/www.gardaseezeitung.it\/gardaseezeitung_new\/de\/wp-json\/wp\/v2\/news-destination?post=6212"},{"taxonomy":"news-source","embeddable":true,"href":"https:\/\/www.gardaseezeitung.it\/gardaseezeitung_new\/de\/wp-json\/wp\/v2\/news-source?post=6212"},{"taxonomy":"is_homepage","embeddable":true,"href":"https:\/\/www.gardaseezeitung.it\/gardaseezeitung_new\/de\/wp-json\/wp\/v2\/is_homepage?post=6212"},{"taxonomy":"ta_other","embeddable":true,"href":"https:\/\/www.gardaseezeitung.it\/gardaseezeitung_new\/de\/wp-json\/wp\/v2\/ta_other?post=6212"}],"curies":[{"name":"wp","href":"https:\/\/api.w.org\/{rel}","templated":true}]}}