{"id":6239,"date":"2021-04-10T18:24:09","date_gmt":"2021-04-10T16:24:09","guid":{"rendered":"http:\/\/euwp08.newsmemory.com\/gardaseezeitung_new\/de\/2021\/04\/10\/eleganz-als-protagonist-des-naechsten-jema-international-photographic-award\/"},"modified":"2021-04-10T19:09:06","modified_gmt":"2020-06-14T19:09:06","slug":"eleganz-als-protagonist-des-naechsten-jema-international-photographic-award","status":"publish","type":"post","link":"https:\/\/www.gardaseezeitung.it\/2021\/04\/10\/eleganz-als-protagonist-des-naechsten-jema-international-photographic-award\/","title":{"rendered":"&#8222;Eleganz&#8220; als Protagonist des n\u00e4chsten J\u00e8ma International Photographic Award"},"content":{"rendered":"<p style=\"text-align: justify\">Der Fotopreis &#8211; benannt nach Cesaris bekanntem J\u00e8ma-Wein, einem Corvina in Purity IGT &#8211; geht in seine dritte Auflage. Die erste Ausgabe hatte als Konzept &#8222;Reinheit&#8220;; die zweite Ausgabe &#8222;Warten&#8220;: diese dritte Ausgabe sieht stattdessen als Protagonist das Thema &#8222;Eleganz&#8220;, das im tiefsten und etymologischen Sinn des Wortes gemeint ist. Das Wort &#8222;Eleganz&#8220; leitet sich in der Tat vom lateinischen &#8222;eligere&#8220; ab, das hei\u00dft w\u00e4hlen, und wir k\u00f6nnen es als eine Lebens- und Denkkunst betrachten, die sich auch in der Art der Kleidung manifestieren kann, die aber \u00fcber die Kleidung hinausgeht. Es betrifft auch das Benehmen, die Gesten, die Art, wie wir sprechen. Es ist eine Mischung aus Manieren, Geschmack und Pers\u00f6nlichkeit. Ein Wein ist elegant, wenn er die Eigenschaften der Frucht, des Bouquets und der Struktur harmonisch umfasst. Der J\u00e8ma ist ein Wein in Reinheit, der seinen Namen vom Edelstein der Rebe als kostbarem Element hat; er ist ein eleganter Wein, der mit Harmonie alle organoleptischen Eigenschaften des Weines umschlie\u00dft. In seiner Produktion ist Cesari st\u00e4ndig auf der Suche nach Perfektion, w\u00e4hlt den Weinberg mit der besten Lage, den richtigen Klon der Traube, den effektivsten Rebschnitt, den richtigen Erntezeitpunkt und die geeignetsten H\u00f6lzer. Reinheit, Erwartung und Eleganz sind die Grundlagen der Produktionsphilosophie von Cesari; jedes Glas des preisgekr\u00f6nten Amaroni und J\u00e8ma bezieht sich auf diese drei Elemente.\u00a0+Infos:\u00a0info@cesari.it |\u00a0Ref: Viviana Nella Stagni | \u00a0www.cesari.it<\/p>\n","protected":false},"excerpt":{"rendered":"<p>Im Rampenlicht steht wieder der J\u00e8ma Award, der von dem Veroneser Weinproduzenten Gerardo Cesari und dem Aliberti Verlag gef\u00f6rdert wird<\/p>\n","protected":false},"author":9,"featured_media":6238,"comment_status":"open","ping_status":"open","sticky":false,"template":"","format":"standard","meta":[],"categories":[6],"tags":[479,667,668,669,670,38,671,672,199],"news-destination":[],"news-source":[],"is_homepage":[],"ta_other":[],"featured_media_details":{"width":1024,"height":519,"file":"2021\/04\/Cesari.png","sizes":{"thumbnail":{"file":"Cesari-150x150.png","width":150,"height":150,"mime-type":"image\/png","source_url":"https:\/\/www.gardaseezeitung.it\/gardaseezeitung_new\/de\/wp-content\/uploads\/sites\/2\/2021\/04\/Cesari-150x150.png"},"medium":{"file":"Cesari-300x152.png","width":300,"height":152,"mime-type":"image\/png","source_url":"https:\/\/www.gardaseezeitung.it\/gardaseezeitung_new\/de\/wp-content\/uploads\/sites\/2\/2021\/04\/Cesari-300x152.png"},"medium_large":{"file":"Cesari-768x389.png","width":768,"height":389,"mime-type":"image\/png","source_url":"https:\/\/www.gardaseezeitung.it\/gardaseezeitung_new\/de\/wp-content\/uploads\/sites\/2\/2021\/04\/Cesari-768x389.png"},"large":{"file":"Cesari-1024x519.png","width":1024,"height":519,"mime-type":"image\/png","source_url":"https:\/\/www.gardaseezeitung.it\/gardaseezeitung_new\/de\/wp-content\/uploads\/sites\/2\/2021\/04\/Cesari-1024x519.png"},"big_image":{"file":"Cesari-750x380.png","width":750,"height":380,"mime-type":"image\/png","source_url":"https:\/\/www.gardaseezeitung.it\/gardaseezeitung_new\/de\/wp-content\/uploads\/sites\/2\/2021\/04\/Cesari-750x380.png"},"guest-author-32":{"file":"Cesari-32x32.png","width":32,"height":32,"mime-type":"image\/png","source_url":"https:\/\/www.gardaseezeitung.it\/gardaseezeitung_new\/de\/wp-content\/uploads\/sites\/2\/2021\/04\/Cesari-32x32.png"},"guest-author-50":{"file":"Cesari-50x50.png","width":50,"height":50,"mime-type":"image\/png","source_url":"https:\/\/www.gardaseezeitung.it\/gardaseezeitung_new\/de\/wp-content\/uploads\/sites\/2\/2021\/04\/Cesari-50x50.png"},"guest-author-64":{"file":"Cesari-64x64.png","width":64,"height":64,"mime-type":"image\/png","source_url":"https:\/\/www.gardaseezeitung.it\/gardaseezeitung_new\/de\/wp-content\/uploads\/sites\/2\/2021\/04\/Cesari-64x64.png"},"guest-author-96":{"file":"Cesari-96x96.png","width":96,"height":96,"mime-type":"image\/png","source_url":"https:\/\/www.gardaseezeitung.it\/gardaseezeitung_new\/de\/wp-content\/uploads\/sites\/2\/2021\/04\/Cesari-96x96.png"},"guest-author-128":{"file":"Cesari-128x128.png","width":128,"height":128,"mime-type":"image\/png","source_url":"https:\/\/www.gardaseezeitung.it\/gardaseezeitung_new\/de\/wp-content\/uploads\/sites\/2\/2021\/04\/Cesari-128x128.png"},"full":{"file":"Cesari.png","width":1024,"height":519,"mime_type":"","source_url":"https:\/\/www.gardaseezeitung.it\/gardaseezeitung_new\/de\/wp-content\/uploads\/sites\/2\/2021\/04\/Cesari.png"}},"image_meta":{"aperture":"0","credit":"","camera":"","caption":"","created_timestamp":"0","copyright":"","focal_length":"0","iso":"0","shutter_speed":"0","title":"","orientation":"0","keywords":[]}},"_links":{"self":[{"href":"https:\/\/www.gardaseezeitung.it\/gardaseezeitung_new\/de\/wp-json\/wp\/v2\/posts\/6239"}],"collection":[{"href":"https:\/\/www.gardaseezeitung.it\/gardaseezeitung_new\/de\/wp-json\/wp\/v2\/posts"}],"about":[{"href":"https:\/\/www.gardaseezeitung.it\/gardaseezeitung_new\/de\/wp-json\/wp\/v2\/types\/post"}],"author":[{"embeddable":true,"href":"https:\/\/www.gardaseezeitung.it\/gardaseezeitung_new\/de\/wp-json\/wp\/v2\/users\/9"}],"replies":[{"embeddable":true,"href":"https:\/\/www.gardaseezeitung.it\/gardaseezeitung_new\/de\/wp-json\/wp\/v2\/comments?post=6239"}],"version-history":[{"count":2,"href":"https:\/\/www.gardaseezeitung.it\/gardaseezeitung_new\/de\/wp-json\/wp\/v2\/posts\/6239\/revisions"}],"predecessor-version":[{"id":6241,"href":"https:\/\/www.gardaseezeitung.it\/gardaseezeitung_new\/de\/wp-json\/wp\/v2\/posts\/6239\/revisions\/6241"}],"wp:featuredmedia":[{"embeddable":true,"href":"https:\/\/www.gardaseezeitung.it\/gardaseezeitung_new\/de\/wp-json\/wp\/v2\/media\/6238"}],"wp:attachment":[{"href":"https:\/\/www.gardaseezeitung.it\/gardaseezeitung_new\/de\/wp-json\/wp\/v2\/media?parent=6239"}],"wp:term":[{"taxonomy":"category","embeddable":true,"href":"https:\/\/www.gardaseezeitung.it\/gardaseezeitung_new\/de\/wp-json\/wp\/v2\/categories?post=6239"},{"taxonomy":"post_tag","embeddable":true,"href":"https:\/\/www.gardaseezeitung.it\/gardaseezeitung_new\/de\/wp-json\/wp\/v2\/tags?post=6239"},{"taxonomy":"news-destination","embeddable":true,"href":"https:\/\/www.gardaseezeitung.it\/gardaseezeitung_new\/de\/wp-json\/wp\/v2\/news-destination?post=6239"},{"taxonomy":"news-source","embeddable":true,"href":"https:\/\/www.gardaseezeitung.it\/gardaseezeitung_new\/de\/wp-json\/wp\/v2\/news-source?post=6239"},{"taxonomy":"is_homepage","embeddable":true,"href":"https:\/\/www.gardaseezeitung.it\/gardaseezeitung_new\/de\/wp-json\/wp\/v2\/is_homepage?post=6239"},{"taxonomy":"ta_other","embeddable":true,"href":"https:\/\/www.gardaseezeitung.it\/gardaseezeitung_new\/de\/wp-json\/wp\/v2\/ta_other?post=6239"}],"curies":[{"name":"wp","href":"https:\/\/api.w.org\/{rel}","templated":true}]}}