{"id":6261,"date":"2021-04-16T16:35:35","date_gmt":"2021-04-16T14:35:35","guid":{"rendered":"http:\/\/euwp08.newsmemory.com\/gardaseezeitung_new\/de\/2021\/04\/16\/a4-17-april-wird-der-abschnitt-zwischen-brescia-est-und-desenzano-gesperrt\/"},"modified":"2021-04-16T16:36:06","modified_gmt":"2020-06-20T16:36:06","slug":"a4-17-april-wird-der-abschnitt-zwischen-brescia-est-und-desenzano-gesperrt","status":"publish","type":"post","link":"https:\/\/www.gardaseezeitung.it\/2021\/04\/16\/a4-17-april-wird-der-abschnitt-zwischen-brescia-est-und-desenzano-gesperrt\/","title":{"rendered":"A4: am 17. April wird der Abschnitt zwischen Brescia Est und Desenzano gesperrt"},"content":{"rendered":"<p>Aufgrund von Arbeiten zur Realisierung der Fahrbahnweichen ist eine neue Sperrung entlang der Autobahn A4 von km 244+350 bis km 228+660 geplant. Reisende, die in Richtung Venedig unterwegs sind, m\u00fcssen an der Mautstelle Brescia Est abfahren und k\u00f6nnen nach dem Umsteigen auf die S.R.11 an der Mautstelle Desenzano wieder zur\u00fcck auf die Autobahn fahren. Ebenso m\u00fcssen Reisende, die nach Mailand wollen, an der Mautstelle Desenzano ausfahren und k\u00f6nnen, sobald sie auf der S.R.11 sind, an der Mautstelle Brescia Est wieder auf die A4 auffahren. Zu den gleichen Zeiten wird die Einm\u00fcndung in Richtung Venedig an der Mautstelle Brescia Est und die Einm\u00fcndung in Richtung Mailand an der Mautstelle Desenzano gesperrt.<\/p>\n","protected":false},"excerpt":{"rendered":"<p>Zwischen den Mautstellen Brescia Est und Desenzano wird der Autobahnabschnitt von Samstag, 17. April, 20.00 Uhr, bis Sonntag, 18. April 2021, 6.00 Uhr, gesperrt<\/p>\n","protected":false},"author":9,"featured_media":6260,"comment_status":"open","ping_status":"open","sticky":false,"template":"","format":"standard","meta":[],"categories":[2],"tags":[677],"news-destination":[],"news-source":[],"is_homepage":[],"ta_other":[],"featured_media_details":{"width":2560,"height":1707,"file":"2021\/04\/2560px-A4_Meolo.jpg","sizes":{"thumbnail":{"file":"2560px-A4_Meolo-150x150.jpg","width":150,"height":150,"mime-type":"image\/jpeg","source_url":"https:\/\/www.gardaseezeitung.it\/gardaseezeitung_new\/de\/wp-content\/uploads\/sites\/2\/2021\/04\/2560px-A4_Meolo-150x150.jpg"},"medium":{"file":"2560px-A4_Meolo-300x200.jpg","width":300,"height":200,"mime-type":"image\/jpeg","source_url":"https:\/\/www.gardaseezeitung.it\/gardaseezeitung_new\/de\/wp-content\/uploads\/sites\/2\/2021\/04\/2560px-A4_Meolo-300x200.jpg"},"medium_large":{"file":"2560px-A4_Meolo-768x512.jpg","width":768,"height":512,"mime-type":"image\/jpeg","source_url":"https:\/\/www.gardaseezeitung.it\/gardaseezeitung_new\/de\/wp-content\/uploads\/sites\/2\/2021\/04\/2560px-A4_Meolo-768x512.jpg"},"large":{"file":"2560px-A4_Meolo-1024x683.jpg","width":1024,"height":683,"mime-type":"image\/jpeg","source_url":"https:\/\/www.gardaseezeitung.it\/gardaseezeitung_new\/de\/wp-content\/uploads\/sites\/2\/2021\/04\/2560px-A4_Meolo-1024x683.jpg"},"big_image":{"file":"2560px-A4_Meolo-750x500.jpg","width":750,"height":500,"mime-type":"image\/jpeg","source_url":"https:\/\/www.gardaseezeitung.it\/gardaseezeitung_new\/de\/wp-content\/uploads\/sites\/2\/2021\/04\/2560px-A4_Meolo-750x500.jpg"},"guest-author-32":{"file":"2560px-A4_Meolo-32x32.jpg","width":32,"height":32,"mime-type":"image\/jpeg","source_url":"https:\/\/www.gardaseezeitung.it\/gardaseezeitung_new\/de\/wp-content\/uploads\/sites\/2\/2021\/04\/2560px-A4_Meolo-32x32.jpg"},"guest-author-50":{"file":"2560px-A4_Meolo-50x50.jpg","width":50,"height":50,"mime-type":"image\/jpeg","source_url":"https:\/\/www.gardaseezeitung.it\/gardaseezeitung_new\/de\/wp-content\/uploads\/sites\/2\/2021\/04\/2560px-A4_Meolo-50x50.jpg"},"guest-author-64":{"file":"2560px-A4_Meolo-64x64.jpg","width":64,"height":64,"mime-type":"image\/jpeg","source_url":"https:\/\/www.gardaseezeitung.it\/gardaseezeitung_new\/de\/wp-content\/uploads\/sites\/2\/2021\/04\/2560px-A4_Meolo-64x64.jpg"},"guest-author-96":{"file":"2560px-A4_Meolo-96x96.jpg","width":96,"height":96,"mime-type":"image\/jpeg","source_url":"https:\/\/www.gardaseezeitung.it\/gardaseezeitung_new\/de\/wp-content\/uploads\/sites\/2\/2021\/04\/2560px-A4_Meolo-96x96.jpg"},"guest-author-128":{"file":"2560px-A4_Meolo-128x128.jpg","width":128,"height":128,"mime-type":"image\/jpeg","source_url":"https:\/\/www.gardaseezeitung.it\/gardaseezeitung_new\/de\/wp-content\/uploads\/sites\/2\/2021\/04\/2560px-A4_Meolo-128x128.jpg"},"full":{"file":"2560px-A4_Meolo.jpg","width":2560,"height":1707,"mime_type":"","source_url":"https:\/\/www.gardaseezeitung.it\/gardaseezeitung_new\/de\/wp-content\/uploads\/sites\/2\/2021\/04\/2560px-A4_Meolo.jpg"}},"image_meta":{"aperture":"0","credit":"","camera":"","caption":"","created_timestamp":"0","copyright":"","focal_length":"0","iso":"0","shutter_speed":"0","title":"","orientation":"0","keywords":[]}},"_links":{"self":[{"href":"https:\/\/www.gardaseezeitung.it\/gardaseezeitung_new\/de\/wp-json\/wp\/v2\/posts\/6261"}],"collection":[{"href":"https:\/\/www.gardaseezeitung.it\/gardaseezeitung_new\/de\/wp-json\/wp\/v2\/posts"}],"about":[{"href":"https:\/\/www.gardaseezeitung.it\/gardaseezeitung_new\/de\/wp-json\/wp\/v2\/types\/post"}],"author":[{"embeddable":true,"href":"https:\/\/www.gardaseezeitung.it\/gardaseezeitung_new\/de\/wp-json\/wp\/v2\/users\/9"}],"replies":[{"embeddable":true,"href":"https:\/\/www.gardaseezeitung.it\/gardaseezeitung_new\/de\/wp-json\/wp\/v2\/comments?post=6261"}],"version-history":[{"count":1,"href":"https:\/\/www.gardaseezeitung.it\/gardaseezeitung_new\/de\/wp-json\/wp\/v2\/posts\/6261\/revisions"}],"predecessor-version":[{"id":6262,"href":"https:\/\/www.gardaseezeitung.it\/gardaseezeitung_new\/de\/wp-json\/wp\/v2\/posts\/6261\/revisions\/6262"}],"wp:featuredmedia":[{"embeddable":true,"href":"https:\/\/www.gardaseezeitung.it\/gardaseezeitung_new\/de\/wp-json\/wp\/v2\/media\/6260"}],"wp:attachment":[{"href":"https:\/\/www.gardaseezeitung.it\/gardaseezeitung_new\/de\/wp-json\/wp\/v2\/media?parent=6261"}],"wp:term":[{"taxonomy":"category","embeddable":true,"href":"https:\/\/www.gardaseezeitung.it\/gardaseezeitung_new\/de\/wp-json\/wp\/v2\/categories?post=6261"},{"taxonomy":"post_tag","embeddable":true,"href":"https:\/\/www.gardaseezeitung.it\/gardaseezeitung_new\/de\/wp-json\/wp\/v2\/tags?post=6261"},{"taxonomy":"news-destination","embeddable":true,"href":"https:\/\/www.gardaseezeitung.it\/gardaseezeitung_new\/de\/wp-json\/wp\/v2\/news-destination?post=6261"},{"taxonomy":"news-source","embeddable":true,"href":"https:\/\/www.gardaseezeitung.it\/gardaseezeitung_new\/de\/wp-json\/wp\/v2\/news-source?post=6261"},{"taxonomy":"is_homepage","embeddable":true,"href":"https:\/\/www.gardaseezeitung.it\/gardaseezeitung_new\/de\/wp-json\/wp\/v2\/is_homepage?post=6261"},{"taxonomy":"ta_other","embeddable":true,"href":"https:\/\/www.gardaseezeitung.it\/gardaseezeitung_new\/de\/wp-json\/wp\/v2\/ta_other?post=6261"}],"curies":[{"name":"wp","href":"https:\/\/api.w.org\/{rel}","templated":true}]}}