{"id":6265,"date":"2021-04-18T19:01:26","date_gmt":"2021-04-18T17:01:26","guid":{"rendered":"http:\/\/euwp08.newsmemory.com\/gardaseezeitung_new\/de\/2021\/04\/18\/der-beruehmte-veroneser-kuechenchef-perbellini-eroeffnet-ein-restaurant-gardasee\/"},"modified":"2021-04-18T19:02:57","modified_gmt":"2020-06-22T19:02:57","slug":"der-beruehmte-veroneser-kuechenchef-perbellini-eroeffnet-ein-restaurant-gardasee","status":"publish","type":"post","link":"https:\/\/www.gardaseezeitung.it\/2021\/04\/18\/der-beruehmte-veroneser-kuechenchef-perbellini-eroeffnet-ein-restaurant-gardasee\/","title":{"rendered":"Der ber\u00fchmte Veroneser Chef Perbellini er\u00f6ffnet ein Restaurant am Gardasee"},"content":{"rendered":"<p style=\"text-align: justify\">Ein Jahr nach seiner &#8222;Landung&#8220; in Sizilien er\u00f6ffnete Giancarlo Perbellini eine &#8222;Locanda&#8220; am Gardasee. Er \u00fcbernahm das historische Restaurant &#8222;Ai Beati&#8220; in Garda und verwandelte es in die &#8222;Locanda Perbellini Ai Beati&#8220;. Die Location besteht aus vier Innenr\u00e4umen und einer Terrasse mit herrlicher Aussicht. Die Einweihung ist f\u00fcr Anfang Mai geplant, vorbehaltlich der Anti-Covid-Restriktionen. Das Format ist das &#8222;Locanda&#8220;-Modell, das Giancarlo Perbellini nach Verona, Mailand und Sizilien in verschiedenen Teilen Italiens repliziert, mit dem Ziel, in den kommenden Jahren neue zu er\u00f6ffnen. Am Gardasee wird der Chefkoch ein Programm vorschlagen, das sich durch regionale Rezepte der italienischen Tradition auszeichnet, die er nach seiner pers\u00f6nlichen Vision auf zeitgem\u00e4\u00dfe Weise neu interpretiert. Giancarlo Perbellini wird die Er\u00f6ffnung des Restaurants verfolgen und dann das Ruder an Marco Cicchelli \u00fcbergeben, der als Partner einsteigt und f\u00fcr die Leitung des Restaurants verantwortlich sein wird. Koordiniert wird die K\u00fcchenbrigade von dem jungen Veroneser K\u00fcchenchef Michele Bosco.<\/p>\n","protected":false},"excerpt":{"rendered":"<p>Er hat die historische &#8222;Locanda ai Beati&#8220; oberhalb des Gardasees \u00fcbernommen: Einweihung im Mai<\/p>\n","protected":false},"author":9,"featured_media":6264,"comment_status":"open","ping_status":"open","sticky":false,"template":"","format":"standard","meta":[],"categories":[2,6],"tags":[25,23,26,689,690,691,692,693,694,38],"news-destination":[],"news-source":[],"is_homepage":[],"ta_other":[],"featured_media_details":{"width":1024,"height":997,"file":"2021\/04\/terrazza-vista-lago.jpg","sizes":{"thumbnail":{"file":"terrazza-vista-lago-150x150.jpg","width":150,"height":150,"mime-type":"image\/jpeg","source_url":"https:\/\/www.gardaseezeitung.it\/gardaseezeitung_new\/de\/wp-content\/uploads\/sites\/2\/2021\/04\/terrazza-vista-lago-150x150.jpg"},"medium":{"file":"terrazza-vista-lago-300x292.jpg","width":300,"height":292,"mime-type":"image\/jpeg","source_url":"https:\/\/www.gardaseezeitung.it\/gardaseezeitung_new\/de\/wp-content\/uploads\/sites\/2\/2021\/04\/terrazza-vista-lago-300x292.jpg"},"medium_large":{"file":"terrazza-vista-lago-768x748.jpg","width":768,"height":748,"mime-type":"image\/jpeg","source_url":"https:\/\/www.gardaseezeitung.it\/gardaseezeitung_new\/de\/wp-content\/uploads\/sites\/2\/2021\/04\/terrazza-vista-lago-768x748.jpg"},"large":{"file":"terrazza-vista-lago-1024x997.jpg","width":1024,"height":997,"mime-type":"image\/jpeg","source_url":"https:\/\/www.gardaseezeitung.it\/gardaseezeitung_new\/de\/wp-content\/uploads\/sites\/2\/2021\/04\/terrazza-vista-lago-1024x997.jpg"},"big_image":{"file":"terrazza-vista-lago-750x730.jpg","width":750,"height":730,"mime-type":"image\/jpeg","source_url":"https:\/\/www.gardaseezeitung.it\/gardaseezeitung_new\/de\/wp-content\/uploads\/sites\/2\/2021\/04\/terrazza-vista-lago-750x730.jpg"},"guest-author-32":{"file":"terrazza-vista-lago-32x32.jpg","width":32,"height":32,"mime-type":"image\/jpeg","source_url":"https:\/\/www.gardaseezeitung.it\/gardaseezeitung_new\/de\/wp-content\/uploads\/sites\/2\/2021\/04\/terrazza-vista-lago-32x32.jpg"},"guest-author-50":{"file":"terrazza-vista-lago-50x50.jpg","width":50,"height":50,"mime-type":"image\/jpeg","source_url":"https:\/\/www.gardaseezeitung.it\/gardaseezeitung_new\/de\/wp-content\/uploads\/sites\/2\/2021\/04\/terrazza-vista-lago-50x50.jpg"},"guest-author-64":{"file":"terrazza-vista-lago-64x64.jpg","width":64,"height":64,"mime-type":"image\/jpeg","source_url":"https:\/\/www.gardaseezeitung.it\/gardaseezeitung_new\/de\/wp-content\/uploads\/sites\/2\/2021\/04\/terrazza-vista-lago-64x64.jpg"},"guest-author-96":{"file":"terrazza-vista-lago-96x96.jpg","width":96,"height":96,"mime-type":"image\/jpeg","source_url":"https:\/\/www.gardaseezeitung.it\/gardaseezeitung_new\/de\/wp-content\/uploads\/sites\/2\/2021\/04\/terrazza-vista-lago-96x96.jpg"},"guest-author-128":{"file":"terrazza-vista-lago-128x128.jpg","width":128,"height":128,"mime-type":"image\/jpeg","source_url":"https:\/\/www.gardaseezeitung.it\/gardaseezeitung_new\/de\/wp-content\/uploads\/sites\/2\/2021\/04\/terrazza-vista-lago-128x128.jpg"},"full":{"file":"terrazza-vista-lago.jpg","width":1024,"height":997,"mime_type":"","source_url":"https:\/\/www.gardaseezeitung.it\/gardaseezeitung_new\/de\/wp-content\/uploads\/sites\/2\/2021\/04\/terrazza-vista-lago.jpg"}},"image_meta":{"aperture":"0","credit":"","camera":"","caption":"","created_timestamp":"0","copyright":"","focal_length":"0","iso":"0","shutter_speed":"0","title":"","orientation":"0","keywords":[]}},"_links":{"self":[{"href":"https:\/\/www.gardaseezeitung.it\/gardaseezeitung_new\/de\/wp-json\/wp\/v2\/posts\/6265"}],"collection":[{"href":"https:\/\/www.gardaseezeitung.it\/gardaseezeitung_new\/de\/wp-json\/wp\/v2\/posts"}],"about":[{"href":"https:\/\/www.gardaseezeitung.it\/gardaseezeitung_new\/de\/wp-json\/wp\/v2\/types\/post"}],"author":[{"embeddable":true,"href":"https:\/\/www.gardaseezeitung.it\/gardaseezeitung_new\/de\/wp-json\/wp\/v2\/users\/9"}],"replies":[{"embeddable":true,"href":"https:\/\/www.gardaseezeitung.it\/gardaseezeitung_new\/de\/wp-json\/wp\/v2\/comments?post=6265"}],"version-history":[{"count":2,"href":"https:\/\/www.gardaseezeitung.it\/gardaseezeitung_new\/de\/wp-json\/wp\/v2\/posts\/6265\/revisions"}],"predecessor-version":[{"id":6267,"href":"https:\/\/www.gardaseezeitung.it\/gardaseezeitung_new\/de\/wp-json\/wp\/v2\/posts\/6265\/revisions\/6267"}],"wp:featuredmedia":[{"embeddable":true,"href":"https:\/\/www.gardaseezeitung.it\/gardaseezeitung_new\/de\/wp-json\/wp\/v2\/media\/6264"}],"wp:attachment":[{"href":"https:\/\/www.gardaseezeitung.it\/gardaseezeitung_new\/de\/wp-json\/wp\/v2\/media?parent=6265"}],"wp:term":[{"taxonomy":"category","embeddable":true,"href":"https:\/\/www.gardaseezeitung.it\/gardaseezeitung_new\/de\/wp-json\/wp\/v2\/categories?post=6265"},{"taxonomy":"post_tag","embeddable":true,"href":"https:\/\/www.gardaseezeitung.it\/gardaseezeitung_new\/de\/wp-json\/wp\/v2\/tags?post=6265"},{"taxonomy":"news-destination","embeddable":true,"href":"https:\/\/www.gardaseezeitung.it\/gardaseezeitung_new\/de\/wp-json\/wp\/v2\/news-destination?post=6265"},{"taxonomy":"news-source","embeddable":true,"href":"https:\/\/www.gardaseezeitung.it\/gardaseezeitung_new\/de\/wp-json\/wp\/v2\/news-source?post=6265"},{"taxonomy":"is_homepage","embeddable":true,"href":"https:\/\/www.gardaseezeitung.it\/gardaseezeitung_new\/de\/wp-json\/wp\/v2\/is_homepage?post=6265"},{"taxonomy":"ta_other","embeddable":true,"href":"https:\/\/www.gardaseezeitung.it\/gardaseezeitung_new\/de\/wp-json\/wp\/v2\/ta_other?post=6265"}],"curies":[{"name":"wp","href":"https:\/\/api.w.org\/{rel}","templated":true}]}}