{"id":6296,"date":"2021-04-22T21:05:45","date_gmt":"2021-04-22T19:05:45","guid":{"rendered":"http:\/\/euwp08.newsmemory.com\/gardaseezeitung_new\/de\/2021\/04\/22\/internationaler-triathlon-von-bardolino-auf-2022-verschoben\/"},"modified":"2021-04-22T21:05:47","modified_gmt":"2020-06-26T21:05:47","slug":"internationaler-triathlon-von-bardolino-auf-2022-verschoben","status":"publish","type":"post","link":"https:\/\/www.gardaseezeitung.it\/2021\/04\/22\/internationaler-triathlon-von-bardolino-auf-2022-verschoben\/","title":{"rendered":"Internationaler Triathlon von Bardolino auf 2022 verschoben"},"content":{"rendered":"<p style=\"text-align: justify\">Das zweite Jahr in Folge f\u00e4llt die Veranstaltung, die seit 36 Jahren ununterbrochen stattfindet, aus. &#8222;Das Organisationskomitee hat in den letzten Monaten alles getan, um diese Veranstaltung durchzuf\u00fchren, aber aufgrund der noch bestehenden Covid19-Ma\u00dfnahmen, der anspruchsvollen organisatorischen Anforderungen und der Einschr\u00e4nkungen f\u00fcr die Bewegung der Athleten aus der ganzen Welt wird es nicht m\u00f6glich sein, die Veranstaltung abzuhalten&#8220;, kommuniziert auf seinen sozialen Kan\u00e4len Dante Armanini, der Schirmherr dieses europaweit bekannten Wettbewerbs.<\/p>\n","protected":false},"excerpt":{"rendered":"<p>Das wichtigste nationale Rennen \u00fcber die olympische Distanz war f\u00fcr Samstag, den 12. Juni, geplant, wird aber in diesem Jahr nicht stattfinden<\/p>\n","protected":false},"author":9,"featured_media":3261,"comment_status":"open","ping_status":"open","sticky":false,"template":"","format":"standard","meta":[],"categories":[2,5,3],"tags":[50,706,25,23,26,707],"news-destination":[],"news-source":[],"is_homepage":[],"ta_other":[],"featured_media_details":{"width":1024,"height":768,"file":"2020\/08\/d95edb9e2fd2e26dde3e1ed3d4a60453.jpg","sizes":{"thumbnail":{"file":"d95edb9e2fd2e26dde3e1ed3d4a60453-150x150.jpg","width":150,"height":150,"mime-type":"image\/jpeg","source_url":"https:\/\/www.gardaseezeitung.it\/gardaseezeitung_new\/de\/wp-content\/uploads\/sites\/2\/2019\/10\/d95edb9e2fd2e26dde3e1ed3d4a60453-150x150.jpg"},"medium":{"file":"d95edb9e2fd2e26dde3e1ed3d4a60453-300x225.jpg","width":300,"height":225,"mime-type":"image\/jpeg","source_url":"https:\/\/www.gardaseezeitung.it\/gardaseezeitung_new\/de\/wp-content\/uploads\/sites\/2\/2019\/10\/d95edb9e2fd2e26dde3e1ed3d4a60453-300x225.jpg"},"medium_large":{"file":"d95edb9e2fd2e26dde3e1ed3d4a60453-768x576.jpg","width":768,"height":576,"mime-type":"image\/jpeg","source_url":"https:\/\/www.gardaseezeitung.it\/gardaseezeitung_new\/de\/wp-content\/uploads\/sites\/2\/2019\/10\/d95edb9e2fd2e26dde3e1ed3d4a60453-768x576.jpg"},"large":{"file":"d95edb9e2fd2e26dde3e1ed3d4a60453-1024x768.jpg","width":1024,"height":768,"mime-type":"image\/jpeg","source_url":"https:\/\/www.gardaseezeitung.it\/gardaseezeitung_new\/de\/wp-content\/uploads\/sites\/2\/2019\/10\/d95edb9e2fd2e26dde3e1ed3d4a60453-1024x768.jpg"},"big_image":{"file":"d95edb9e2fd2e26dde3e1ed3d4a60453-750x563.jpg","width":750,"height":563,"mime-type":"image\/jpeg","source_url":"https:\/\/www.gardaseezeitung.it\/gardaseezeitung_new\/de\/wp-content\/uploads\/sites\/2\/2019\/10\/d95edb9e2fd2e26dde3e1ed3d4a60453-750x563.jpg"},"guest-author-32":{"file":"d95edb9e2fd2e26dde3e1ed3d4a60453-32x32.jpg","width":32,"height":32,"mime-type":"image\/jpeg","source_url":"https:\/\/www.gardaseezeitung.it\/gardaseezeitung_new\/de\/wp-content\/uploads\/sites\/2\/2019\/10\/d95edb9e2fd2e26dde3e1ed3d4a60453-32x32.jpg"},"guest-author-50":{"file":"d95edb9e2fd2e26dde3e1ed3d4a60453-50x50.jpg","width":50,"height":50,"mime-type":"image\/jpeg","source_url":"https:\/\/www.gardaseezeitung.it\/gardaseezeitung_new\/de\/wp-content\/uploads\/sites\/2\/2019\/10\/d95edb9e2fd2e26dde3e1ed3d4a60453-50x50.jpg"},"guest-author-64":{"file":"d95edb9e2fd2e26dde3e1ed3d4a60453-64x64.jpg","width":64,"height":64,"mime-type":"image\/jpeg","source_url":"https:\/\/www.gardaseezeitung.it\/gardaseezeitung_new\/de\/wp-content\/uploads\/sites\/2\/2019\/10\/d95edb9e2fd2e26dde3e1ed3d4a60453-64x64.jpg"},"guest-author-96":{"file":"d95edb9e2fd2e26dde3e1ed3d4a60453-96x96.jpg","width":96,"height":96,"mime-type":"image\/jpeg","source_url":"https:\/\/www.gardaseezeitung.it\/gardaseezeitung_new\/de\/wp-content\/uploads\/sites\/2\/2019\/10\/d95edb9e2fd2e26dde3e1ed3d4a60453-96x96.jpg"},"guest-author-128":{"file":"d95edb9e2fd2e26dde3e1ed3d4a60453-128x128.jpg","width":128,"height":128,"mime-type":"image\/jpeg","source_url":"https:\/\/www.gardaseezeitung.it\/gardaseezeitung_new\/de\/wp-content\/uploads\/sites\/2\/2019\/10\/d95edb9e2fd2e26dde3e1ed3d4a60453-128x128.jpg"},"full":{"file":"d95edb9e2fd2e26dde3e1ed3d4a60453.jpg","width":1024,"height":768,"mime_type":"","source_url":"https:\/\/www.gardaseezeitung.it\/gardaseezeitung_new\/de\/wp-content\/uploads\/sites\/2\/2019\/10\/d95edb9e2fd2e26dde3e1ed3d4a60453.jpg"}},"image_meta":{"aperture":"0","credit":"","camera":"","caption":"","created_timestamp":"0","copyright":"","focal_length":"0","iso":"0","shutter_speed":"0","title":"","orientation":"1","keywords":[]}},"_links":{"self":[{"href":"https:\/\/www.gardaseezeitung.it\/gardaseezeitung_new\/de\/wp-json\/wp\/v2\/posts\/6296"}],"collection":[{"href":"https:\/\/www.gardaseezeitung.it\/gardaseezeitung_new\/de\/wp-json\/wp\/v2\/posts"}],"about":[{"href":"https:\/\/www.gardaseezeitung.it\/gardaseezeitung_new\/de\/wp-json\/wp\/v2\/types\/post"}],"author":[{"embeddable":true,"href":"https:\/\/www.gardaseezeitung.it\/gardaseezeitung_new\/de\/wp-json\/wp\/v2\/users\/9"}],"replies":[{"embeddable":true,"href":"https:\/\/www.gardaseezeitung.it\/gardaseezeitung_new\/de\/wp-json\/wp\/v2\/comments?post=6296"}],"version-history":[{"count":1,"href":"https:\/\/www.gardaseezeitung.it\/gardaseezeitung_new\/de\/wp-json\/wp\/v2\/posts\/6296\/revisions"}],"predecessor-version":[{"id":6297,"href":"https:\/\/www.gardaseezeitung.it\/gardaseezeitung_new\/de\/wp-json\/wp\/v2\/posts\/6296\/revisions\/6297"}],"wp:featuredmedia":[{"embeddable":true,"href":"https:\/\/www.gardaseezeitung.it\/gardaseezeitung_new\/de\/wp-json\/wp\/v2\/media\/3261"}],"wp:attachment":[{"href":"https:\/\/www.gardaseezeitung.it\/gardaseezeitung_new\/de\/wp-json\/wp\/v2\/media?parent=6296"}],"wp:term":[{"taxonomy":"category","embeddable":true,"href":"https:\/\/www.gardaseezeitung.it\/gardaseezeitung_new\/de\/wp-json\/wp\/v2\/categories?post=6296"},{"taxonomy":"post_tag","embeddable":true,"href":"https:\/\/www.gardaseezeitung.it\/gardaseezeitung_new\/de\/wp-json\/wp\/v2\/tags?post=6296"},{"taxonomy":"news-destination","embeddable":true,"href":"https:\/\/www.gardaseezeitung.it\/gardaseezeitung_new\/de\/wp-json\/wp\/v2\/news-destination?post=6296"},{"taxonomy":"news-source","embeddable":true,"href":"https:\/\/www.gardaseezeitung.it\/gardaseezeitung_new\/de\/wp-json\/wp\/v2\/news-source?post=6296"},{"taxonomy":"is_homepage","embeddable":true,"href":"https:\/\/www.gardaseezeitung.it\/gardaseezeitung_new\/de\/wp-json\/wp\/v2\/is_homepage?post=6296"},{"taxonomy":"ta_other","embeddable":true,"href":"https:\/\/www.gardaseezeitung.it\/gardaseezeitung_new\/de\/wp-json\/wp\/v2\/ta_other?post=6296"}],"curies":[{"name":"wp","href":"https:\/\/api.w.org\/{rel}","templated":true}]}}