{"id":6329,"date":"2021-04-24T12:58:54","date_gmt":"2021-04-24T10:58:54","guid":{"rendered":"http:\/\/euwp08.newsmemory.com\/gardaseezeitung_new\/de\/2021\/04\/24\/auch-lombardei-und-garda-trentino-ab-montag-der-gelben-zone\/"},"modified":"2021-04-26T21:35:50","modified_gmt":"2020-06-30T21:35:50","slug":"auch-lombardei-und-garda-trentino-ab-montag-der-gelben-zone","status":"publish","type":"post","link":"https:\/\/www.gardaseezeitung.it\/2021\/04\/24\/auch-lombardei-und-garda-trentino-ab-montag-der-gelben-zone\/","title":{"rendered":"Auch Lombardei und Garda Trentino ab Montag in der gelben Zone"},"content":{"rendered":"<p>&nbsp;<\/p>\n<p>Nach der Region Venetien kam die Best\u00e4tigung, dass ab diesem Montag auch die Lombardei und Trentino-S\u00fcdtirol (also die beiden Provinzen Trient und Bozen) in die gelbe Zone \u00fcbergehen, wo die Einschr\u00e4nkungen weniger streng sind.<\/p>\n<p>BEWEGUNGEN<br \/>\nMit\u00a0der R\u00fcckkehr in die gelbe Zone k\u00f6nnen Sie sich in den anderen Gemeinden Venetiens und den gelben Regionen frei bewegen. Um in die roten oder orangefarbenen Regionen zu kommen, gibt es stattdessen zwei M\u00f6glichkeiten: Entweder ist der Umzug arbeitsbedingt, aus gesundheitlichen Gr\u00fcnden oder aus Notwendigkeit, oder, wenn die Gr\u00fcnde andere sind, m\u00fcssen Sie den \u201egr\u00fcnen Pass\u201c haben. Diese durch das letzte Dekret eingef\u00fchrte Bescheinigung wird denjenigen ausgestellt, die den Impfzyklus abgeschlossen haben oder die an Covid erkrankt sind und sich erholt haben, oder alternativ denjenigen, die sp\u00e4testens 48 Stunden vor der Ankunft einen Molekular- oder Schnelltest mit negativem Ergebnis durchgef\u00fchrt haben. Seien Sie vorsichtig, denn das Dekret sieht auch Strafen bis hin zu Haftstrafen f\u00fcr diejenigen vor, die es f\u00e4lschen.<\/p>\n<p>DIE ABDECKUNG<br \/>\nEs bleibt das Verbot, sich von 22 Uhr abends bis 5 Uhr morgens zu bewegen. Diese Einschr\u00e4nkung wird jedoch nicht unbedingt bis zum 31. Juli andauern: Alles h\u00e4ngt von der Entwicklung der Ansteckung ab.<br \/>\nBESUCHE<br \/>\nAb Montag und bis zum 15. Juni ist es in der gelben Zone erlaubt, einmal pro Tag in ein Privathaus zu gehen. Die Anzahl der Personen, die in einem anderen Haus untergebracht werden k\u00f6nnen, wird erh\u00f6ht: maximal vier, nat\u00fcrlich ohne R\u00fccksicht auf die Bewohner. Dar\u00fcber hinaus k\u00f6nnen Personen, die umziehen, minderj\u00e4hrige oder behinderte Mitbewohner mitbringen.<br \/>\nRESTAURANTS UND BARS<br \/>\nBars und Restaurants \u00f6ffnen wieder zum Mittag- und Abendessen, allerdings nur im Freien. Zu dieser Einschr\u00e4nkung kommt nat\u00fcrlich noch die Sperrstunde hinzu: Wer ausw\u00e4rts speist, ist verpflichtet, bis 22 Uhr nach Hause zu gehen. An einem Tisch d\u00fcrfen nicht mehr als vier Personen sitzen, es sei denn, es handelt sich um Mitbewohner. F\u00fcr Kunden von Hotels und anderen Beherbergungsbetrieben, die auch Verpflegung anbieten, gibt es keine zeitlichen Einschr\u00e4nkungen. Die Wiederer\u00f6ffnung von Restaurants auch im Innenbereich wird erst ab dem 1. Juni von 5 bis 18 Uhr m\u00f6glich sein.<br \/>\nDIE SCHAUSPIELE<br \/>\nVon Montag zur\u00fcck zu den Shows in Theatern, Konzerts\u00e4len, Kinos, Live-Clubs und anderen lokalen oder R\u00e4umen, einschlie\u00dflich im Freien. Allerdings sieht das Dekret einige Einschr\u00e4nkungen vor: Die Shows finden nur noch auf vorher reservierten Pl\u00e4tzen\u201c und mit einem Abstand von mindestens einem Meter statt. Die Kapazit\u00e4t kann nicht mehr als 50% des Maximums betragen. Allerdings gibt es H\u00f6chstgrenzen: eintausend Zuschauer im Freien und 500 in der Halle. Einige Veranstaltungen k\u00f6nnen nur f\u00fcr Personen mit einem \u201egr\u00fcnen Pass\u201c reserviert sein.<br \/>\nSPORTS<br \/>\nAb Montag werden sportliche Aktivit\u00e4ten im Freien, einschlie\u00dflich Mannschafts- und Kontaktsportarten, in der gelben Zone erlaubt sein. Sie m\u00fcssen bis zum 15. Mai warten, um wieder im Schwimmbad schwimmen zu k\u00f6nnen, aber nur im Freien und nur, wenn das Veneto in der gelben Zone bleibt. Die Turnhallen werden stattdessen am 1. Juni wieder ge\u00f6ffnet. Ebenfalls ab dem 1. Juni k\u00f6nnen Sie in der gelben Zone Sportveranstaltungen in Stadien oder Arenen mit einer Kapazit\u00e4t von nicht mehr als 25%, mit nicht mehr als tausend Zuschauern im Freien und 500 Zuschauern in der Halle, verfolgen.<br \/>\nPARKS UND MESSEN<br \/>\nAb 15. Juni in der gelben Zone wieder \u00f6ffnen Messen. Ab 1. Juli gr\u00fcnes Licht f\u00fcr Tagungen und Kongresse, Spas, Themen- und Freizeitparks.<\/p>\n<p>&nbsp;<\/p>\n","protected":false},"excerpt":{"rendered":"<p>Covid-Infektionen sind in ganz Italien r\u00fcckl\u00e4ufig, die italienische Regierung gibt gr\u00fcnes Licht f\u00fcr den \u00dcbergang zu weniger restriktiven Ma\u00dfnahmen<\/p>\n","protected":false},"author":9,"featured_media":4889,"comment_status":"open","ping_status":"open","sticky":false,"template":"","format":"standard","meta":[],"categories":[2],"tags":[599,710,251,730,407,514,731],"news-destination":[],"news-source":[],"is_homepage":[],"ta_other":[],"featured_media_details":{"width":1244,"height":712,"file":"2020\/08\/golosabici2017-claudio-angelini-255.jpg","sizes":{"thumbnail":{"file":"golosabici2017-claudio-angelini-255-150x150.jpg","width":150,"height":150,"mime-type":"image\/jpeg","source_url":"https:\/\/www.gardaseezeitung.it\/gardaseezeitung_new\/de\/wp-content\/uploads\/sites\/2\/2020\/08\/golosabici2017-claudio-angelini-255-150x150.jpg"},"medium":{"file":"golosabici2017-claudio-angelini-255-300x172.jpg","width":300,"height":172,"mime-type":"image\/jpeg","source_url":"https:\/\/www.gardaseezeitung.it\/gardaseezeitung_new\/de\/wp-content\/uploads\/sites\/2\/2020\/08\/golosabici2017-claudio-angelini-255-300x172.jpg"},"medium_large":{"file":"golosabici2017-claudio-angelini-255-768x440.jpg","width":768,"height":440,"mime-type":"image\/jpeg","source_url":"https:\/\/www.gardaseezeitung.it\/gardaseezeitung_new\/de\/wp-content\/uploads\/sites\/2\/2020\/08\/golosabici2017-claudio-angelini-255-768x440.jpg"},"large":{"file":"golosabici2017-claudio-angelini-255-1024x586.jpg","width":1024,"height":586,"mime-type":"image\/jpeg","source_url":"https:\/\/www.gardaseezeitung.it\/gardaseezeitung_new\/de\/wp-content\/uploads\/sites\/2\/2020\/08\/golosabici2017-claudio-angelini-255-1024x586.jpg"},"big_image":{"file":"golosabici2017-claudio-angelini-255-750x429.jpg","width":750,"height":429,"mime-type":"image\/jpeg","source_url":"https:\/\/www.gardaseezeitung.it\/gardaseezeitung_new\/de\/wp-content\/uploads\/sites\/2\/2020\/08\/golosabici2017-claudio-angelini-255-750x429.jpg"},"guest-author-32":{"file":"golosabici2017-claudio-angelini-255-32x32.jpg","width":32,"height":32,"mime-type":"image\/jpeg","source_url":"https:\/\/www.gardaseezeitung.it\/gardaseezeitung_new\/de\/wp-content\/uploads\/sites\/2\/2020\/08\/golosabici2017-claudio-angelini-255-32x32.jpg"},"guest-author-50":{"file":"golosabici2017-claudio-angelini-255-50x50.jpg","width":50,"height":50,"mime-type":"image\/jpeg","source_url":"https:\/\/www.gardaseezeitung.it\/gardaseezeitung_new\/de\/wp-content\/uploads\/sites\/2\/2020\/08\/golosabici2017-claudio-angelini-255-50x50.jpg"},"guest-author-64":{"file":"golosabici2017-claudio-angelini-255-64x64.jpg","width":64,"height":64,"mime-type":"image\/jpeg","source_url":"https:\/\/www.gardaseezeitung.it\/gardaseezeitung_new\/de\/wp-content\/uploads\/sites\/2\/2020\/08\/golosabici2017-claudio-angelini-255-64x64.jpg"},"guest-author-96":{"file":"golosabici2017-claudio-angelini-255-96x96.jpg","width":96,"height":96,"mime-type":"image\/jpeg","source_url":"https:\/\/www.gardaseezeitung.it\/gardaseezeitung_new\/de\/wp-content\/uploads\/sites\/2\/2020\/08\/golosabici2017-claudio-angelini-255-96x96.jpg"},"guest-author-128":{"file":"golosabici2017-claudio-angelini-255-128x128.jpg","width":128,"height":128,"mime-type":"image\/jpeg","source_url":"https:\/\/www.gardaseezeitung.it\/gardaseezeitung_new\/de\/wp-content\/uploads\/sites\/2\/2020\/08\/golosabici2017-claudio-angelini-255-128x128.jpg"},"full":{"file":"golosabici2017-claudio-angelini-255.jpg","width":1244,"height":712,"mime_type":"","source_url":"https:\/\/www.gardaseezeitung.it\/gardaseezeitung_new\/de\/wp-content\/uploads\/sites\/2\/2020\/08\/golosabici2017-claudio-angelini-255.jpg"}},"image_meta":{"aperture":"0","credit":"","camera":"","caption":"","created_timestamp":"0","copyright":"claudioangelini.com","focal_length":"0","iso":"0","shutter_speed":"0","title":"","orientation":"0","keywords":[]}},"_links":{"self":[{"href":"https:\/\/www.gardaseezeitung.it\/gardaseezeitung_new\/de\/wp-json\/wp\/v2\/posts\/6329"}],"collection":[{"href":"https:\/\/www.gardaseezeitung.it\/gardaseezeitung_new\/de\/wp-json\/wp\/v2\/posts"}],"about":[{"href":"https:\/\/www.gardaseezeitung.it\/gardaseezeitung_new\/de\/wp-json\/wp\/v2\/types\/post"}],"author":[{"embeddable":true,"href":"https:\/\/www.gardaseezeitung.it\/gardaseezeitung_new\/de\/wp-json\/wp\/v2\/users\/9"}],"replies":[{"embeddable":true,"href":"https:\/\/www.gardaseezeitung.it\/gardaseezeitung_new\/de\/wp-json\/wp\/v2\/comments?post=6329"}],"version-history":[{"count":4,"href":"https:\/\/www.gardaseezeitung.it\/gardaseezeitung_new\/de\/wp-json\/wp\/v2\/posts\/6329\/revisions"}],"predecessor-version":[{"id":6353,"href":"https:\/\/www.gardaseezeitung.it\/gardaseezeitung_new\/de\/wp-json\/wp\/v2\/posts\/6329\/revisions\/6353"}],"wp:featuredmedia":[{"embeddable":true,"href":"https:\/\/www.gardaseezeitung.it\/gardaseezeitung_new\/de\/wp-json\/wp\/v2\/media\/4889"}],"wp:attachment":[{"href":"https:\/\/www.gardaseezeitung.it\/gardaseezeitung_new\/de\/wp-json\/wp\/v2\/media?parent=6329"}],"wp:term":[{"taxonomy":"category","embeddable":true,"href":"https:\/\/www.gardaseezeitung.it\/gardaseezeitung_new\/de\/wp-json\/wp\/v2\/categories?post=6329"},{"taxonomy":"post_tag","embeddable":true,"href":"https:\/\/www.gardaseezeitung.it\/gardaseezeitung_new\/de\/wp-json\/wp\/v2\/tags?post=6329"},{"taxonomy":"news-destination","embeddable":true,"href":"https:\/\/www.gardaseezeitung.it\/gardaseezeitung_new\/de\/wp-json\/wp\/v2\/news-destination?post=6329"},{"taxonomy":"news-source","embeddable":true,"href":"https:\/\/www.gardaseezeitung.it\/gardaseezeitung_new\/de\/wp-json\/wp\/v2\/news-source?post=6329"},{"taxonomy":"is_homepage","embeddable":true,"href":"https:\/\/www.gardaseezeitung.it\/gardaseezeitung_new\/de\/wp-json\/wp\/v2\/is_homepage?post=6329"},{"taxonomy":"ta_other","embeddable":true,"href":"https:\/\/www.gardaseezeitung.it\/gardaseezeitung_new\/de\/wp-json\/wp\/v2\/ta_other?post=6329"}],"curies":[{"name":"wp","href":"https:\/\/api.w.org\/{rel}","templated":true}]}}