{"id":6386,"date":"2021-04-29T00:30:23","date_gmt":"2021-04-28T22:30:23","guid":{"rendered":"http:\/\/euwp08.newsmemory.com\/gardaseezeitung_new\/de\/2021\/04\/29\/lombardei-der-gelben-zone-museen-wieder-geoeffnet-auch-die-gardasee\/"},"modified":"2021-04-29T00:30:27","modified_gmt":"2020-07-03T00:30:27","slug":"lombardei-der-gelben-zone-museen-wieder-geoeffnet-auch-die-gardasee","status":"publish","type":"post","link":"https:\/\/www.gardaseezeitung.it\/2021\/04\/29\/lombardei-der-gelben-zone-museen-wieder-geoeffnet-auch-die-gardasee\/","title":{"rendered":"Lombardei in der gelben Zone, Museen wieder ge\u00f6ffnet. Auch die am Gardasee"},"content":{"rendered":"<p>&nbsp;<\/p>\n<p>Die Museen von Sirmione und Desenzano sind seit dem 27. April ge\u00f6ffnet. Hier finden Sie die Details zu den \u00d6ffnungszeiten und Besuchsmodalit\u00e4ten (immer aktualisiert auf musei.lombardia.beniculturali.it).<\/p>\n<p><strong>Scaliger Schloss (Sirmione)<\/strong><br \/>\n\u00d6ffnungszeiten f\u00fcr die \u00d6ffentlichkeit: Dienstag-Samstag 9.00-19.15 Uhr (letzter Einlass 18.30 Uhr), Sonntag 9.00-13.45 Uhr (letzter Einlass 13.00 Uhr); 1. Mai ge\u00f6ffnet. Schlie\u00dftag: Montag\u00a0Reservierung erforderlich unter www.midaticket.it\/garda &#8211; Maximal 40 Personen alle 45 Minuten &#8211; Mastio und Hafenbecken geschlossen<br \/>\n<strong>Grotten des Catullo (Sirmione)<\/strong><br \/>\n\u00d6ffnungszeiten f\u00fcr die \u00d6ffentlichkeit: bis 2. Mai Dienstag-Freitag 8.30-14.00 Uhr (letzter Einlass 13.10 Uhr), Samstag 9.00-18.45 Uhr (letzter Einlass 18.00 Uhr), Sonntag 14.00-19.30 Uhr (letzter Einlass 18.40 Uhr); ab 4. Mai Dienstag-Samstag 8.30-19.30 Uhr (letzter Einlass 18.50 Uhr), Sonntag 14.00-19.30 Uhr (letzter Einlass 18.40 Uhr): Geschlossen: Montag &#8211; 1. Mai ge\u00f6ffnet &#8211; Reservierung erforderlich unter www.midaticket.it\/garda Maximal 60 Personen alle 20 Minuten &#8211; Antiquarium geschlossen<br \/>\n<strong>Villa Romana (R\u00f6mische Villa, Desenzano del Garda) <\/strong><br \/>\n\u00d6ffnungszeiten f\u00fcr die \u00d6ffentlichkeit: bis 2. Mai Dienstag-Freitag 8.30-14.00 Uhr (letzter Einlass 13.30 Uhr), Samstag 8.30-19.30 Uhr (letzter Einlass 19.10 Uhr), Sonntag 14.10-19.30 Uhr (letzter Einlass 19.10 Uhr) ab 4. Mai Dienstag-Samstag 8.30-19.30 Uhr (letzter Einlass 19.10 Uhr), Sonntag 14.10-19.30 Uhr (letzter Einlass 19.10 Uhr) Schlie\u00dftag: Montag &#8211; 1. Mai ge\u00f6ffnet &#8211; Reservierung erforderlich unter www.midaticket.it\/gardaMaximal 20 Personen alle 20 Minuten &#8211; Antiquarium geschlossen<\/p>\n<p>&nbsp;<\/p>\n","protected":false},"excerpt":{"rendered":"<p>Zu den ersten, die ihre Pforten \u00f6ffnen, geh\u00f6ren das Scaliger-Schloss und die Grotten des Catullo in Sirmione sowie die Villa Romana in Desenzano del Garda<\/p>\n","protected":false},"author":9,"featured_media":6385,"comment_status":"open","ping_status":"open","sticky":false,"template":"","format":"standard","meta":[],"categories":[2,4,3],"tags":[25,131,23,26,132,133,134,31,323],"news-destination":[],"news-source":[],"is_homepage":[],"ta_other":[],"featured_media_details":{"width":1024,"height":489,"file":"2021\/04\/grotte-di-catullowww.jpg","sizes":{"thumbnail":{"file":"grotte-di-catullowww-150x150.jpg","width":150,"height":150,"mime-type":"image\/jpeg","source_url":"https:\/\/www.gardaseezeitung.it\/gardaseezeitung_new\/de\/wp-content\/uploads\/sites\/2\/2021\/04\/grotte-di-catullowww-150x150.jpg"},"medium":{"file":"grotte-di-catullowww-300x143.jpg","width":300,"height":143,"mime-type":"image\/jpeg","source_url":"https:\/\/www.gardaseezeitung.it\/gardaseezeitung_new\/de\/wp-content\/uploads\/sites\/2\/2021\/04\/grotte-di-catullowww-300x143.jpg"},"medium_large":{"file":"grotte-di-catullowww-768x367.jpg","width":768,"height":367,"mime-type":"image\/jpeg","source_url":"https:\/\/www.gardaseezeitung.it\/gardaseezeitung_new\/de\/wp-content\/uploads\/sites\/2\/2021\/04\/grotte-di-catullowww-768x367.jpg"},"large":{"file":"grotte-di-catullowww-1024x489.jpg","width":1024,"height":489,"mime-type":"image\/jpeg","source_url":"https:\/\/www.gardaseezeitung.it\/gardaseezeitung_new\/de\/wp-content\/uploads\/sites\/2\/2021\/04\/grotte-di-catullowww-1024x489.jpg"},"big_image":{"file":"grotte-di-catullowww-750x358.jpg","width":750,"height":358,"mime-type":"image\/jpeg","source_url":"https:\/\/www.gardaseezeitung.it\/gardaseezeitung_new\/de\/wp-content\/uploads\/sites\/2\/2021\/04\/grotte-di-catullowww-750x358.jpg"},"guest-author-32":{"file":"grotte-di-catullowww-32x32.jpg","width":32,"height":32,"mime-type":"image\/jpeg","source_url":"https:\/\/www.gardaseezeitung.it\/gardaseezeitung_new\/de\/wp-content\/uploads\/sites\/2\/2021\/04\/grotte-di-catullowww-32x32.jpg"},"guest-author-50":{"file":"grotte-di-catullowww-50x50.jpg","width":50,"height":50,"mime-type":"image\/jpeg","source_url":"https:\/\/www.gardaseezeitung.it\/gardaseezeitung_new\/de\/wp-content\/uploads\/sites\/2\/2021\/04\/grotte-di-catullowww-50x50.jpg"},"guest-author-64":{"file":"grotte-di-catullowww-64x64.jpg","width":64,"height":64,"mime-type":"image\/jpeg","source_url":"https:\/\/www.gardaseezeitung.it\/gardaseezeitung_new\/de\/wp-content\/uploads\/sites\/2\/2021\/04\/grotte-di-catullowww-64x64.jpg"},"guest-author-96":{"file":"grotte-di-catullowww-96x96.jpg","width":96,"height":96,"mime-type":"image\/jpeg","source_url":"https:\/\/www.gardaseezeitung.it\/gardaseezeitung_new\/de\/wp-content\/uploads\/sites\/2\/2021\/04\/grotte-di-catullowww-96x96.jpg"},"guest-author-128":{"file":"grotte-di-catullowww-128x128.jpg","width":128,"height":128,"mime-type":"image\/jpeg","source_url":"https:\/\/www.gardaseezeitung.it\/gardaseezeitung_new\/de\/wp-content\/uploads\/sites\/2\/2021\/04\/grotte-di-catullowww-128x128.jpg"},"full":{"file":"grotte-di-catullowww.jpg","width":1024,"height":489,"mime_type":"","source_url":"https:\/\/www.gardaseezeitung.it\/gardaseezeitung_new\/de\/wp-content\/uploads\/sites\/2\/2021\/04\/grotte-di-catullowww.jpg"}},"image_meta":{"aperture":"0","credit":"","camera":"","caption":"","created_timestamp":"0","copyright":"","focal_length":"0","iso":"0","shutter_speed":"0","title":"","orientation":"0","keywords":[]}},"_links":{"self":[{"href":"https:\/\/www.gardaseezeitung.it\/gardaseezeitung_new\/de\/wp-json\/wp\/v2\/posts\/6386"}],"collection":[{"href":"https:\/\/www.gardaseezeitung.it\/gardaseezeitung_new\/de\/wp-json\/wp\/v2\/posts"}],"about":[{"href":"https:\/\/www.gardaseezeitung.it\/gardaseezeitung_new\/de\/wp-json\/wp\/v2\/types\/post"}],"author":[{"embeddable":true,"href":"https:\/\/www.gardaseezeitung.it\/gardaseezeitung_new\/de\/wp-json\/wp\/v2\/users\/9"}],"replies":[{"embeddable":true,"href":"https:\/\/www.gardaseezeitung.it\/gardaseezeitung_new\/de\/wp-json\/wp\/v2\/comments?post=6386"}],"version-history":[{"count":1,"href":"https:\/\/www.gardaseezeitung.it\/gardaseezeitung_new\/de\/wp-json\/wp\/v2\/posts\/6386\/revisions"}],"predecessor-version":[{"id":6387,"href":"https:\/\/www.gardaseezeitung.it\/gardaseezeitung_new\/de\/wp-json\/wp\/v2\/posts\/6386\/revisions\/6387"}],"wp:featuredmedia":[{"embeddable":true,"href":"https:\/\/www.gardaseezeitung.it\/gardaseezeitung_new\/de\/wp-json\/wp\/v2\/media\/6385"}],"wp:attachment":[{"href":"https:\/\/www.gardaseezeitung.it\/gardaseezeitung_new\/de\/wp-json\/wp\/v2\/media?parent=6386"}],"wp:term":[{"taxonomy":"category","embeddable":true,"href":"https:\/\/www.gardaseezeitung.it\/gardaseezeitung_new\/de\/wp-json\/wp\/v2\/categories?post=6386"},{"taxonomy":"post_tag","embeddable":true,"href":"https:\/\/www.gardaseezeitung.it\/gardaseezeitung_new\/de\/wp-json\/wp\/v2\/tags?post=6386"},{"taxonomy":"news-destination","embeddable":true,"href":"https:\/\/www.gardaseezeitung.it\/gardaseezeitung_new\/de\/wp-json\/wp\/v2\/news-destination?post=6386"},{"taxonomy":"news-source","embeddable":true,"href":"https:\/\/www.gardaseezeitung.it\/gardaseezeitung_new\/de\/wp-json\/wp\/v2\/news-source?post=6386"},{"taxonomy":"is_homepage","embeddable":true,"href":"https:\/\/www.gardaseezeitung.it\/gardaseezeitung_new\/de\/wp-json\/wp\/v2\/is_homepage?post=6386"},{"taxonomy":"ta_other","embeddable":true,"href":"https:\/\/www.gardaseezeitung.it\/gardaseezeitung_new\/de\/wp-json\/wp\/v2\/ta_other?post=6386"}],"curies":[{"name":"wp","href":"https:\/\/api.w.org\/{rel}","templated":true}]}}