{"id":6389,"date":"2021-04-30T00:25:04","date_gmt":"2021-04-29T22:25:04","guid":{"rendered":"http:\/\/euwp08.newsmemory.com\/gardaseezeitung_new\/de\/2021\/04\/30\/rovereto-picasso-de-chirico-und-dali-im-dialog-mit-raffael-im-mart-museum\/"},"modified":"2021-04-30T00:25:13","modified_gmt":"2020-07-04T00:25:13","slug":"rovereto-picasso-de-chirico-und-dali-im-dialog-mit-raffael-im-mart-museum","status":"publish","type":"post","link":"https:\/\/www.gardaseezeitung.it\/2021\/04\/30\/rovereto-picasso-de-chirico-und-dali-im-dialog-mit-raffael-im-mart-museum\/","title":{"rendered":"Rovereto: Picasso, de Chirico und Dal\u00ed im Dialog mit Raffael im Mart Museum"},"content":{"rendered":"<p>&nbsp;<\/p>\n<p style=\"text-align: justify\">Die gro\u00dfe Ausstellung, mit der das Mart die neue Ausstellungssaison er\u00f6ffnet, ist eine neue und vertiefende Studie \u00fcber die Art und Weise, wie Raffaels Kunst drei der wichtigsten Protagonisten des 20. Jahrhunderts beeinflusst hat: Picasso, de Chirico und Dal\u00ed. Obwohl v\u00f6llig unabh\u00e4ngig, lie\u00dfen sich die drei K\u00fcnstler von den Lehren des Malers aus Urbino inspirieren, dessen Werk sie w\u00e4hrend ihrer gesamten Laufbahn studierten, zitierten und interpretierten.<\/p>\n<p>De Chirico erkl\u00e4rte offen seine Bewunderung f\u00fcr Raffael und betrachtete ihn als einen Bezugspunkt f\u00fcr die Ausarbeitung der metaphysischen Poetik und f\u00fcr die nachfolgende klassizistische Saison.<br \/>\nDal\u00ed machte keinen Hehl aus seiner Bewunderung f\u00fcr den Meister, ein Mythos, zu dem er seit seiner Jugend aufschaute und der nach dem Zweiten Weltkrieg zu au\u00dfergew\u00f6hnlichen Neuinterpretationen anregte.<br \/>\nPicasso hingegen hat nie zugegeben, in irgendeiner Weise von Raffael inspiriert worden zu sein; dieser erscheint jedoch am Ursprung einiger seiner Meisterwerke und inspirierte ihn zu einer Reihe respektloser Radierungen zum Thema Raffael und die Fornarina.<\/p>\n<p>Die Ausstellung entfaltet sich durch 8 thematische Abschnitte, von denen drei die Beziehung jedes K\u00fcnstlers zur Kunst des gro\u00dfen Renaissancemalers untersuchen: die kultivierte und systematische Beziehung von de Chirico, die unmittelbarere und entweihende bei Picasso, die von tiefer Bewunderung beseelte bei Dal\u00ed. Die Ausstellung zeigt einhundert Meisterwerke aus einigen der wichtigsten internationalen Museen, wie der Galleria degli Uffizi in Florenz, dem Mus\u00e9e national Picasso in Paris und der Fundaci\u00f3 Gala-Salvador Dal\u00ed in Figueres.<\/p>\n<p>&nbsp;<\/p>\n","protected":false},"excerpt":{"rendered":"<p>Vom 2. Mai bis 29. August 2021 ist eine bedeutende Ausstellung geplant, die von Beatrice Avanzi und Victoria Noel-Johnson kuratiert wird<\/p>\n","protected":false},"author":9,"featured_media":6388,"comment_status":"open","ping_status":"open","sticky":false,"template":"","format":"standard","meta":[],"categories":[2,4,6],"tags":[772,25,773,774,775,23,26,776,777,778,779],"news-destination":[],"news-source":[],"is_homepage":[],"ta_other":[],"featured_media_details":{"width":750,"height":527,"file":"2021\/04\/Raffaello_Sanzio_Autoritratto_1505-1506_Gallerie_degli_Uffizi_Galleria_delle_Statue_e_delle_Pitture_Firenze_Mart_mostre.jpg","sizes":{"thumbnail":{"file":"Raffaello_Sanzio_Autoritratto_1505-1506_Gallerie_degli_Uffizi_Galleria_delle_Statue_e_delle_Pitture_Firenze_Mart_mostre-150x150.jpg","width":150,"height":150,"mime-type":"image\/jpeg","source_url":"https:\/\/www.gardaseezeitung.it\/gardaseezeitung_new\/de\/wp-content\/uploads\/sites\/2\/2021\/04\/Raffaello_Sanzio_Autoritratto_1505-1506_Gallerie_degli_Uffizi_Galleria_delle_Statue_e_delle_Pitture_Firenze_Mart_mostre-150x150.jpg"},"medium":{"file":"Raffaello_Sanzio_Autoritratto_1505-1506_Gallerie_degli_Uffizi_Galleria_delle_Statue_e_delle_Pitture_Firenze_Mart_mostre-300x211.jpg","width":300,"height":211,"mime-type":"image\/jpeg","source_url":"https:\/\/www.gardaseezeitung.it\/gardaseezeitung_new\/de\/wp-content\/uploads\/sites\/2\/2021\/04\/Raffaello_Sanzio_Autoritratto_1505-1506_Gallerie_degli_Uffizi_Galleria_delle_Statue_e_delle_Pitture_Firenze_Mart_mostre-300x211.jpg"},"big_image":{"file":"Raffaello_Sanzio_Autoritratto_1505-1506_Gallerie_degli_Uffizi_Galleria_delle_Statue_e_delle_Pitture_Firenze_Mart_mostre-750x527.jpg","width":750,"height":527,"mime-type":"image\/jpeg","source_url":"https:\/\/www.gardaseezeitung.it\/gardaseezeitung_new\/de\/wp-content\/uploads\/sites\/2\/2021\/04\/Raffaello_Sanzio_Autoritratto_1505-1506_Gallerie_degli_Uffizi_Galleria_delle_Statue_e_delle_Pitture_Firenze_Mart_mostre-750x527.jpg"},"guest-author-32":{"file":"Raffaello_Sanzio_Autoritratto_1505-1506_Gallerie_degli_Uffizi_Galleria_delle_Statue_e_delle_Pitture_Firenze_Mart_mostre-32x32.jpg","width":32,"height":32,"mime-type":"image\/jpeg","source_url":"https:\/\/www.gardaseezeitung.it\/gardaseezeitung_new\/de\/wp-content\/uploads\/sites\/2\/2021\/04\/Raffaello_Sanzio_Autoritratto_1505-1506_Gallerie_degli_Uffizi_Galleria_delle_Statue_e_delle_Pitture_Firenze_Mart_mostre-32x32.jpg"},"guest-author-50":{"file":"Raffaello_Sanzio_Autoritratto_1505-1506_Gallerie_degli_Uffizi_Galleria_delle_Statue_e_delle_Pitture_Firenze_Mart_mostre-50x50.jpg","width":50,"height":50,"mime-type":"image\/jpeg","source_url":"https:\/\/www.gardaseezeitung.it\/gardaseezeitung_new\/de\/wp-content\/uploads\/sites\/2\/2021\/04\/Raffaello_Sanzio_Autoritratto_1505-1506_Gallerie_degli_Uffizi_Galleria_delle_Statue_e_delle_Pitture_Firenze_Mart_mostre-50x50.jpg"},"guest-author-64":{"file":"Raffaello_Sanzio_Autoritratto_1505-1506_Gallerie_degli_Uffizi_Galleria_delle_Statue_e_delle_Pitture_Firenze_Mart_mostre-64x64.jpg","width":64,"height":64,"mime-type":"image\/jpeg","source_url":"https:\/\/www.gardaseezeitung.it\/gardaseezeitung_new\/de\/wp-content\/uploads\/sites\/2\/2021\/04\/Raffaello_Sanzio_Autoritratto_1505-1506_Gallerie_degli_Uffizi_Galleria_delle_Statue_e_delle_Pitture_Firenze_Mart_mostre-64x64.jpg"},"guest-author-96":{"file":"Raffaello_Sanzio_Autoritratto_1505-1506_Gallerie_degli_Uffizi_Galleria_delle_Statue_e_delle_Pitture_Firenze_Mart_mostre-96x96.jpg","width":96,"height":96,"mime-type":"image\/jpeg","source_url":"https:\/\/www.gardaseezeitung.it\/gardaseezeitung_new\/de\/wp-content\/uploads\/sites\/2\/2021\/04\/Raffaello_Sanzio_Autoritratto_1505-1506_Gallerie_degli_Uffizi_Galleria_delle_Statue_e_delle_Pitture_Firenze_Mart_mostre-96x96.jpg"},"guest-author-128":{"file":"Raffaello_Sanzio_Autoritratto_1505-1506_Gallerie_degli_Uffizi_Galleria_delle_Statue_e_delle_Pitture_Firenze_Mart_mostre-128x128.jpg","width":128,"height":128,"mime-type":"image\/jpeg","source_url":"https:\/\/www.gardaseezeitung.it\/gardaseezeitung_new\/de\/wp-content\/uploads\/sites\/2\/2021\/04\/Raffaello_Sanzio_Autoritratto_1505-1506_Gallerie_degli_Uffizi_Galleria_delle_Statue_e_delle_Pitture_Firenze_Mart_mostre-128x128.jpg"},"full":{"file":"Raffaello_Sanzio_Autoritratto_1505-1506_Gallerie_degli_Uffizi_Galleria_delle_Statue_e_delle_Pitture_Firenze_Mart_mostre.jpg","width":750,"height":527,"mime_type":"","source_url":"https:\/\/www.gardaseezeitung.it\/gardaseezeitung_new\/de\/wp-content\/uploads\/sites\/2\/2021\/04\/Raffaello_Sanzio_Autoritratto_1505-1506_Gallerie_degli_Uffizi_Galleria_delle_Statue_e_delle_Pitture_Firenze_Mart_mostre.jpg"}},"image_meta":{"aperture":"0","credit":"","camera":"","caption":"","created_timestamp":"0","copyright":"","focal_length":"0","iso":"0","shutter_speed":"0","title":"","orientation":"1","keywords":[]}},"_links":{"self":[{"href":"https:\/\/www.gardaseezeitung.it\/gardaseezeitung_new\/de\/wp-json\/wp\/v2\/posts\/6389"}],"collection":[{"href":"https:\/\/www.gardaseezeitung.it\/gardaseezeitung_new\/de\/wp-json\/wp\/v2\/posts"}],"about":[{"href":"https:\/\/www.gardaseezeitung.it\/gardaseezeitung_new\/de\/wp-json\/wp\/v2\/types\/post"}],"author":[{"embeddable":true,"href":"https:\/\/www.gardaseezeitung.it\/gardaseezeitung_new\/de\/wp-json\/wp\/v2\/users\/9"}],"replies":[{"embeddable":true,"href":"https:\/\/www.gardaseezeitung.it\/gardaseezeitung_new\/de\/wp-json\/wp\/v2\/comments?post=6389"}],"version-history":[{"count":1,"href":"https:\/\/www.gardaseezeitung.it\/gardaseezeitung_new\/de\/wp-json\/wp\/v2\/posts\/6389\/revisions"}],"predecessor-version":[{"id":6390,"href":"https:\/\/www.gardaseezeitung.it\/gardaseezeitung_new\/de\/wp-json\/wp\/v2\/posts\/6389\/revisions\/6390"}],"wp:featuredmedia":[{"embeddable":true,"href":"https:\/\/www.gardaseezeitung.it\/gardaseezeitung_new\/de\/wp-json\/wp\/v2\/media\/6388"}],"wp:attachment":[{"href":"https:\/\/www.gardaseezeitung.it\/gardaseezeitung_new\/de\/wp-json\/wp\/v2\/media?parent=6389"}],"wp:term":[{"taxonomy":"category","embeddable":true,"href":"https:\/\/www.gardaseezeitung.it\/gardaseezeitung_new\/de\/wp-json\/wp\/v2\/categories?post=6389"},{"taxonomy":"post_tag","embeddable":true,"href":"https:\/\/www.gardaseezeitung.it\/gardaseezeitung_new\/de\/wp-json\/wp\/v2\/tags?post=6389"},{"taxonomy":"news-destination","embeddable":true,"href":"https:\/\/www.gardaseezeitung.it\/gardaseezeitung_new\/de\/wp-json\/wp\/v2\/news-destination?post=6389"},{"taxonomy":"news-source","embeddable":true,"href":"https:\/\/www.gardaseezeitung.it\/gardaseezeitung_new\/de\/wp-json\/wp\/v2\/news-source?post=6389"},{"taxonomy":"is_homepage","embeddable":true,"href":"https:\/\/www.gardaseezeitung.it\/gardaseezeitung_new\/de\/wp-json\/wp\/v2\/is_homepage?post=6389"},{"taxonomy":"ta_other","embeddable":true,"href":"https:\/\/www.gardaseezeitung.it\/gardaseezeitung_new\/de\/wp-json\/wp\/v2\/ta_other?post=6389"}],"curies":[{"name":"wp","href":"https:\/\/api.w.org\/{rel}","templated":true}]}}