{"id":6411,"date":"2021-05-02T11:46:23","date_gmt":"2021-05-02T09:46:23","guid":{"rendered":"http:\/\/euwp08.newsmemory.com\/gardaseezeitung_new\/de\/2021\/04\/30\/der-verband-der-lombardischen-weinkonsortien-hat-eine-neue-praesidentin-gewaehlt\/"},"modified":"2021-05-02T11:49:03","modified_gmt":"2020-07-06T11:49:03","slug":"der-verband-der-lombardischen-weinkonsortien-hat-eine-neue-praesidentin-gewaehlt","status":"publish","type":"post","link":"https:\/\/www.gardaseezeitung.it\/2021\/05\/02\/der-verband-der-lombardischen-weinkonsortien-hat-eine-neue-praesidentin-gewaehlt\/","title":{"rendered":"Der Verband der lombardischen Weinkonsortien hat eine neue Pr\u00e4sidentin gew\u00e4hlt"},"content":{"rendered":"<p>&nbsp;<\/p>\n<p style=\"text-align: justify\">Ascovilo, der Verband der lombardischen Weinkonsortien, hat sich erneuert und plant f\u00fcr die &#8222;post-covid&#8220;-Zukunft, indem er sich auf territoriale Aspekte und Werbung konzentriert. Der Verband vertritt die Konsortien von Lugana und Valtenesi, die Mantuanischen H\u00fcgel mit der doppelten &#8222;Seele&#8220; der Mor\u00e4nenh\u00fcgel und Lambrusco, dann Moscato di Scanzo, Valcalepio, das Konsortium Terre Lariane, Oltrep\u00f2 Pavese, Valtellina, Botticino, Montenetto und das Konsortium San Colombano. &#8222;Wir gehen von der Aufwertung dessen aus, was in der Lombardei gro\u00dfartig ist. Der Wein &#8211; so die neue Pr\u00e4sidentin &#8211; hat ein enormes Potenzial: Das Gebiet f\u00f6rdert den Wein, der Wein f\u00f6rdert das Gebiet&#8220;. Giovanna Prandini tritt die Nachfolge von Vincenzo Bertola an, der das Verdienst hatte, die Weine der Lombardei \u00fcber die italienischen Grenzen hinaus bis nach Deutschland und UK zu bringen. F\u00fcr die nahe Zukunft ist auch eine Zusammenarbeit mit dem Consorzio Grana Padano geplant.<\/p>\n<p>&nbsp;<\/p>\n","protected":false},"excerpt":{"rendered":"<p>Die Leitung geht an Giovanna Prandini, vom Garda Doc Consortium<\/p>\n","protected":false},"author":9,"featured_media":6410,"comment_status":"open","ping_status":"open","sticky":false,"template":"","format":"standard","meta":[],"categories":[6],"tags":[811,812,813,814,815,816,817,818,819,820,821,822,199],"news-destination":[],"news-source":[],"is_homepage":[],"ta_other":[],"featured_media_details":{"width":1024,"height":682,"file":"2021\/04\/GiovannaPrandini.jpg","sizes":{"thumbnail":{"file":"GiovannaPrandini-150x150.jpg","width":150,"height":150,"mime-type":"image\/jpeg","source_url":"https:\/\/www.gardaseezeitung.it\/gardaseezeitung_new\/de\/wp-content\/uploads\/sites\/2\/2021\/04\/GiovannaPrandini-150x150.jpg"},"medium":{"file":"GiovannaPrandini-300x200.jpg","width":300,"height":200,"mime-type":"image\/jpeg","source_url":"https:\/\/www.gardaseezeitung.it\/gardaseezeitung_new\/de\/wp-content\/uploads\/sites\/2\/2021\/04\/GiovannaPrandini-300x200.jpg"},"medium_large":{"file":"GiovannaPrandini-768x512.jpg","width":768,"height":512,"mime-type":"image\/jpeg","source_url":"https:\/\/www.gardaseezeitung.it\/gardaseezeitung_new\/de\/wp-content\/uploads\/sites\/2\/2021\/04\/GiovannaPrandini-768x512.jpg"},"large":{"file":"GiovannaPrandini-1024x682.jpg","width":1024,"height":682,"mime-type":"image\/jpeg","source_url":"https:\/\/www.gardaseezeitung.it\/gardaseezeitung_new\/de\/wp-content\/uploads\/sites\/2\/2021\/04\/GiovannaPrandini-1024x682.jpg"},"big_image":{"file":"GiovannaPrandini-750x500.jpg","width":750,"height":500,"mime-type":"image\/jpeg","source_url":"https:\/\/www.gardaseezeitung.it\/gardaseezeitung_new\/de\/wp-content\/uploads\/sites\/2\/2021\/04\/GiovannaPrandini-750x500.jpg"},"guest-author-32":{"file":"GiovannaPrandini-32x32.jpg","width":32,"height":32,"mime-type":"image\/jpeg","source_url":"https:\/\/www.gardaseezeitung.it\/gardaseezeitung_new\/de\/wp-content\/uploads\/sites\/2\/2021\/04\/GiovannaPrandini-32x32.jpg"},"guest-author-50":{"file":"GiovannaPrandini-50x50.jpg","width":50,"height":50,"mime-type":"image\/jpeg","source_url":"https:\/\/www.gardaseezeitung.it\/gardaseezeitung_new\/de\/wp-content\/uploads\/sites\/2\/2021\/04\/GiovannaPrandini-50x50.jpg"},"guest-author-64":{"file":"GiovannaPrandini-64x64.jpg","width":64,"height":64,"mime-type":"image\/jpeg","source_url":"https:\/\/www.gardaseezeitung.it\/gardaseezeitung_new\/de\/wp-content\/uploads\/sites\/2\/2021\/04\/GiovannaPrandini-64x64.jpg"},"guest-author-96":{"file":"GiovannaPrandini-96x96.jpg","width":96,"height":96,"mime-type":"image\/jpeg","source_url":"https:\/\/www.gardaseezeitung.it\/gardaseezeitung_new\/de\/wp-content\/uploads\/sites\/2\/2021\/04\/GiovannaPrandini-96x96.jpg"},"guest-author-128":{"file":"GiovannaPrandini-128x128.jpg","width":128,"height":128,"mime-type":"image\/jpeg","source_url":"https:\/\/www.gardaseezeitung.it\/gardaseezeitung_new\/de\/wp-content\/uploads\/sites\/2\/2021\/04\/GiovannaPrandini-128x128.jpg"},"full":{"file":"GiovannaPrandini.jpg","width":1024,"height":682,"mime_type":"","source_url":"https:\/\/www.gardaseezeitung.it\/gardaseezeitung_new\/de\/wp-content\/uploads\/sites\/2\/2021\/04\/GiovannaPrandini.jpg"}},"image_meta":{"aperture":"0","credit":"","camera":"","caption":"","created_timestamp":"0","copyright":"","focal_length":"0","iso":"0","shutter_speed":"0","title":"","orientation":"1","keywords":[]}},"_links":{"self":[{"href":"https:\/\/www.gardaseezeitung.it\/gardaseezeitung_new\/de\/wp-json\/wp\/v2\/posts\/6411"}],"collection":[{"href":"https:\/\/www.gardaseezeitung.it\/gardaseezeitung_new\/de\/wp-json\/wp\/v2\/posts"}],"about":[{"href":"https:\/\/www.gardaseezeitung.it\/gardaseezeitung_new\/de\/wp-json\/wp\/v2\/types\/post"}],"author":[{"embeddable":true,"href":"https:\/\/www.gardaseezeitung.it\/gardaseezeitung_new\/de\/wp-json\/wp\/v2\/users\/9"}],"replies":[{"embeddable":true,"href":"https:\/\/www.gardaseezeitung.it\/gardaseezeitung_new\/de\/wp-json\/wp\/v2\/comments?post=6411"}],"version-history":[{"count":1,"href":"https:\/\/www.gardaseezeitung.it\/gardaseezeitung_new\/de\/wp-json\/wp\/v2\/posts\/6411\/revisions"}],"predecessor-version":[{"id":6412,"href":"https:\/\/www.gardaseezeitung.it\/gardaseezeitung_new\/de\/wp-json\/wp\/v2\/posts\/6411\/revisions\/6412"}],"wp:featuredmedia":[{"embeddable":true,"href":"https:\/\/www.gardaseezeitung.it\/gardaseezeitung_new\/de\/wp-json\/wp\/v2\/media\/6410"}],"wp:attachment":[{"href":"https:\/\/www.gardaseezeitung.it\/gardaseezeitung_new\/de\/wp-json\/wp\/v2\/media?parent=6411"}],"wp:term":[{"taxonomy":"category","embeddable":true,"href":"https:\/\/www.gardaseezeitung.it\/gardaseezeitung_new\/de\/wp-json\/wp\/v2\/categories?post=6411"},{"taxonomy":"post_tag","embeddable":true,"href":"https:\/\/www.gardaseezeitung.it\/gardaseezeitung_new\/de\/wp-json\/wp\/v2\/tags?post=6411"},{"taxonomy":"news-destination","embeddable":true,"href":"https:\/\/www.gardaseezeitung.it\/gardaseezeitung_new\/de\/wp-json\/wp\/v2\/news-destination?post=6411"},{"taxonomy":"news-source","embeddable":true,"href":"https:\/\/www.gardaseezeitung.it\/gardaseezeitung_new\/de\/wp-json\/wp\/v2\/news-source?post=6411"},{"taxonomy":"is_homepage","embeddable":true,"href":"https:\/\/www.gardaseezeitung.it\/gardaseezeitung_new\/de\/wp-json\/wp\/v2\/is_homepage?post=6411"},{"taxonomy":"ta_other","embeddable":true,"href":"https:\/\/www.gardaseezeitung.it\/gardaseezeitung_new\/de\/wp-json\/wp\/v2\/ta_other?post=6411"}],"curies":[{"name":"wp","href":"https:\/\/api.w.org\/{rel}","templated":true}]}}