{"id":6441,"date":"2021-05-04T12:06:21","date_gmt":"2021-05-04T10:06:21","guid":{"rendered":"http:\/\/euwp08.newsmemory.com\/gardaseezeitung_new\/de\/2021\/05\/04\/segelboot-kentert-steuermann-im-wasser-wird-von-kuestenwache-gerettet\/"},"modified":"2021-05-04T12:06:28","modified_gmt":"2020-07-08T12:06:28","slug":"segelboot-kentert-steuermann-im-wasser-wird-von-kuestenwache-gerettet","status":"publish","type":"post","link":"https:\/\/www.gardaseezeitung.it\/2021\/05\/04\/segelboot-kentert-steuermann-im-wasser-wird-von-kuestenwache-gerettet\/","title":{"rendered":"Moniga: Segelboot kentert, Steuermann im Wasser von K\u00fcstenwache gerettet"},"content":{"rendered":"<p>&nbsp;<\/p>\n<p style=\"text-align: justify\">Der Vorfall ereignete sich am vergangenen Sonntag: Der Segler, der eine Schwimmweste trug, kletterte zwar auf den gekenterten Rumpf, konnte das Boot aber nicht mehr aufrichten und trieb etwa 1 km von der K\u00fcste entfernt. Im str\u00f6menden Regen in Bedr\u00e4ngnis geraten, konnte der Segler mit seinem Mobiltelefon den Segelclub kontaktieren, von dem er gestartet war, der die K\u00fcstenwache alarmierte. Es dauerte nur 20 Minuten ab der Anforderung der Rettung, um den Segler zu erreichen, ihn zu bergen und in den Hafen von Moniga zu bringen, wo zur gleichen Zeit vorsorglich ein Krankenwagen eingetroffen war. Das Patrouillenboot schiffte den Schiffbr\u00fcchigen aus, der keine k\u00f6rperlichen Folgen erlitt, und fuhr fort, das f\u00fcr die Schifffahrt gef\u00e4hrliche Segelboot zu bergen und es in den Hafen von Moniga zu schleppen.<\/p>\n<p>&nbsp;<\/p>\n","protected":false},"excerpt":{"rendered":"<p>Im str\u00f6menden Regen, sich an den gekenterten Rumpf klammernd, gelang es dem Segler, per Handy Hilfe zu rufen<\/p>\n","protected":false},"author":9,"featured_media":6440,"comment_status":"open","ping_status":"open","sticky":false,"template":"","format":"standard","meta":[],"categories":[2,3],"tags":[25,23,26,853,854,855,856],"news-destination":[],"news-source":[],"is_homepage":[],"ta_other":[],"featured_media_details":{"width":750,"height":450,"file":"2021\/05\/Guardia-Costiera-650x390.jpg","sizes":{"thumbnail":{"file":"Guardia-Costiera-650x390-150x150.jpg","width":150,"height":150,"mime-type":"image\/jpeg","source_url":"https:\/\/www.gardaseezeitung.it\/gardaseezeitung_new\/de\/wp-content\/uploads\/sites\/2\/2021\/05\/Guardia-Costiera-650x390-150x150.jpg"},"medium":{"file":"Guardia-Costiera-650x390-300x180.jpg","width":300,"height":180,"mime-type":"image\/jpeg","source_url":"https:\/\/www.gardaseezeitung.it\/gardaseezeitung_new\/de\/wp-content\/uploads\/sites\/2\/2021\/05\/Guardia-Costiera-650x390-300x180.jpg"},"big_image":{"file":"Guardia-Costiera-650x390-750x450.jpg","width":750,"height":450,"mime-type":"image\/jpeg","source_url":"https:\/\/www.gardaseezeitung.it\/gardaseezeitung_new\/de\/wp-content\/uploads\/sites\/2\/2021\/05\/Guardia-Costiera-650x390-750x450.jpg"},"guest-author-32":{"file":"Guardia-Costiera-650x390-32x32.jpg","width":32,"height":32,"mime-type":"image\/jpeg","source_url":"https:\/\/www.gardaseezeitung.it\/gardaseezeitung_new\/de\/wp-content\/uploads\/sites\/2\/2021\/05\/Guardia-Costiera-650x390-32x32.jpg"},"guest-author-50":{"file":"Guardia-Costiera-650x390-50x50.jpg","width":50,"height":50,"mime-type":"image\/jpeg","source_url":"https:\/\/www.gardaseezeitung.it\/gardaseezeitung_new\/de\/wp-content\/uploads\/sites\/2\/2021\/05\/Guardia-Costiera-650x390-50x50.jpg"},"guest-author-64":{"file":"Guardia-Costiera-650x390-64x64.jpg","width":64,"height":64,"mime-type":"image\/jpeg","source_url":"https:\/\/www.gardaseezeitung.it\/gardaseezeitung_new\/de\/wp-content\/uploads\/sites\/2\/2021\/05\/Guardia-Costiera-650x390-64x64.jpg"},"guest-author-96":{"file":"Guardia-Costiera-650x390-96x96.jpg","width":96,"height":96,"mime-type":"image\/jpeg","source_url":"https:\/\/www.gardaseezeitung.it\/gardaseezeitung_new\/de\/wp-content\/uploads\/sites\/2\/2021\/05\/Guardia-Costiera-650x390-96x96.jpg"},"guest-author-128":{"file":"Guardia-Costiera-650x390-128x128.jpg","width":128,"height":128,"mime-type":"image\/jpeg","source_url":"https:\/\/www.gardaseezeitung.it\/gardaseezeitung_new\/de\/wp-content\/uploads\/sites\/2\/2021\/05\/Guardia-Costiera-650x390-128x128.jpg"},"full":{"file":"Guardia-Costiera-650x390.jpg","width":750,"height":450,"mime_type":"","source_url":"https:\/\/www.gardaseezeitung.it\/gardaseezeitung_new\/de\/wp-content\/uploads\/sites\/2\/2021\/05\/Guardia-Costiera-650x390.jpg"}},"image_meta":{"aperture":"0","credit":"","camera":"","caption":"","created_timestamp":"0","copyright":"","focal_length":"0","iso":"0","shutter_speed":"0","title":"Guardia Costiera","orientation":"1","keywords":[]}},"_links":{"self":[{"href":"https:\/\/www.gardaseezeitung.it\/gardaseezeitung_new\/de\/wp-json\/wp\/v2\/posts\/6441"}],"collection":[{"href":"https:\/\/www.gardaseezeitung.it\/gardaseezeitung_new\/de\/wp-json\/wp\/v2\/posts"}],"about":[{"href":"https:\/\/www.gardaseezeitung.it\/gardaseezeitung_new\/de\/wp-json\/wp\/v2\/types\/post"}],"author":[{"embeddable":true,"href":"https:\/\/www.gardaseezeitung.it\/gardaseezeitung_new\/de\/wp-json\/wp\/v2\/users\/9"}],"replies":[{"embeddable":true,"href":"https:\/\/www.gardaseezeitung.it\/gardaseezeitung_new\/de\/wp-json\/wp\/v2\/comments?post=6441"}],"version-history":[{"count":2,"href":"https:\/\/www.gardaseezeitung.it\/gardaseezeitung_new\/de\/wp-json\/wp\/v2\/posts\/6441\/revisions"}],"predecessor-version":[{"id":6443,"href":"https:\/\/www.gardaseezeitung.it\/gardaseezeitung_new\/de\/wp-json\/wp\/v2\/posts\/6441\/revisions\/6443"}],"wp:featuredmedia":[{"embeddable":true,"href":"https:\/\/www.gardaseezeitung.it\/gardaseezeitung_new\/de\/wp-json\/wp\/v2\/media\/6440"}],"wp:attachment":[{"href":"https:\/\/www.gardaseezeitung.it\/gardaseezeitung_new\/de\/wp-json\/wp\/v2\/media?parent=6441"}],"wp:term":[{"taxonomy":"category","embeddable":true,"href":"https:\/\/www.gardaseezeitung.it\/gardaseezeitung_new\/de\/wp-json\/wp\/v2\/categories?post=6441"},{"taxonomy":"post_tag","embeddable":true,"href":"https:\/\/www.gardaseezeitung.it\/gardaseezeitung_new\/de\/wp-json\/wp\/v2\/tags?post=6441"},{"taxonomy":"news-destination","embeddable":true,"href":"https:\/\/www.gardaseezeitung.it\/gardaseezeitung_new\/de\/wp-json\/wp\/v2\/news-destination?post=6441"},{"taxonomy":"news-source","embeddable":true,"href":"https:\/\/www.gardaseezeitung.it\/gardaseezeitung_new\/de\/wp-json\/wp\/v2\/news-source?post=6441"},{"taxonomy":"is_homepage","embeddable":true,"href":"https:\/\/www.gardaseezeitung.it\/gardaseezeitung_new\/de\/wp-json\/wp\/v2\/is_homepage?post=6441"},{"taxonomy":"ta_other","embeddable":true,"href":"https:\/\/www.gardaseezeitung.it\/gardaseezeitung_new\/de\/wp-json\/wp\/v2\/ta_other?post=6441"}],"curies":[{"name":"wp","href":"https:\/\/api.w.org\/{rel}","templated":true}]}}