{"id":6470,"date":"2021-05-06T11:47:11","date_gmt":"2021-05-06T09:47:11","guid":{"rendered":"http:\/\/euwp08.newsmemory.com\/gardaseezeitung_new\/de\/2021\/05\/06\/gardone-riviera-die-konzerte-sind-zurueck-im-vittoriale-vasco-brondi-wird-30-juli-auftreten\/"},"modified":"2021-05-06T11:48:46","modified_gmt":"2021-05-06T09:48:46","slug":"gardone-riviera-die-konzerte-sind-zurueck-im-vittoriale-vasco-brondi-wird-30-juli-auftreten","status":"publish","type":"post","link":"https:\/\/www.gardaseezeitung.it\/2021\/05\/06\/gardone-riviera-die-konzerte-sind-zurueck-im-vittoriale-vasco-brondi-wird-30-juli-auftreten\/","title":{"rendered":"Gardone Riviera, die Konzerte sind zur\u00fcck im Vittoriale: Vasco Brondi wird am 30. Juli auftreten"},"content":{"rendered":"<p>&nbsp;<\/p>\n<p style=\"text-align: justify\">Das Konzert ist Teil der Sektion &#8222;Indiecativamente&#8220;, einer Neuheit der Festivalausgabe 2021: eine spezielle Auswahl von sechs Veranstaltungen, die in Zusammenarbeit mit Latteria Molloy produziert werden und den interessantesten Protagonisten der italienischen Independent-Musikszene gewidmet sind. Vasco Brondi ist ein Musiker, Singer-Songwriter und Schriftsteller von gro\u00dfer Ausdruckskraft: Er hat ein neues Album mit dem neuen Projekt, das seinen Namen tr\u00e4gt, und eine Tournee, die ihn zum ersten Mal auf die spektakul\u00e4re Seeblick-B\u00fchne des Amphitheaters Vittoriale f\u00fchren wird.<\/p>\n<p>&nbsp;<\/p>\n<figure id=\"attachment_17142\" style=\"width: 750px\" class=\"wp-caption alignnone\"><img title=\"Gardone Riviera, die Konzerte sind zur\u00fcck im Vittoriale: Vasco Brondi wird am 30. Juli auftreten\" loading=\"lazy\" class=\"size-full wp-image-17142\" src=\"https:\/\/www.gardaseezeitung.it\/gardaseezeitung_new\/de\/wp-content\/uploads\/sites\/2\/2021\/05\/vasco-brondi-750x430.jpg\" alt=\"Vasco Brondi\" width=\"750\" height=\"430\" srcset=\"https:\/\/euwps05.newsmemory.com\/gardaseezeitung_new\/de\/wp-content\/uploads\/sites\/2\/2021\/05\/vasco-brondi-750x430.jpg 750w, https:\/\/euwps05.newsmemory.com\/gardaseezeitung_new\/de\/wp-content\/uploads\/sites\/2\/2021\/05\/vasco-brondi-750x430-300x172.jpg 300w\" sizes=\"(max-width: 750px) 100vw, 750px\" \/><figcaption class=\"wp-caption-text\">Vasco Brondi<\/figcaption><\/figure>\n<p>&nbsp;<\/p>\n<p style=\"text-align: justify\">Freitag, 30. Juli 2021 | Festival del Vittoriale | Gardone Riviera (BS), via Vittoriale, 12<br \/>\nVASCO BRONDI &#8211; Konzertbeginn um 21.00 Uhr<br \/>\nSitzpl\u00e4tze: 26 Euro + Vorverkaufsgeb\u00fchren<br \/>\nMehr Informationen zur Teilnahme in K\u00fcrze<br \/>\nTickets bald im Verkauf auf www.anfiteatrodelvittoriale.it (+39.340.1392446)<\/p>\n<p>&nbsp;<\/p>\n","protected":false},"excerpt":{"rendered":"<p>Nach der schmerzhaften Verschiebung im letzten Sommer ist das Tener-a-mente-Festival wieder da. Capossela, De Gregori, Fabi und Bollani sind best\u00e4tigt.<\/p>\n","protected":false},"author":9,"featured_media":6472,"comment_status":"open","ping_status":"open","sticky":false,"template":"","format":"standard","meta":[],"categories":[2,4,5],"tags":[888,889,25,890,891,23,26,33,892,893,82,369],"news-destination":[],"news-source":[],"is_homepage":[],"ta_other":[],"featured_media_details":{"width":1024,"height":481,"file":"2021\/05\/Vittoriale-Tener-A-Mente.jpg","sizes":{"thumbnail":{"file":"Vittoriale-Tener-A-Mente-150x150.jpg","width":150,"height":150,"mime-type":"image\/jpeg","source_url":"https:\/\/www.gardaseezeitung.it\/gardaseezeitung_new\/de\/wp-content\/uploads\/sites\/2\/2021\/05\/Vittoriale-Tener-A-Mente-150x150.jpg"},"medium":{"file":"Vittoriale-Tener-A-Mente-300x141.jpg","width":300,"height":141,"mime-type":"image\/jpeg","source_url":"https:\/\/www.gardaseezeitung.it\/gardaseezeitung_new\/de\/wp-content\/uploads\/sites\/2\/2021\/05\/Vittoriale-Tener-A-Mente-300x141.jpg"},"medium_large":{"file":"Vittoriale-Tener-A-Mente-768x361.jpg","width":768,"height":361,"mime-type":"image\/jpeg","source_url":"https:\/\/www.gardaseezeitung.it\/gardaseezeitung_new\/de\/wp-content\/uploads\/sites\/2\/2021\/05\/Vittoriale-Tener-A-Mente-768x361.jpg"},"large":{"file":"Vittoriale-Tener-A-Mente-1024x481.jpg","width":1024,"height":481,"mime-type":"image\/jpeg","source_url":"https:\/\/www.gardaseezeitung.it\/gardaseezeitung_new\/de\/wp-content\/uploads\/sites\/2\/2021\/05\/Vittoriale-Tener-A-Mente-1024x481.jpg"},"big_image":{"file":"Vittoriale-Tener-A-Mente-750x352.jpg","width":750,"height":352,"mime-type":"image\/jpeg","source_url":"https:\/\/www.gardaseezeitung.it\/gardaseezeitung_new\/de\/wp-content\/uploads\/sites\/2\/2021\/05\/Vittoriale-Tener-A-Mente-750x352.jpg"},"guest-author-32":{"file":"Vittoriale-Tener-A-Mente-32x32.jpg","width":32,"height":32,"mime-type":"image\/jpeg","source_url":"https:\/\/www.gardaseezeitung.it\/gardaseezeitung_new\/de\/wp-content\/uploads\/sites\/2\/2021\/05\/Vittoriale-Tener-A-Mente-32x32.jpg"},"guest-author-50":{"file":"Vittoriale-Tener-A-Mente-50x50.jpg","width":50,"height":50,"mime-type":"image\/jpeg","source_url":"https:\/\/www.gardaseezeitung.it\/gardaseezeitung_new\/de\/wp-content\/uploads\/sites\/2\/2021\/05\/Vittoriale-Tener-A-Mente-50x50.jpg"},"guest-author-64":{"file":"Vittoriale-Tener-A-Mente-64x64.jpg","width":64,"height":64,"mime-type":"image\/jpeg","source_url":"https:\/\/www.gardaseezeitung.it\/gardaseezeitung_new\/de\/wp-content\/uploads\/sites\/2\/2021\/05\/Vittoriale-Tener-A-Mente-64x64.jpg"},"guest-author-96":{"file":"Vittoriale-Tener-A-Mente-96x96.jpg","width":96,"height":96,"mime-type":"image\/jpeg","source_url":"https:\/\/www.gardaseezeitung.it\/gardaseezeitung_new\/de\/wp-content\/uploads\/sites\/2\/2021\/05\/Vittoriale-Tener-A-Mente-96x96.jpg"},"guest-author-128":{"file":"Vittoriale-Tener-A-Mente-128x128.jpg","width":128,"height":128,"mime-type":"image\/jpeg","source_url":"https:\/\/www.gardaseezeitung.it\/gardaseezeitung_new\/de\/wp-content\/uploads\/sites\/2\/2021\/05\/Vittoriale-Tener-A-Mente-128x128.jpg"},"full":{"file":"Vittoriale-Tener-A-Mente.jpg","width":1024,"height":481,"mime_type":"","source_url":"https:\/\/www.gardaseezeitung.it\/gardaseezeitung_new\/de\/wp-content\/uploads\/sites\/2\/2021\/05\/Vittoriale-Tener-A-Mente.jpg"}},"image_meta":{"aperture":"0","credit":"","camera":"","caption":"","created_timestamp":"0","copyright":"","focal_length":"0","iso":"0","shutter_speed":"0","title":"COPERTINA FB","orientation":"1","keywords":[]}},"_links":{"self":[{"href":"https:\/\/www.gardaseezeitung.it\/gardaseezeitung_new\/de\/wp-json\/wp\/v2\/posts\/6470"}],"collection":[{"href":"https:\/\/www.gardaseezeitung.it\/gardaseezeitung_new\/de\/wp-json\/wp\/v2\/posts"}],"about":[{"href":"https:\/\/www.gardaseezeitung.it\/gardaseezeitung_new\/de\/wp-json\/wp\/v2\/types\/post"}],"author":[{"embeddable":true,"href":"https:\/\/www.gardaseezeitung.it\/gardaseezeitung_new\/de\/wp-json\/wp\/v2\/users\/9"}],"replies":[{"embeddable":true,"href":"https:\/\/www.gardaseezeitung.it\/gardaseezeitung_new\/de\/wp-json\/wp\/v2\/comments?post=6470"}],"version-history":[{"count":3,"href":"https:\/\/www.gardaseezeitung.it\/gardaseezeitung_new\/de\/wp-json\/wp\/v2\/posts\/6470\/revisions"}],"predecessor-version":[{"id":17143,"href":"https:\/\/www.gardaseezeitung.it\/gardaseezeitung_new\/de\/wp-json\/wp\/v2\/posts\/6470\/revisions\/17143"}],"wp:featuredmedia":[{"embeddable":true,"href":"https:\/\/www.gardaseezeitung.it\/gardaseezeitung_new\/de\/wp-json\/wp\/v2\/media\/6472"}],"wp:attachment":[{"href":"https:\/\/www.gardaseezeitung.it\/gardaseezeitung_new\/de\/wp-json\/wp\/v2\/media?parent=6470"}],"wp:term":[{"taxonomy":"category","embeddable":true,"href":"https:\/\/www.gardaseezeitung.it\/gardaseezeitung_new\/de\/wp-json\/wp\/v2\/categories?post=6470"},{"taxonomy":"post_tag","embeddable":true,"href":"https:\/\/www.gardaseezeitung.it\/gardaseezeitung_new\/de\/wp-json\/wp\/v2\/tags?post=6470"},{"taxonomy":"news-destination","embeddable":true,"href":"https:\/\/www.gardaseezeitung.it\/gardaseezeitung_new\/de\/wp-json\/wp\/v2\/news-destination?post=6470"},{"taxonomy":"news-source","embeddable":true,"href":"https:\/\/www.gardaseezeitung.it\/gardaseezeitung_new\/de\/wp-json\/wp\/v2\/news-source?post=6470"},{"taxonomy":"is_homepage","embeddable":true,"href":"https:\/\/www.gardaseezeitung.it\/gardaseezeitung_new\/de\/wp-json\/wp\/v2\/is_homepage?post=6470"},{"taxonomy":"ta_other","embeddable":true,"href":"https:\/\/www.gardaseezeitung.it\/gardaseezeitung_new\/de\/wp-json\/wp\/v2\/ta_other?post=6470"}],"curies":[{"name":"wp","href":"https:\/\/api.w.org\/{rel}","templated":true}]}}