{"id":6474,"date":"2021-05-08T14:36:42","date_gmt":"2021-05-08T12:36:42","guid":{"rendered":"http:\/\/euwp08.newsmemory.com\/gardaseezeitung_new\/de\/2021\/05\/08\/nach-der-zwangspause-erscheint-die-gardasee-zeitung-wieder-ab-dem-15-mai\/"},"modified":"2021-05-08T14:41:55","modified_gmt":"2020-07-12T14:41:55","slug":"nach-der-zwangspause-erscheint-die-gardasee-zeitung-wieder-ab-dem-15-mai","status":"publish","type":"post","link":"https:\/\/www.gardaseezeitung.it\/2021\/05\/08\/nach-der-zwangspause-erscheint-die-gardasee-zeitung-wieder-ab-dem-15-mai\/","title":{"rendered":"Nach der Zwangspause erscheint die Gardasee Zeitung wieder ab dem 15. Mai"},"content":{"rendered":"<p>&nbsp;<\/p>\n<p style=\"text-align: justify\">Seit Monaten warten wir darauf, dass sich die Situation im positiven Sinne entspannt, und in diesen Tagen gibt es (dank Impfungen und steigender Durchschnittstemperaturen) hervorragende Anzeichen f\u00fcr eine Erholung: Am Gardasee h\u00f6rt man wieder Deutsch, die Verkehrsstr\u00f6me aus dem Norden \u00fcber den Brennerpass nehmen zu, und an den Touristenorten des Sees werden immer mehr deutsche Nummernschilder geparkt. Es ist die heutige Nachricht, dass es ab dem 15. Mai keine Quarant\u00e4ne mehr f\u00fcr diejenigen gibt, die aus EU-L\u00e4ndern nach Italien einreisen: es gibt nur noch die Verpflichtung, einen negativen Tampon zu haben (oder geimpft worden zu sein, oder von Covid geheilt zu sein). Es wird einige Zeit dauern, bis wir wieder die Zahlen der vergangenen Jahre erreichen, aber Tag f\u00fcr Tag wird der Horizont heller und die Wolken verziehen sich.<\/p>\n<p style=\"text-align: justify\">Deshalb hat die Leitung der Gardasee Zeitung beschlossen, auch dank der Adh\u00e4sion der kommerziellen und touristischen Betreiber des Gardasees, ihre 1996 begonnene und nur kurzzeitig durch die Pandemie behinderte Rolle der Information f\u00fcr deutschsprachige Touristen wieder aufzunehmen. <strong>Die Verteilung erfolgt am Gardasee<\/strong>, wo Campingpl\u00e4tze, Hotels, Sporteinrichtungen, Denkm\u00e4ler und Museen wieder \u00f6ffnen (Vergn\u00fcgungsparks brauchen mehr Zeit) und, wie es Tradition ist, <strong>\u00fcber das Netz der Eni\/Agip-Vertriebsh\u00e4ndler in Bayern<\/strong>, die sich der Initiative anschlie\u00dfen. Nicht alles, und auf jeden Fall nicht sofort, wird wieder wie vorher. Aber wir werden unser Bestes tun, wie immer, auch in dieser f\u00fcr uns extrem schwierigen Situation, an der Grenze der Belastbarkeit. Danke an die Inserenten, die uns ihr Vertrauen schenken, und an unsere Leser, die in den letzten Monaten Wege gefunden haben, uns ihre Unterst\u00fctzung sp\u00fcren zu lassen.<\/p>\n<p>&nbsp;<\/p>\n","protected":false},"excerpt":{"rendered":"<p>Mit der Wiederaufnahme der Touristenstr\u00f6me wird in den n\u00e4chsten Tagen die erste Ausgabe des Jahres 2021 am Gardasee und traditionsgem\u00e4\u00df in Bayern verteilt <\/p>\n","protected":false},"author":9,"featured_media":3994,"comment_status":"open","ping_status":"open","sticky":false,"template":"","format":"standard","meta":[],"categories":[2],"tags":[25,23,26],"news-destination":[],"news-source":[],"is_homepage":[],"ta_other":[],"featured_media_details":{"width":1024,"height":570,"file":"2020\/07\/IlGardaNonSiFermera.jpg","sizes":{"thumbnail":{"file":"IlGardaNonSiFermera-150x150.jpg","width":150,"height":150,"mime-type":"image\/jpeg","source_url":"https:\/\/www.gardaseezeitung.it\/gardaseezeitung_new\/de\/wp-content\/uploads\/sites\/2\/2020\/03\/IlGardaNonSiFermera-150x150.jpg"},"medium":{"file":"IlGardaNonSiFermera-300x167.jpg","width":300,"height":167,"mime-type":"image\/jpeg","source_url":"https:\/\/www.gardaseezeitung.it\/gardaseezeitung_new\/de\/wp-content\/uploads\/sites\/2\/2020\/03\/IlGardaNonSiFermera-300x167.jpg"},"medium_large":{"file":"IlGardaNonSiFermera-768x428.jpg","width":768,"height":428,"mime-type":"image\/jpeg","source_url":"https:\/\/www.gardaseezeitung.it\/gardaseezeitung_new\/de\/wp-content\/uploads\/sites\/2\/2020\/03\/IlGardaNonSiFermera-768x428.jpg"},"large":{"file":"IlGardaNonSiFermera-1024x570.jpg","width":1024,"height":570,"mime-type":"image\/jpeg","source_url":"https:\/\/www.gardaseezeitung.it\/gardaseezeitung_new\/de\/wp-content\/uploads\/sites\/2\/2020\/03\/IlGardaNonSiFermera-1024x570.jpg"},"big_image":{"file":"IlGardaNonSiFermera-750x417.jpg","width":750,"height":417,"mime-type":"image\/jpeg","source_url":"https:\/\/www.gardaseezeitung.it\/gardaseezeitung_new\/de\/wp-content\/uploads\/sites\/2\/2020\/03\/IlGardaNonSiFermera-750x417.jpg"},"guest-author-32":{"file":"IlGardaNonSiFermera-32x32.jpg","width":32,"height":32,"mime-type":"image\/jpeg","source_url":"https:\/\/www.gardaseezeitung.it\/gardaseezeitung_new\/de\/wp-content\/uploads\/sites\/2\/2020\/03\/IlGardaNonSiFermera-32x32.jpg"},"guest-author-50":{"file":"IlGardaNonSiFermera-50x50.jpg","width":50,"height":50,"mime-type":"image\/jpeg","source_url":"https:\/\/www.gardaseezeitung.it\/gardaseezeitung_new\/de\/wp-content\/uploads\/sites\/2\/2020\/03\/IlGardaNonSiFermera-50x50.jpg"},"guest-author-64":{"file":"IlGardaNonSiFermera-64x64.jpg","width":64,"height":64,"mime-type":"image\/jpeg","source_url":"https:\/\/www.gardaseezeitung.it\/gardaseezeitung_new\/de\/wp-content\/uploads\/sites\/2\/2020\/03\/IlGardaNonSiFermera-64x64.jpg"},"guest-author-96":{"file":"IlGardaNonSiFermera-96x96.jpg","width":96,"height":96,"mime-type":"image\/jpeg","source_url":"https:\/\/www.gardaseezeitung.it\/gardaseezeitung_new\/de\/wp-content\/uploads\/sites\/2\/2020\/03\/IlGardaNonSiFermera-96x96.jpg"},"guest-author-128":{"file":"IlGardaNonSiFermera-128x128.jpg","width":128,"height":128,"mime-type":"image\/jpeg","source_url":"https:\/\/www.gardaseezeitung.it\/gardaseezeitung_new\/de\/wp-content\/uploads\/sites\/2\/2020\/03\/IlGardaNonSiFermera-128x128.jpg"},"full":{"file":"IlGardaNonSiFermera.jpg","width":1024,"height":570,"mime_type":"","source_url":"https:\/\/www.gardaseezeitung.it\/gardaseezeitung_new\/de\/wp-content\/uploads\/sites\/2\/2020\/03\/IlGardaNonSiFermera.jpg"}},"image_meta":{"aperture":"0","credit":"","camera":"","caption":"","created_timestamp":"0","copyright":"","focal_length":"0","iso":"0","shutter_speed":"0","title":"","orientation":"1","keywords":[]}},"_links":{"self":[{"href":"https:\/\/www.gardaseezeitung.it\/gardaseezeitung_new\/de\/wp-json\/wp\/v2\/posts\/6474"}],"collection":[{"href":"https:\/\/www.gardaseezeitung.it\/gardaseezeitung_new\/de\/wp-json\/wp\/v2\/posts"}],"about":[{"href":"https:\/\/www.gardaseezeitung.it\/gardaseezeitung_new\/de\/wp-json\/wp\/v2\/types\/post"}],"author":[{"embeddable":true,"href":"https:\/\/www.gardaseezeitung.it\/gardaseezeitung_new\/de\/wp-json\/wp\/v2\/users\/9"}],"replies":[{"embeddable":true,"href":"https:\/\/www.gardaseezeitung.it\/gardaseezeitung_new\/de\/wp-json\/wp\/v2\/comments?post=6474"}],"version-history":[{"count":2,"href":"https:\/\/www.gardaseezeitung.it\/gardaseezeitung_new\/de\/wp-json\/wp\/v2\/posts\/6474\/revisions"}],"predecessor-version":[{"id":6476,"href":"https:\/\/www.gardaseezeitung.it\/gardaseezeitung_new\/de\/wp-json\/wp\/v2\/posts\/6474\/revisions\/6476"}],"wp:featuredmedia":[{"embeddable":true,"href":"https:\/\/www.gardaseezeitung.it\/gardaseezeitung_new\/de\/wp-json\/wp\/v2\/media\/3994"}],"wp:attachment":[{"href":"https:\/\/www.gardaseezeitung.it\/gardaseezeitung_new\/de\/wp-json\/wp\/v2\/media?parent=6474"}],"wp:term":[{"taxonomy":"category","embeddable":true,"href":"https:\/\/www.gardaseezeitung.it\/gardaseezeitung_new\/de\/wp-json\/wp\/v2\/categories?post=6474"},{"taxonomy":"post_tag","embeddable":true,"href":"https:\/\/www.gardaseezeitung.it\/gardaseezeitung_new\/de\/wp-json\/wp\/v2\/tags?post=6474"},{"taxonomy":"news-destination","embeddable":true,"href":"https:\/\/www.gardaseezeitung.it\/gardaseezeitung_new\/de\/wp-json\/wp\/v2\/news-destination?post=6474"},{"taxonomy":"news-source","embeddable":true,"href":"https:\/\/www.gardaseezeitung.it\/gardaseezeitung_new\/de\/wp-json\/wp\/v2\/news-source?post=6474"},{"taxonomy":"is_homepage","embeddable":true,"href":"https:\/\/www.gardaseezeitung.it\/gardaseezeitung_new\/de\/wp-json\/wp\/v2\/is_homepage?post=6474"},{"taxonomy":"ta_other","embeddable":true,"href":"https:\/\/www.gardaseezeitung.it\/gardaseezeitung_new\/de\/wp-json\/wp\/v2\/ta_other?post=6474"}],"curies":[{"name":"wp","href":"https:\/\/api.w.org\/{rel}","templated":true}]}}