{"id":6498,"date":"2021-05-29T23:53:46","date_gmt":"2021-05-29T21:53:46","guid":{"rendered":"http:\/\/euwp08.newsmemory.com\/gardaseezeitung_new\/de\/2021\/05\/29\/palio-del-chiaretto-bardolino-ab-29-mai\/"},"modified":"2021-05-29T23:59:29","modified_gmt":"2020-08-02T23:59:29","slug":"palio-del-chiaretto-bardolino-ab-29-mai","status":"publish","type":"post","link":"https:\/\/www.gardaseezeitung.it\/2021\/05\/29\/palio-del-chiaretto-bardolino-ab-29-mai\/","title":{"rendered":"Palio del Chiaretto in Bardolino ab 29. Mai"},"content":{"rendered":"<p style=\"text-align: justify\">Am 29. und 30. Mai sowie am 2. Juni kehrt der Palio del Chiaretto in Bardolino in einer reduzierten und \u00fcberarbeiteten Formel zur\u00fcck. Drei Tage lang wird Bardolino rosa gef\u00e4rbt sein und ein einzigartiges Erlebnis bieten: elf Punkte, die dem Verkauf und der Verkostung von Bardolino Chiaretto Classico Doc und Spumante Doc gewidmet sind und direkt von den Erzeugern des klassischen Gebiets &#8222;La Rocca&#8220; gef\u00fchrt werden. Am 29. und 30. Mai sowie am 2. Juni wird nur den Weinkellereien, die den Bardolino Chiaretto produzieren, Platz f\u00fcr den Verkauf ihrer Produkte an der wundersch\u00f6nen Seepromenade von Bardolino einger\u00e4umt, die sich in eine lange rosa Allee verwandeln wird. Der Palio del Chiaretto ist eine Veranstaltung, die die historischen, gastronomischen und kulturellen Aspekte von Bardolino vereint und Tausende von Besuchern aus ganz Europa anzieht. Am Seeufer wird es Dutzende von St\u00e4nden geben, an denen man den Chiaretto Doc in der klassischen und der prickelnden Version probieren kann, sowie musikalische Darbietungen, die f\u00fcr unvergessliche Tage am Gardasee sorgen. Neben den Weinkellern am Seeufer steht als einzige Veranstaltung das Sportereignis des Drachenboot-Palio auf dem Programm, die charakteristischen Ruderboote mit dem Bug eines Drachenkopfes, die am Samstag, den 29. Mai in den Gew\u00e4ssern vor dem Hafen von Bardolino gegeneinander antreten. Die Punkte am Seeufer werden an den drei Tagen von 11 bis 22 Uhr ge\u00f6ffnet sein, der Eintritt ist frei.<\/p>\n","protected":false},"excerpt":{"rendered":"<p>Am 29. und 30. Mai sowie am 2. Juni kehrt der Palio del Chiaretto in Bardolino in einer reduzierten und \u00fcberarbeiteten Formel zur\u00fcck. <\/p>\n","protected":false},"author":9,"featured_media":6497,"comment_status":"open","ping_status":"open","sticky":false,"template":"","format":"standard","meta":[],"categories":[2,3],"tags":[50,903,25,904,23,26,905,906],"news-destination":[],"news-source":[],"is_homepage":[],"ta_other":[],"featured_media_details":{"width":2048,"height":1071,"file":"2021\/05\/Palio-del-Chiaretto-Bardolino.jpeg","sizes":{"thumbnail":{"file":"Palio-del-Chiaretto-Bardolino-150x150.jpeg","width":150,"height":150,"mime-type":"image\/jpeg","source_url":"https:\/\/www.gardaseezeitung.it\/gardaseezeitung_new\/de\/wp-content\/uploads\/sites\/2\/2021\/05\/Palio-del-Chiaretto-Bardolino-150x150.jpeg"},"medium":{"file":"Palio-del-Chiaretto-Bardolino-300x157.jpeg","width":300,"height":157,"mime-type":"image\/jpeg","source_url":"https:\/\/www.gardaseezeitung.it\/gardaseezeitung_new\/de\/wp-content\/uploads\/sites\/2\/2021\/05\/Palio-del-Chiaretto-Bardolino-300x157.jpeg"},"medium_large":{"file":"Palio-del-Chiaretto-Bardolino-768x402.jpeg","width":768,"height":402,"mime-type":"image\/jpeg","source_url":"https:\/\/www.gardaseezeitung.it\/gardaseezeitung_new\/de\/wp-content\/uploads\/sites\/2\/2021\/05\/Palio-del-Chiaretto-Bardolino-768x402.jpeg"},"large":{"file":"Palio-del-Chiaretto-Bardolino-1024x536.jpeg","width":1024,"height":536,"mime-type":"image\/jpeg","source_url":"https:\/\/www.gardaseezeitung.it\/gardaseezeitung_new\/de\/wp-content\/uploads\/sites\/2\/2021\/05\/Palio-del-Chiaretto-Bardolino-1024x536.jpeg"},"big_image":{"file":"Palio-del-Chiaretto-Bardolino-750x392.jpeg","width":750,"height":392,"mime-type":"image\/jpeg","source_url":"https:\/\/www.gardaseezeitung.it\/gardaseezeitung_new\/de\/wp-content\/uploads\/sites\/2\/2021\/05\/Palio-del-Chiaretto-Bardolino-750x392.jpeg"},"guest-author-32":{"file":"Palio-del-Chiaretto-Bardolino-32x32.jpeg","width":32,"height":32,"mime-type":"image\/jpeg","source_url":"https:\/\/www.gardaseezeitung.it\/gardaseezeitung_new\/de\/wp-content\/uploads\/sites\/2\/2021\/05\/Palio-del-Chiaretto-Bardolino-32x32.jpeg"},"guest-author-50":{"file":"Palio-del-Chiaretto-Bardolino-50x50.jpeg","width":50,"height":50,"mime-type":"image\/jpeg","source_url":"https:\/\/www.gardaseezeitung.it\/gardaseezeitung_new\/de\/wp-content\/uploads\/sites\/2\/2021\/05\/Palio-del-Chiaretto-Bardolino-50x50.jpeg"},"guest-author-64":{"file":"Palio-del-Chiaretto-Bardolino-64x64.jpeg","width":64,"height":64,"mime-type":"image\/jpeg","source_url":"https:\/\/www.gardaseezeitung.it\/gardaseezeitung_new\/de\/wp-content\/uploads\/sites\/2\/2021\/05\/Palio-del-Chiaretto-Bardolino-64x64.jpeg"},"guest-author-96":{"file":"Palio-del-Chiaretto-Bardolino-96x96.jpeg","width":96,"height":96,"mime-type":"image\/jpeg","source_url":"https:\/\/www.gardaseezeitung.it\/gardaseezeitung_new\/de\/wp-content\/uploads\/sites\/2\/2021\/05\/Palio-del-Chiaretto-Bardolino-96x96.jpeg"},"guest-author-128":{"file":"Palio-del-Chiaretto-Bardolino-128x128.jpeg","width":128,"height":128,"mime-type":"image\/jpeg","source_url":"https:\/\/www.gardaseezeitung.it\/gardaseezeitung_new\/de\/wp-content\/uploads\/sites\/2\/2021\/05\/Palio-del-Chiaretto-Bardolino-128x128.jpeg"},"full":{"file":"Palio-del-Chiaretto-Bardolino.jpeg","width":2048,"height":1071,"mime_type":"","source_url":"https:\/\/www.gardaseezeitung.it\/gardaseezeitung_new\/de\/wp-content\/uploads\/sites\/2\/2021\/05\/Palio-del-Chiaretto-Bardolino.jpeg"}},"image_meta":{"aperture":"0","credit":"","camera":"","caption":"","created_timestamp":"0","copyright":"","focal_length":"0","iso":"0","shutter_speed":"0","title":"","orientation":"0","keywords":[]}},"_links":{"self":[{"href":"https:\/\/www.gardaseezeitung.it\/gardaseezeitung_new\/de\/wp-json\/wp\/v2\/posts\/6498"}],"collection":[{"href":"https:\/\/www.gardaseezeitung.it\/gardaseezeitung_new\/de\/wp-json\/wp\/v2\/posts"}],"about":[{"href":"https:\/\/www.gardaseezeitung.it\/gardaseezeitung_new\/de\/wp-json\/wp\/v2\/types\/post"}],"author":[{"embeddable":true,"href":"https:\/\/www.gardaseezeitung.it\/gardaseezeitung_new\/de\/wp-json\/wp\/v2\/users\/9"}],"replies":[{"embeddable":true,"href":"https:\/\/www.gardaseezeitung.it\/gardaseezeitung_new\/de\/wp-json\/wp\/v2\/comments?post=6498"}],"version-history":[{"count":1,"href":"https:\/\/www.gardaseezeitung.it\/gardaseezeitung_new\/de\/wp-json\/wp\/v2\/posts\/6498\/revisions"}],"predecessor-version":[{"id":6499,"href":"https:\/\/www.gardaseezeitung.it\/gardaseezeitung_new\/de\/wp-json\/wp\/v2\/posts\/6498\/revisions\/6499"}],"wp:featuredmedia":[{"embeddable":true,"href":"https:\/\/www.gardaseezeitung.it\/gardaseezeitung_new\/de\/wp-json\/wp\/v2\/media\/6497"}],"wp:attachment":[{"href":"https:\/\/www.gardaseezeitung.it\/gardaseezeitung_new\/de\/wp-json\/wp\/v2\/media?parent=6498"}],"wp:term":[{"taxonomy":"category","embeddable":true,"href":"https:\/\/www.gardaseezeitung.it\/gardaseezeitung_new\/de\/wp-json\/wp\/v2\/categories?post=6498"},{"taxonomy":"post_tag","embeddable":true,"href":"https:\/\/www.gardaseezeitung.it\/gardaseezeitung_new\/de\/wp-json\/wp\/v2\/tags?post=6498"},{"taxonomy":"news-destination","embeddable":true,"href":"https:\/\/www.gardaseezeitung.it\/gardaseezeitung_new\/de\/wp-json\/wp\/v2\/news-destination?post=6498"},{"taxonomy":"news-source","embeddable":true,"href":"https:\/\/www.gardaseezeitung.it\/gardaseezeitung_new\/de\/wp-json\/wp\/v2\/news-source?post=6498"},{"taxonomy":"is_homepage","embeddable":true,"href":"https:\/\/www.gardaseezeitung.it\/gardaseezeitung_new\/de\/wp-json\/wp\/v2\/is_homepage?post=6498"},{"taxonomy":"ta_other","embeddable":true,"href":"https:\/\/www.gardaseezeitung.it\/gardaseezeitung_new\/de\/wp-json\/wp\/v2\/ta_other?post=6498"}],"curies":[{"name":"wp","href":"https:\/\/api.w.org\/{rel}","templated":true}]}}