{"id":6535,"date":"2021-06-18T21:12:32","date_gmt":"2021-06-18T19:12:32","guid":{"rendered":"http:\/\/euwp08.newsmemory.com\/gardaseezeitung_new\/de\/2021\/06\/18\/vivi-vintage-der-ausstellungsmarkt-im-scaligerschloss-ist-zurueck-villafranca\/"},"modified":"2021-06-18T21:12:34","modified_gmt":"2020-08-22T21:12:34","slug":"vivi-vintage-der-ausstellungsmarkt-im-scaligerschloss-ist-zurueck-villafranca","status":"publish","type":"post","link":"https:\/\/www.gardaseezeitung.it\/2021\/06\/18\/vivi-vintage-der-ausstellungsmarkt-im-scaligerschloss-ist-zurueck-villafranca\/","title":{"rendered":"&#8222;Vivi Vintage&#8220;, der Ausstellungsmarkt im Scaligerschloss, ist zur\u00fcck in Villafranca"},"content":{"rendered":"<p>&nbsp;<\/p>\n<p>Die T\u00fcren von &#8222;Vivi Vintage&#8220;, dem Vintage-Ausstellungsmarkt, der erstmals im Scaliger Schloss stattfindet, \u00f6ffnen sich weit. Die 25 ausgew\u00e4hlten Aussteller, die aus verschiedenen Regionen Italiens kommen, bieten Einzelst\u00fccke und Kuriosit\u00e4ten von Kleidung \u00fcber Vinyl bis hin zu Bijoux und Jukeboxen an. Neu in diesem Sommer 2021, der unter dem Banner der R\u00fcckkehr zur Geselligkeit steht, sind die acht Food Trucks mit typischen Spezialit\u00e4ten aus verschiedenen italienischen Gebieten. F\u00fcr Autoliebhaber gibt es eine Ausstellung von Oldtimern und Vespas, w\u00e4hrend f\u00fcr Kinder ein Bereich mit antiken Holzspielen eingerichtet wird. Zum Abschluss gibt es einen individuellen Workshop f\u00fcr Tanz im Freien, der sich der Swing-Musik und dem Boogie Woogie widmet und von der Schule Blue Energy Rock organisiert wird.Der Ausstellungsbereich wird teilweise \u00fcberdacht sein. Die Veranstaltung, die in \u00dcbereinstimmung mit den Covid-19-Notfallbestimmungen organisiert wird, ist am Freitag von 18 bis 24 Uhr ge\u00f6ffnet, am Samstag und Sonntag von 10 bis 24 Uhr, w\u00e4hrend die Aussteller um 23 Uhr schlie\u00dfen.<\/p>\n<p>&nbsp;<\/p>\n","protected":false},"excerpt":{"rendered":"<p>Vivi Vintage in Villafranca: Am 18., 19. und 20. Juni wird in Villafranca di Verona Vintage-Shopping mit acht Food Trucks mit typischen lokalen Spezialit\u00e4ten kombiniert<\/p>\n","protected":false},"author":9,"featured_media":6534,"comment_status":"open","ping_status":"open","sticky":false,"template":"","format":"standard","meta":[],"categories":[4,5],"tags":[974,975,25,976,23,26,977,978,217,134,979,980,981,530,982],"news-destination":[],"news-source":[],"is_homepage":[],"ta_other":[],"featured_media_details":{"width":820,"height":462,"file":"2021\/06\/192166392_4349379041794488_761641835265858776_n.jpg","sizes":{"thumbnail":{"file":"192166392_4349379041794488_761641835265858776_n-150x150.jpg","width":150,"height":150,"mime-type":"image\/jpeg","source_url":"https:\/\/www.gardaseezeitung.it\/gardaseezeitung_new\/de\/wp-content\/uploads\/sites\/2\/2021\/06\/192166392_4349379041794488_761641835265858776_n-150x150.jpg"},"medium":{"file":"192166392_4349379041794488_761641835265858776_n-300x169.jpg","width":300,"height":169,"mime-type":"image\/jpeg","source_url":"https:\/\/www.gardaseezeitung.it\/gardaseezeitung_new\/de\/wp-content\/uploads\/sites\/2\/2021\/06\/192166392_4349379041794488_761641835265858776_n-300x169.jpg"},"medium_large":{"file":"192166392_4349379041794488_761641835265858776_n-768x433.jpg","width":768,"height":433,"mime-type":"image\/jpeg","source_url":"https:\/\/www.gardaseezeitung.it\/gardaseezeitung_new\/de\/wp-content\/uploads\/sites\/2\/2021\/06\/192166392_4349379041794488_761641835265858776_n-768x433.jpg"},"big_image":{"file":"192166392_4349379041794488_761641835265858776_n-750x423.jpg","width":750,"height":423,"mime-type":"image\/jpeg","source_url":"https:\/\/www.gardaseezeitung.it\/gardaseezeitung_new\/de\/wp-content\/uploads\/sites\/2\/2021\/06\/192166392_4349379041794488_761641835265858776_n-750x423.jpg"},"guest-author-32":{"file":"192166392_4349379041794488_761641835265858776_n-32x32.jpg","width":32,"height":32,"mime-type":"image\/jpeg","source_url":"https:\/\/www.gardaseezeitung.it\/gardaseezeitung_new\/de\/wp-content\/uploads\/sites\/2\/2021\/06\/192166392_4349379041794488_761641835265858776_n-32x32.jpg"},"guest-author-50":{"file":"192166392_4349379041794488_761641835265858776_n-50x50.jpg","width":50,"height":50,"mime-type":"image\/jpeg","source_url":"https:\/\/www.gardaseezeitung.it\/gardaseezeitung_new\/de\/wp-content\/uploads\/sites\/2\/2021\/06\/192166392_4349379041794488_761641835265858776_n-50x50.jpg"},"guest-author-64":{"file":"192166392_4349379041794488_761641835265858776_n-64x64.jpg","width":64,"height":64,"mime-type":"image\/jpeg","source_url":"https:\/\/www.gardaseezeitung.it\/gardaseezeitung_new\/de\/wp-content\/uploads\/sites\/2\/2021\/06\/192166392_4349379041794488_761641835265858776_n-64x64.jpg"},"guest-author-96":{"file":"192166392_4349379041794488_761641835265858776_n-96x96.jpg","width":96,"height":96,"mime-type":"image\/jpeg","source_url":"https:\/\/www.gardaseezeitung.it\/gardaseezeitung_new\/de\/wp-content\/uploads\/sites\/2\/2021\/06\/192166392_4349379041794488_761641835265858776_n-96x96.jpg"},"guest-author-128":{"file":"192166392_4349379041794488_761641835265858776_n-128x128.jpg","width":128,"height":128,"mime-type":"image\/jpeg","source_url":"https:\/\/www.gardaseezeitung.it\/gardaseezeitung_new\/de\/wp-content\/uploads\/sites\/2\/2021\/06\/192166392_4349379041794488_761641835265858776_n-128x128.jpg"},"full":{"file":"192166392_4349379041794488_761641835265858776_n.jpg","width":820,"height":462,"mime_type":"","source_url":"https:\/\/www.gardaseezeitung.it\/gardaseezeitung_new\/de\/wp-content\/uploads\/sites\/2\/2021\/06\/192166392_4349379041794488_761641835265858776_n.jpg"}},"image_meta":{"aperture":"0","credit":"","camera":"","caption":"","created_timestamp":"0","copyright":"","focal_length":"0","iso":"0","shutter_speed":"0","title":"","orientation":"0","keywords":[]}},"_links":{"self":[{"href":"https:\/\/www.gardaseezeitung.it\/gardaseezeitung_new\/de\/wp-json\/wp\/v2\/posts\/6535"}],"collection":[{"href":"https:\/\/www.gardaseezeitung.it\/gardaseezeitung_new\/de\/wp-json\/wp\/v2\/posts"}],"about":[{"href":"https:\/\/www.gardaseezeitung.it\/gardaseezeitung_new\/de\/wp-json\/wp\/v2\/types\/post"}],"author":[{"embeddable":true,"href":"https:\/\/www.gardaseezeitung.it\/gardaseezeitung_new\/de\/wp-json\/wp\/v2\/users\/9"}],"replies":[{"embeddable":true,"href":"https:\/\/www.gardaseezeitung.it\/gardaseezeitung_new\/de\/wp-json\/wp\/v2\/comments?post=6535"}],"version-history":[{"count":1,"href":"https:\/\/www.gardaseezeitung.it\/gardaseezeitung_new\/de\/wp-json\/wp\/v2\/posts\/6535\/revisions"}],"predecessor-version":[{"id":6536,"href":"https:\/\/www.gardaseezeitung.it\/gardaseezeitung_new\/de\/wp-json\/wp\/v2\/posts\/6535\/revisions\/6536"}],"wp:featuredmedia":[{"embeddable":true,"href":"https:\/\/www.gardaseezeitung.it\/gardaseezeitung_new\/de\/wp-json\/wp\/v2\/media\/6534"}],"wp:attachment":[{"href":"https:\/\/www.gardaseezeitung.it\/gardaseezeitung_new\/de\/wp-json\/wp\/v2\/media?parent=6535"}],"wp:term":[{"taxonomy":"category","embeddable":true,"href":"https:\/\/www.gardaseezeitung.it\/gardaseezeitung_new\/de\/wp-json\/wp\/v2\/categories?post=6535"},{"taxonomy":"post_tag","embeddable":true,"href":"https:\/\/www.gardaseezeitung.it\/gardaseezeitung_new\/de\/wp-json\/wp\/v2\/tags?post=6535"},{"taxonomy":"news-destination","embeddable":true,"href":"https:\/\/www.gardaseezeitung.it\/gardaseezeitung_new\/de\/wp-json\/wp\/v2\/news-destination?post=6535"},{"taxonomy":"news-source","embeddable":true,"href":"https:\/\/www.gardaseezeitung.it\/gardaseezeitung_new\/de\/wp-json\/wp\/v2\/news-source?post=6535"},{"taxonomy":"is_homepage","embeddable":true,"href":"https:\/\/www.gardaseezeitung.it\/gardaseezeitung_new\/de\/wp-json\/wp\/v2\/is_homepage?post=6535"},{"taxonomy":"ta_other","embeddable":true,"href":"https:\/\/www.gardaseezeitung.it\/gardaseezeitung_new\/de\/wp-json\/wp\/v2\/ta_other?post=6535"}],"curies":[{"name":"wp","href":"https:\/\/api.w.org\/{rel}","templated":true}]}}