{"id":6541,"date":"2021-06-19T10:46:39","date_gmt":"2021-06-19T08:46:39","guid":{"rendered":"http:\/\/euwp08.newsmemory.com\/gardaseezeitung_new\/de\/2021\/06\/19\/eine-nacht-auf-den-plaetzen-bussolengo-mit-musik-und-typischer-kueche\/"},"modified":"2021-06-19T10:46:49","modified_gmt":"2020-08-23T10:46:49","slug":"eine-nacht-auf-den-plaetzen-bussolengo-mit-musik-und-typischer-kueche","status":"publish","type":"post","link":"https:\/\/www.gardaseezeitung.it\/2021\/06\/19\/eine-nacht-auf-den-plaetzen-bussolengo-mit-musik-und-typischer-kueche\/","title":{"rendered":"Eine Nacht auf den Pl\u00e4tzen in Bussolengo mit Musik und typischer K\u00fcche"},"content":{"rendered":"<p>&nbsp;<\/p>\n<p>In Bussolengo kommt La Notte delle Piazze (die Nacht der Pl\u00e4tze), die am Samstag, den 19. Juni, ab 19 Uhr stattfindet: eine Nacht des Geschmacks, der Musik und der Unterhaltung mit vier beteiligten Pl\u00e4tzen. Jedes mit einem anderen Men\u00fc und einer Live-Show. Piazza XXI Aprile wird der typisch veronesischen K\u00fcche gewidmet sein: vom Risotto bis zum Tastasal und Produkten aus Lessinia, alles begleitet von gutem Wein und Bier aus dem Pustertal. Die Band des Intrepido wird alle zum Rhythmus des Rock and Roll tanzen lassen. Auf der Piazza dello Zodiaco wird es bayerische K\u00fcche geben, und f\u00fcr die Liebhaber des kr\u00e4ftigen Geschmacks gibt es Schweinshaxe, W\u00fcrstel und gutes Bier. Hier treten die Sangue Blues auf, deren Repertoire von der Blues Brothers Band bis zu Blues-Klassikern reicht.Auf der Piazza del Grano findet f\u00fcr alle Liebhaber des Tanzes die wunderbare Show von vier Tanzschulen statt: Association Centro Danza Arabesque, Fisicamente, Ritmo Doble und Rock on the Pole. Es wird auch Platz f\u00fcr Street Food mit dem Food Truck geben. Die Piazza Caduti in Guerra in San Vito al Mantico wird zum Platz f\u00fcr BBQ-Liebhaber mit Spezialit\u00e4ten wie Pulled Pork und Hamburgern, gekr\u00f6nt vom Spa\u00df der Mantico G\u00f2to Talent! Show, bei der Gesangstalente gesucht werden.<\/p>\n<p>&nbsp;<\/p>\n","protected":false},"excerpt":{"rendered":"<p>In Bussolengo kommt La Notte delle Piazze (die Nacht der Pl\u00e4tze), die am Samstag, den 19. Juni, ab 19 Uhr stattfindet<\/p>\n","protected":false},"author":9,"featured_media":6540,"comment_status":"open","ping_status":"open","sticky":false,"template":"","format":"standard","meta":[],"categories":[2,4],"tags":[987,988,74,25,23,26,989,990,991,992,993,994,995],"news-destination":[],"news-source":[],"is_homepage":[],"ta_other":[],"featured_media_details":{"width":777,"height":437,"file":"2021\/06\/Notte-nelle-Piazze-presentazione-777x437.jpg","sizes":{"thumbnail":{"file":"Notte-nelle-Piazze-presentazione-777x437-150x150.jpg","width":150,"height":150,"mime-type":"image\/jpeg","source_url":"https:\/\/www.gardaseezeitung.it\/gardaseezeitung_new\/de\/wp-content\/uploads\/sites\/2\/2021\/06\/Notte-nelle-Piazze-presentazione-777x437-150x150.jpg"},"medium":{"file":"Notte-nelle-Piazze-presentazione-777x437-300x169.jpg","width":300,"height":169,"mime-type":"image\/jpeg","source_url":"https:\/\/www.gardaseezeitung.it\/gardaseezeitung_new\/de\/wp-content\/uploads\/sites\/2\/2021\/06\/Notte-nelle-Piazze-presentazione-777x437-300x169.jpg"},"medium_large":{"file":"Notte-nelle-Piazze-presentazione-777x437-768x432.jpg","width":768,"height":432,"mime-type":"image\/jpeg","source_url":"https:\/\/www.gardaseezeitung.it\/gardaseezeitung_new\/de\/wp-content\/uploads\/sites\/2\/2021\/06\/Notte-nelle-Piazze-presentazione-777x437-768x432.jpg"},"big_image":{"file":"Notte-nelle-Piazze-presentazione-777x437-750x422.jpg","width":750,"height":422,"mime-type":"image\/jpeg","source_url":"https:\/\/www.gardaseezeitung.it\/gardaseezeitung_new\/de\/wp-content\/uploads\/sites\/2\/2021\/06\/Notte-nelle-Piazze-presentazione-777x437-750x422.jpg"},"guest-author-32":{"file":"Notte-nelle-Piazze-presentazione-777x437-32x32.jpg","width":32,"height":32,"mime-type":"image\/jpeg","source_url":"https:\/\/www.gardaseezeitung.it\/gardaseezeitung_new\/de\/wp-content\/uploads\/sites\/2\/2021\/06\/Notte-nelle-Piazze-presentazione-777x437-32x32.jpg"},"guest-author-50":{"file":"Notte-nelle-Piazze-presentazione-777x437-50x50.jpg","width":50,"height":50,"mime-type":"image\/jpeg","source_url":"https:\/\/www.gardaseezeitung.it\/gardaseezeitung_new\/de\/wp-content\/uploads\/sites\/2\/2021\/06\/Notte-nelle-Piazze-presentazione-777x437-50x50.jpg"},"guest-author-64":{"file":"Notte-nelle-Piazze-presentazione-777x437-64x64.jpg","width":64,"height":64,"mime-type":"image\/jpeg","source_url":"https:\/\/www.gardaseezeitung.it\/gardaseezeitung_new\/de\/wp-content\/uploads\/sites\/2\/2021\/06\/Notte-nelle-Piazze-presentazione-777x437-64x64.jpg"},"guest-author-96":{"file":"Notte-nelle-Piazze-presentazione-777x437-96x96.jpg","width":96,"height":96,"mime-type":"image\/jpeg","source_url":"https:\/\/www.gardaseezeitung.it\/gardaseezeitung_new\/de\/wp-content\/uploads\/sites\/2\/2021\/06\/Notte-nelle-Piazze-presentazione-777x437-96x96.jpg"},"guest-author-128":{"file":"Notte-nelle-Piazze-presentazione-777x437-128x128.jpg","width":128,"height":128,"mime-type":"image\/jpeg","source_url":"https:\/\/www.gardaseezeitung.it\/gardaseezeitung_new\/de\/wp-content\/uploads\/sites\/2\/2021\/06\/Notte-nelle-Piazze-presentazione-777x437-128x128.jpg"},"full":{"file":"Notte-nelle-Piazze-presentazione-777x437.jpg","width":777,"height":437,"mime_type":"","source_url":"https:\/\/www.gardaseezeitung.it\/gardaseezeitung_new\/de\/wp-content\/uploads\/sites\/2\/2021\/06\/Notte-nelle-Piazze-presentazione-777x437.jpg"}},"image_meta":{"aperture":"0","credit":"","camera":"","caption":"","created_timestamp":"0","copyright":"","focal_length":"0","iso":"0","shutter_speed":"0","title":"","orientation":"0","keywords":[]}},"_links":{"self":[{"href":"https:\/\/www.gardaseezeitung.it\/gardaseezeitung_new\/de\/wp-json\/wp\/v2\/posts\/6541"}],"collection":[{"href":"https:\/\/www.gardaseezeitung.it\/gardaseezeitung_new\/de\/wp-json\/wp\/v2\/posts"}],"about":[{"href":"https:\/\/www.gardaseezeitung.it\/gardaseezeitung_new\/de\/wp-json\/wp\/v2\/types\/post"}],"author":[{"embeddable":true,"href":"https:\/\/www.gardaseezeitung.it\/gardaseezeitung_new\/de\/wp-json\/wp\/v2\/users\/9"}],"replies":[{"embeddable":true,"href":"https:\/\/www.gardaseezeitung.it\/gardaseezeitung_new\/de\/wp-json\/wp\/v2\/comments?post=6541"}],"version-history":[{"count":1,"href":"https:\/\/www.gardaseezeitung.it\/gardaseezeitung_new\/de\/wp-json\/wp\/v2\/posts\/6541\/revisions"}],"predecessor-version":[{"id":6542,"href":"https:\/\/www.gardaseezeitung.it\/gardaseezeitung_new\/de\/wp-json\/wp\/v2\/posts\/6541\/revisions\/6542"}],"wp:featuredmedia":[{"embeddable":true,"href":"https:\/\/www.gardaseezeitung.it\/gardaseezeitung_new\/de\/wp-json\/wp\/v2\/media\/6540"}],"wp:attachment":[{"href":"https:\/\/www.gardaseezeitung.it\/gardaseezeitung_new\/de\/wp-json\/wp\/v2\/media?parent=6541"}],"wp:term":[{"taxonomy":"category","embeddable":true,"href":"https:\/\/www.gardaseezeitung.it\/gardaseezeitung_new\/de\/wp-json\/wp\/v2\/categories?post=6541"},{"taxonomy":"post_tag","embeddable":true,"href":"https:\/\/www.gardaseezeitung.it\/gardaseezeitung_new\/de\/wp-json\/wp\/v2\/tags?post=6541"},{"taxonomy":"news-destination","embeddable":true,"href":"https:\/\/www.gardaseezeitung.it\/gardaseezeitung_new\/de\/wp-json\/wp\/v2\/news-destination?post=6541"},{"taxonomy":"news-source","embeddable":true,"href":"https:\/\/www.gardaseezeitung.it\/gardaseezeitung_new\/de\/wp-json\/wp\/v2\/news-source?post=6541"},{"taxonomy":"is_homepage","embeddable":true,"href":"https:\/\/www.gardaseezeitung.it\/gardaseezeitung_new\/de\/wp-json\/wp\/v2\/is_homepage?post=6541"},{"taxonomy":"ta_other","embeddable":true,"href":"https:\/\/www.gardaseezeitung.it\/gardaseezeitung_new\/de\/wp-json\/wp\/v2\/ta_other?post=6541"}],"curies":[{"name":"wp","href":"https:\/\/api.w.org\/{rel}","templated":true}]}}