{"id":683,"date":"2015-07-12T15:38:20","date_gmt":"2015-07-12T15:38:20","guid":{"rendered":"http:\/\/euwp08.newsmemory.com\/gardaseezeitung_new\/de\/2015\/07\/12\/caparezza-live-in-arco\/"},"modified":"2019-05-28T16:49:55","modified_gmt":"2019-05-28T16:49:55","slug":"caparezza-live-in-arco","status":"publish","type":"post","link":"https:\/\/www.gardaseezeitung.it\/2015\/07\/12\/caparezza-live-in-arco\/","title":{"rendered":"Caparezza Live in Arco"},"content":{"rendered":"<p style=\"text-align: justify\">Caparezza kehrt so neun Jahre nach seinem letzten Auftritt ins Trentino zur\u00fcck. Das Konzert wird von der Vereinigung Sideout aus Riva del Garda zusammen mit Fiabamusic und Shining Production sowie in Zusammenarbeit mit der Comunit\u00e0 Alto Garda e Ledro und dem Amt f\u00fcr Jugendpolitik der Stadtverwaltung Arco organisiert. Tickets f\u00fcr das Event sind \u00fcber Ticketone und Primiallaprima zum Preis von 18 Euro zuz\u00fcglich der Vorverkaufsgeb\u00fchren erh\u00e4ltlich. Das Konzert in Arco verspricht eine energiegeladene Show zu werden: die verschiedensten musikalischen Richtungen und ein an Fantasie und Kreativit\u00e4t reiches B\u00fchnenbild voller Visionen erwarten die Zuschauer. Sie sind das Markenzeichen aller Live-Auftritte von Caparezza. Auf dem Programm stehen nat\u00fcrlich seine Hits und viel Platz wird den Songs seines letzten Studio-Albums \u201eMuseica&#8220; gew\u00e4hrt.<br \/>Es ist eine Hommage an die Kunst, seine ganz pers\u00f6nliche Galerie, die es zu betrachten und anzusehen gilt sowie seine Musik.<\/p>\n","protected":false},"excerpt":{"rendered":"<p>Caparezza, einer der beliebtesten italienischen K\u00fcnstler der j\u00fcngeren Generation (aber nicht nur), wird am Dienstag, den 4. August im Climbing Stadium in Arco ein Konzert geben. Das Konzert findet im Rahmen der neuen \u201eMuseica Tour II \u2013 The Exhibition&#8220; statt.<\/p>\n","protected":false},"author":1,"featured_media":684,"comment_status":"open","ping_status":"open","sticky":false,"template":"","format":"standard","meta":[],"categories":[5],"tags":[],"news-destination":[],"news-source":[],"is_homepage":[],"ta_other":[],"featured_media_details":{"width":620,"height":346,"file":"2019\/05\/4b24106614da507aaf669dadc67dfea1.jpg","sizes":{"thumbnail":{"file":"4b24106614da507aaf669dadc67dfea1-150x150.jpg","width":150,"height":150,"mime-type":"image\/jpeg","source_url":"https:\/\/www.gardaseezeitung.it\/gardaseezeitung_new\/de\/wp-content\/uploads\/sites\/2\/2019\/05\/4b24106614da507aaf669dadc67dfea1-150x150.jpg"},"medium":{"file":"4b24106614da507aaf669dadc67dfea1-300x167.jpg","width":300,"height":167,"mime-type":"image\/jpeg","source_url":"https:\/\/www.gardaseezeitung.it\/gardaseezeitung_new\/de\/wp-content\/uploads\/sites\/2\/2019\/05\/4b24106614da507aaf669dadc67dfea1-300x167.jpg"},"full":{"file":"4b24106614da507aaf669dadc67dfea1.jpg","width":620,"height":346,"mime_type":"","source_url":"https:\/\/www.gardaseezeitung.it\/gardaseezeitung_new\/de\/wp-content\/uploads\/sites\/2\/2019\/05\/4b24106614da507aaf669dadc67dfea1.jpg"}},"image_meta":{"aperture":"0","credit":"","camera":"","caption":"","created_timestamp":"0","copyright":"","focal_length":"0","iso":"0","shutter_speed":"0","title":"","orientation":"0","keywords":[]}},"_links":{"self":[{"href":"https:\/\/www.gardaseezeitung.it\/gardaseezeitung_new\/de\/wp-json\/wp\/v2\/posts\/683"}],"collection":[{"href":"https:\/\/www.gardaseezeitung.it\/gardaseezeitung_new\/de\/wp-json\/wp\/v2\/posts"}],"about":[{"href":"https:\/\/www.gardaseezeitung.it\/gardaseezeitung_new\/de\/wp-json\/wp\/v2\/types\/post"}],"author":[{"embeddable":true,"href":"https:\/\/www.gardaseezeitung.it\/gardaseezeitung_new\/de\/wp-json\/wp\/v2\/users\/1"}],"replies":[{"embeddable":true,"href":"https:\/\/www.gardaseezeitung.it\/gardaseezeitung_new\/de\/wp-json\/wp\/v2\/comments?post=683"}],"version-history":[{"count":0,"href":"https:\/\/www.gardaseezeitung.it\/gardaseezeitung_new\/de\/wp-json\/wp\/v2\/posts\/683\/revisions"}],"wp:featuredmedia":[{"embeddable":true,"href":"https:\/\/www.gardaseezeitung.it\/gardaseezeitung_new\/de\/wp-json\/wp\/v2\/media\/684"}],"wp:attachment":[{"href":"https:\/\/www.gardaseezeitung.it\/gardaseezeitung_new\/de\/wp-json\/wp\/v2\/media?parent=683"}],"wp:term":[{"taxonomy":"category","embeddable":true,"href":"https:\/\/www.gardaseezeitung.it\/gardaseezeitung_new\/de\/wp-json\/wp\/v2\/categories?post=683"},{"taxonomy":"post_tag","embeddable":true,"href":"https:\/\/www.gardaseezeitung.it\/gardaseezeitung_new\/de\/wp-json\/wp\/v2\/tags?post=683"},{"taxonomy":"news-destination","embeddable":true,"href":"https:\/\/www.gardaseezeitung.it\/gardaseezeitung_new\/de\/wp-json\/wp\/v2\/news-destination?post=683"},{"taxonomy":"news-source","embeddable":true,"href":"https:\/\/www.gardaseezeitung.it\/gardaseezeitung_new\/de\/wp-json\/wp\/v2\/news-source?post=683"},{"taxonomy":"is_homepage","embeddable":true,"href":"https:\/\/www.gardaseezeitung.it\/gardaseezeitung_new\/de\/wp-json\/wp\/v2\/is_homepage?post=683"},{"taxonomy":"ta_other","embeddable":true,"href":"https:\/\/www.gardaseezeitung.it\/gardaseezeitung_new\/de\/wp-json\/wp\/v2\/ta_other?post=683"}],"curies":[{"name":"wp","href":"https:\/\/api.w.org\/{rel}","templated":true}]}}