{"id":693,"date":"2015-08-10T17:17:46","date_gmt":"2015-08-10T17:17:46","guid":{"rendered":"http:\/\/euwp08.newsmemory.com\/gardaseezeitung_new\/de\/2015\/08\/10\/brindisi-sotto-le-stelle\/"},"modified":"2019-05-28T16:49:56","modified_gmt":"2019-05-28T16:49:56","slug":"brindisi-sotto-le-stelle","status":"publish","type":"post","link":"https:\/\/www.gardaseezeitung.it\/2015\/08\/10\/brindisi-sotto-le-stelle\/","title":{"rendered":"Brindisi sotto le stelle"},"content":{"rendered":"<p style=\"text-align: justify\">ist es zu verdanken, dass man am Ferragosto (italienischer Feiertag) im Forte Ardietti an der Grenze zwischen dem Gebiet von Ponti sul Mincio und Peschiera del Garda, von 19 Uhr bis in den sp\u00e4ten Abend in die historische Atmosph\u00e4re der Gen\u00fcsse vergangener Zeiten eintauchen kann.<br \/>Zu gastronomischen Spitzenprodukten werden die besten Weine der Colline Moreniche (Mor\u00e4nenh\u00fcgel) gereicht. Der traditionelle Risotto mit Cabernet der H\u00fcgel wird der Triumph der Gen\u00fcsse aus Mantua sein.<br \/>Eine historische, fast unsterbliche Kulisse umgibt das Event. Von den alten Mauern umgeben werden die Kelche gehoben, um auf einen neuen Ferragosto anzusto\u00dfen. Und vielleicht bringt dies den Weinbauern ja auch Gl\u00fcck f\u00fcr die n\u00e4chste Weinlese.<br \/>Eleganz und Geschichte, Musik und Romantik, Gastronomie und fr\u00f6hliche Stunden begleiten den traditionellen und unvergesslichen Urlaub am Gardasee, und in dieser eleganten Umgebung erh\u00e4lt man einen Vorgeschmack auf ihn&#8230;<\/p>\n","protected":false},"excerpt":{"rendered":"<p>Der Initiative \u201eBrindisi sotto le stelle&#8220; (Unter den Sternen ansto\u00dfen), die im Rahmen einer Zusammenarbeit der Cantina Colli Morenici, der Gemeinde Ponti sul Mincio und dem Schutzkonsortium der Weine aus Mantua ins Leben gerufen wurde,<\/p>\n","protected":false},"author":1,"featured_media":694,"comment_status":"open","ping_status":"open","sticky":false,"template":"","format":"standard","meta":[],"categories":[5],"tags":[],"news-destination":[],"news-source":[],"is_homepage":[],"ta_other":[],"featured_media_details":{"width":620,"height":354,"file":"2019\/05\/a6df34aaf4dd366ebc49a334a1c51a2e.jpg","sizes":{"thumbnail":{"file":"a6df34aaf4dd366ebc49a334a1c51a2e-150x150.jpg","width":150,"height":150,"mime-type":"image\/jpeg","source_url":"https:\/\/www.gardaseezeitung.it\/gardaseezeitung_new\/de\/wp-content\/uploads\/sites\/2\/2019\/05\/a6df34aaf4dd366ebc49a334a1c51a2e-150x150.jpg"},"medium":{"file":"a6df34aaf4dd366ebc49a334a1c51a2e-300x171.jpg","width":300,"height":171,"mime-type":"image\/jpeg","source_url":"https:\/\/www.gardaseezeitung.it\/gardaseezeitung_new\/de\/wp-content\/uploads\/sites\/2\/2019\/05\/a6df34aaf4dd366ebc49a334a1c51a2e-300x171.jpg"},"full":{"file":"a6df34aaf4dd366ebc49a334a1c51a2e.jpg","width":620,"height":354,"mime_type":"","source_url":"https:\/\/www.gardaseezeitung.it\/gardaseezeitung_new\/de\/wp-content\/uploads\/sites\/2\/2019\/05\/a6df34aaf4dd366ebc49a334a1c51a2e.jpg"}},"image_meta":{"aperture":"0","credit":"","camera":"","caption":"","created_timestamp":"0","copyright":"","focal_length":"0","iso":"0","shutter_speed":"0","title":"","orientation":"0","keywords":[]}},"_links":{"self":[{"href":"https:\/\/www.gardaseezeitung.it\/gardaseezeitung_new\/de\/wp-json\/wp\/v2\/posts\/693"}],"collection":[{"href":"https:\/\/www.gardaseezeitung.it\/gardaseezeitung_new\/de\/wp-json\/wp\/v2\/posts"}],"about":[{"href":"https:\/\/www.gardaseezeitung.it\/gardaseezeitung_new\/de\/wp-json\/wp\/v2\/types\/post"}],"author":[{"embeddable":true,"href":"https:\/\/www.gardaseezeitung.it\/gardaseezeitung_new\/de\/wp-json\/wp\/v2\/users\/1"}],"replies":[{"embeddable":true,"href":"https:\/\/www.gardaseezeitung.it\/gardaseezeitung_new\/de\/wp-json\/wp\/v2\/comments?post=693"}],"version-history":[{"count":0,"href":"https:\/\/www.gardaseezeitung.it\/gardaseezeitung_new\/de\/wp-json\/wp\/v2\/posts\/693\/revisions"}],"wp:featuredmedia":[{"embeddable":true,"href":"https:\/\/www.gardaseezeitung.it\/gardaseezeitung_new\/de\/wp-json\/wp\/v2\/media\/694"}],"wp:attachment":[{"href":"https:\/\/www.gardaseezeitung.it\/gardaseezeitung_new\/de\/wp-json\/wp\/v2\/media?parent=693"}],"wp:term":[{"taxonomy":"category","embeddable":true,"href":"https:\/\/www.gardaseezeitung.it\/gardaseezeitung_new\/de\/wp-json\/wp\/v2\/categories?post=693"},{"taxonomy":"post_tag","embeddable":true,"href":"https:\/\/www.gardaseezeitung.it\/gardaseezeitung_new\/de\/wp-json\/wp\/v2\/tags?post=693"},{"taxonomy":"news-destination","embeddable":true,"href":"https:\/\/www.gardaseezeitung.it\/gardaseezeitung_new\/de\/wp-json\/wp\/v2\/news-destination?post=693"},{"taxonomy":"news-source","embeddable":true,"href":"https:\/\/www.gardaseezeitung.it\/gardaseezeitung_new\/de\/wp-json\/wp\/v2\/news-source?post=693"},{"taxonomy":"is_homepage","embeddable":true,"href":"https:\/\/www.gardaseezeitung.it\/gardaseezeitung_new\/de\/wp-json\/wp\/v2\/is_homepage?post=693"},{"taxonomy":"ta_other","embeddable":true,"href":"https:\/\/www.gardaseezeitung.it\/gardaseezeitung_new\/de\/wp-json\/wp\/v2\/ta_other?post=693"}],"curies":[{"name":"wp","href":"https:\/\/api.w.org\/{rel}","templated":true}]}}