{"id":7098,"date":"2021-08-10T11:48:06","date_gmt":"2021-08-10T09:48:06","guid":{"rendered":"http:\/\/euwp08.newsmemory.com\/gardaseezeitung_new\/de\/2021\/08\/10\/17-august-star-tenor-jonas-kaufmann-verona-zu-gast\/"},"modified":"2021-08-10T11:51:58","modified_gmt":"2020-10-14T11:51:58","slug":"17-august-star-tenor-jonas-kaufmann-verona-zu-gast","status":"publish","type":"post","link":"https:\/\/www.gardaseezeitung.it\/2021\/08\/10\/17-august-star-tenor-jonas-kaufmann-verona-zu-gast\/","title":{"rendered":"17 August: Star-Tenor Jonas Kaufmann in Verona zu Gast"},"content":{"rendered":"<p>&nbsp;<\/p>\n<p>Der deutsche Star-Tenor Jonas Kaufmann wird am 17. August 2021 in der Arena von Verona auftreten. F\u00fcr Kaufmann ist es sein Deb\u00fct im gr\u00f6\u00dften Freilicht-Theater der Welt.\u00a0 Die Arena von Verona bietet die perfekte Kulisse, in der die Zuschauer genau wie der Weltstar selbst unter freiem Himmel gro\u00dfe Momente und Emotionen erleben. \u201eMit meinem Deb\u00fct in der Arena von Verona am 17. August verbinde ich viele Sehns\u00fcchte: die Sehnsucht nach \u201emeinem\u201c Italien, die Sehnsucht nach der Arena, in der ich schon in meiner Jugend Auff\u00fchrungen erlebt habe \u2013 und die Sehnsucht nach den Zuschauern, die ich in den letzten eineinhalb Jahren schmerzlich vermisst habe. Ich freue mich riesig darauf, in der Arena wieder f\u00fcr ein hoffentlich gro\u00dfes Publikum unterm Sternenhimmel zu singen\u201c, so Jonas Kaufmann, der regelm\u00e4\u00dfig in den weltweit renommiertesten Opernh\u00e4usern wie der Wiener Staatsoper, der Op\u00e9ra national de Paris, der Metropolitan Opera in New York, am Royal Opera House Covent Garden in London, bei den Salzburger Festspielen und an der Bayerischen Staatsoper auftritt. Gemeinsam mit Sopran Martina Serafin und Dirigent Jochen Rieder pr\u00e4sentiert Kaufmann ein interessantes Programm mit Werken von Umberto Giordano, Giacomo Puccini, Giuseppe Verdi und Richard Wagner.<\/p>\n<p>&nbsp;<\/p>\n","protected":false},"excerpt":{"rendered":"<p>Der deutsche Star-Tenor Jonas Kaufmann wird am 17. August 2021 in der Arena von Verona auftreten. <\/p>\n","protected":false},"author":9,"featured_media":7097,"comment_status":"open","ping_status":"open","sticky":false,"template":"","format":"standard","meta":[],"categories":[2,5],"tags":[36,1020,25,23,26,1111,490,102,1112,1113],"news-destination":[],"news-source":[],"is_homepage":[],"ta_other":[],"featured_media_details":{"width":617,"height":352,"file":"2021\/08\/kaufmann.jpg","sizes":{"thumbnail":{"file":"kaufmann-150x150.jpg","width":150,"height":150,"mime-type":"image\/jpeg","source_url":"https:\/\/www.gardaseezeitung.it\/gardaseezeitung_new\/de\/wp-content\/uploads\/sites\/2\/2021\/08\/kaufmann-150x150.jpg"},"medium":{"file":"kaufmann-300x171.jpg","width":300,"height":171,"mime-type":"image\/jpeg","source_url":"https:\/\/www.gardaseezeitung.it\/gardaseezeitung_new\/de\/wp-content\/uploads\/sites\/2\/2021\/08\/kaufmann-300x171.jpg"},"guest-author-32":{"file":"kaufmann-32x32.jpg","width":32,"height":32,"mime-type":"image\/jpeg","source_url":"https:\/\/www.gardaseezeitung.it\/gardaseezeitung_new\/de\/wp-content\/uploads\/sites\/2\/2021\/08\/kaufmann-32x32.jpg"},"guest-author-50":{"file":"kaufmann-50x50.jpg","width":50,"height":50,"mime-type":"image\/jpeg","source_url":"https:\/\/www.gardaseezeitung.it\/gardaseezeitung_new\/de\/wp-content\/uploads\/sites\/2\/2021\/08\/kaufmann-50x50.jpg"},"guest-author-64":{"file":"kaufmann-64x64.jpg","width":64,"height":64,"mime-type":"image\/jpeg","source_url":"https:\/\/www.gardaseezeitung.it\/gardaseezeitung_new\/de\/wp-content\/uploads\/sites\/2\/2021\/08\/kaufmann-64x64.jpg"},"guest-author-96":{"file":"kaufmann-96x96.jpg","width":96,"height":96,"mime-type":"image\/jpeg","source_url":"https:\/\/www.gardaseezeitung.it\/gardaseezeitung_new\/de\/wp-content\/uploads\/sites\/2\/2021\/08\/kaufmann-96x96.jpg"},"guest-author-128":{"file":"kaufmann-128x128.jpg","width":128,"height":128,"mime-type":"image\/jpeg","source_url":"https:\/\/www.gardaseezeitung.it\/gardaseezeitung_new\/de\/wp-content\/uploads\/sites\/2\/2021\/08\/kaufmann-128x128.jpg"},"full":{"file":"kaufmann.jpg","width":617,"height":352,"mime_type":"","source_url":"https:\/\/www.gardaseezeitung.it\/gardaseezeitung_new\/de\/wp-content\/uploads\/sites\/2\/2021\/08\/kaufmann.jpg"}},"image_meta":{"aperture":"0","credit":"","camera":"","caption":"","created_timestamp":"0","copyright":"","focal_length":"0","iso":"0","shutter_speed":"0","title":"Jonas Kaufmann","orientation":"1","keywords":[]}},"_links":{"self":[{"href":"https:\/\/www.gardaseezeitung.it\/gardaseezeitung_new\/de\/wp-json\/wp\/v2\/posts\/7098"}],"collection":[{"href":"https:\/\/www.gardaseezeitung.it\/gardaseezeitung_new\/de\/wp-json\/wp\/v2\/posts"}],"about":[{"href":"https:\/\/www.gardaseezeitung.it\/gardaseezeitung_new\/de\/wp-json\/wp\/v2\/types\/post"}],"author":[{"embeddable":true,"href":"https:\/\/www.gardaseezeitung.it\/gardaseezeitung_new\/de\/wp-json\/wp\/v2\/users\/9"}],"replies":[{"embeddable":true,"href":"https:\/\/www.gardaseezeitung.it\/gardaseezeitung_new\/de\/wp-json\/wp\/v2\/comments?post=7098"}],"version-history":[{"count":1,"href":"https:\/\/www.gardaseezeitung.it\/gardaseezeitung_new\/de\/wp-json\/wp\/v2\/posts\/7098\/revisions"}],"predecessor-version":[{"id":7099,"href":"https:\/\/www.gardaseezeitung.it\/gardaseezeitung_new\/de\/wp-json\/wp\/v2\/posts\/7098\/revisions\/7099"}],"wp:featuredmedia":[{"embeddable":true,"href":"https:\/\/www.gardaseezeitung.it\/gardaseezeitung_new\/de\/wp-json\/wp\/v2\/media\/7097"}],"wp:attachment":[{"href":"https:\/\/www.gardaseezeitung.it\/gardaseezeitung_new\/de\/wp-json\/wp\/v2\/media?parent=7098"}],"wp:term":[{"taxonomy":"category","embeddable":true,"href":"https:\/\/www.gardaseezeitung.it\/gardaseezeitung_new\/de\/wp-json\/wp\/v2\/categories?post=7098"},{"taxonomy":"post_tag","embeddable":true,"href":"https:\/\/www.gardaseezeitung.it\/gardaseezeitung_new\/de\/wp-json\/wp\/v2\/tags?post=7098"},{"taxonomy":"news-destination","embeddable":true,"href":"https:\/\/www.gardaseezeitung.it\/gardaseezeitung_new\/de\/wp-json\/wp\/v2\/news-destination?post=7098"},{"taxonomy":"news-source","embeddable":true,"href":"https:\/\/www.gardaseezeitung.it\/gardaseezeitung_new\/de\/wp-json\/wp\/v2\/news-source?post=7098"},{"taxonomy":"is_homepage","embeddable":true,"href":"https:\/\/www.gardaseezeitung.it\/gardaseezeitung_new\/de\/wp-json\/wp\/v2\/is_homepage?post=7098"},{"taxonomy":"ta_other","embeddable":true,"href":"https:\/\/www.gardaseezeitung.it\/gardaseezeitung_new\/de\/wp-json\/wp\/v2\/ta_other?post=7098"}],"curies":[{"name":"wp","href":"https:\/\/api.w.org\/{rel}","templated":true}]}}