{"id":7257,"date":"2021-09-27T15:18:26","date_gmt":"2021-09-27T13:18:26","guid":{"rendered":"http:\/\/euwp08.newsmemory.com\/gardaseezeitung_new\/de\/2021\/09\/27\/nicolis-museum-feiert-jubilaeum-zum-100-jaehrigen-bestehen-des-grossen-preises-von-italien\/"},"modified":"2021-09-27T15:19:01","modified_gmt":"2020-12-01T15:19:01","slug":"nicolis-museum-feiert-jubilaeum-zum-100-jaehrigen-bestehen-des-grossen-preises-von-italien","status":"publish","type":"post","link":"https:\/\/www.gardaseezeitung.it\/2021\/09\/27\/nicolis-museum-feiert-jubilaeum-zum-100-jaehrigen-bestehen-des-grossen-preises-von-italien\/","title":{"rendered":"Nicolis Museum feiert Jubil\u00e4um zum 100-j\u00e4hrigen Bestehen des Gro\u00dfen Preises von Italien"},"content":{"rendered":"<p>&nbsp;<\/p>\n<p>Genau hundert Jahre sind seit dem ersten Gro\u00dfen Preis von Italien vergangen: Am 4. September 1921 fand in Montichiari in der Provinz Brescia die erste Ausgabe des historischen Rennens statt. F\u00fcr die erste Ausgabe nutzte man diese ungew\u00f6hnliche Rennstrecke, doch bereits im folgenden Jahr beschloss der Automobilclub von Mailand, das Nationale Autodrom von Monza bauen zu lassen, das dann schnell zum offiziellen Sitz des italienischen Motorsports werden sollte. Das Nicolis Museum huldigt in diesen Tagen den Formel1-Piloten Michele Alboreto, und dies aus einem besonderen Anlass: 20 Jahre nach seinem Tod wurde nun am 11. September die historische Parabelkurve in Monza nach ihm benannt.In Villafranca bei Verona, wo sich das Nicolis Museum befindet, feiert man dieses Ereignis mit dem von ihm signierten F1-Lenkrad, das Alboreto beim Gro\u00dfen Preis von Italien am 11. September 1988 in den H\u00e4nden hielt. Der Gro\u00dfe Preis von Italien des Jahres 1988 ist vielen auch heute noch dank des damaligen Ferrari-Doppelsieges wenige Tage nach dem Tod von Enzo Ferrari in Erinnerung. Der Gro\u00dfe Preis Italiens war das zw\u00f6lfte Rennen der Weltmeisterschaft 1988. Auf dem Podium feierten Gerhard Berger (Ferrari), gefolgt von Michele Alboreto (Ferrari) und Eddie Cheever (Arrows-Megatron). Zu Beginn des Rennens lag der McLaren von Ayrton Senna vorn, gefolgt von Teamkollege Alain Prost, der in jenem Jahr die WM dominierte. Ihnen folgten die beiden Ferrari-Piloten Berger und Alboreto. Es schien ein sicheres Ergebnis zu sein, aber in der 35. Runde musste Prost aufgrund eines Motorproblems aufgeben, w\u00e4hrend Senna den Sieg in der Tasche zu haben schien. Doch dann kollidierte der McLaren des Brasilianers pl\u00f6tzlich mit Schlesser, was ihn zum R\u00fccktritt zwang. An der Rennstrecke explodierte aufgrund des denkw\u00fcrdigen Ferrari-Doppelsiegs die Freude. Es war eine gro\u00dfartige Hommage an den \u201eDrake&#8220;, ein m\u00e4rchenhafter Epilog. Das im Nicolis Museum ausgestellte Alboreto-Lenkrad verf\u00fcgt daher \u00fcber einen ganz besonderen Wert. Doch das Alboreto-Lenkrad ist nicht das einzige sehenswerte F1-Lenkrad. Auch die F1-Lenkr\u00e4der von Berger, Senna und Prost werden im Nicolis aufbewahrt. Ausgestellt sind \u00fcber 100 Formel-1-Lenkr\u00e4der, viele von ihnen handsigniert von den gro\u00dfen Champions, die die Geschichte des gr\u00f6\u00dften Automobilwettbewerbs geschrieben haben: Michael Schumacher, Nigel Mansell, Alain Prost, um nur einige zu nennen. Um das Formel1-Jubil\u00e4um geb\u00fchrend zu feiern, ist das Nicolis Museum im September jeden Freitag, Samstag und Sonntag von 10 bis 18 Uhr f\u00fcr die \u00d6ffentlichkeit ge\u00f6ffnet. An den anderen Tagen besteht die M\u00f6glichkeit, private F\u00fchrungen und Veranstaltungen zu reservieren.<\/p>\n<p>&nbsp;<\/p>\n","protected":false},"excerpt":{"rendered":"","protected":false},"author":9,"featured_media":7256,"comment_status":"open","ping_status":"open","sticky":false,"template":"","format":"standard","meta":[],"categories":[2,4],"tags":[1147,1148,1149,243,932,23,26,1150,463,1151,464,1152,1153],"news-destination":[],"news-source":[],"is_homepage":[],"ta_other":[],"featured_media_details":{"width":1337,"height":892,"file":"2021\/09\/nicolis.jpg","sizes":{"thumbnail":{"file":"nicolis-150x150.jpg","width":150,"height":150,"mime-type":"image\/jpeg","source_url":"https:\/\/www.gardaseezeitung.it\/gardaseezeitung_new\/de\/wp-content\/uploads\/sites\/2\/2021\/09\/nicolis-150x150.jpg"},"medium":{"file":"nicolis-300x200.jpg","width":300,"height":200,"mime-type":"image\/jpeg","source_url":"https:\/\/www.gardaseezeitung.it\/gardaseezeitung_new\/de\/wp-content\/uploads\/sites\/2\/2021\/09\/nicolis-300x200.jpg"},"medium_large":{"file":"nicolis-768x512.jpg","width":768,"height":512,"mime-type":"image\/jpeg","source_url":"https:\/\/www.gardaseezeitung.it\/gardaseezeitung_new\/de\/wp-content\/uploads\/sites\/2\/2021\/09\/nicolis-768x512.jpg"},"large":{"file":"nicolis-1024x683.jpg","width":1024,"height":683,"mime-type":"image\/jpeg","source_url":"https:\/\/www.gardaseezeitung.it\/gardaseezeitung_new\/de\/wp-content\/uploads\/sites\/2\/2021\/09\/nicolis-1024x683.jpg"},"big_image":{"file":"nicolis-750x500.jpg","width":750,"height":500,"mime-type":"image\/jpeg","source_url":"https:\/\/www.gardaseezeitung.it\/gardaseezeitung_new\/de\/wp-content\/uploads\/sites\/2\/2021\/09\/nicolis-750x500.jpg"},"guest-author-32":{"file":"nicolis-32x32.jpg","width":32,"height":32,"mime-type":"image\/jpeg","source_url":"https:\/\/www.gardaseezeitung.it\/gardaseezeitung_new\/de\/wp-content\/uploads\/sites\/2\/2021\/09\/nicolis-32x32.jpg"},"guest-author-50":{"file":"nicolis-50x50.jpg","width":50,"height":50,"mime-type":"image\/jpeg","source_url":"https:\/\/www.gardaseezeitung.it\/gardaseezeitung_new\/de\/wp-content\/uploads\/sites\/2\/2021\/09\/nicolis-50x50.jpg"},"guest-author-64":{"file":"nicolis-64x64.jpg","width":64,"height":64,"mime-type":"image\/jpeg","source_url":"https:\/\/www.gardaseezeitung.it\/gardaseezeitung_new\/de\/wp-content\/uploads\/sites\/2\/2021\/09\/nicolis-64x64.jpg"},"guest-author-96":{"file":"nicolis-96x96.jpg","width":96,"height":96,"mime-type":"image\/jpeg","source_url":"https:\/\/www.gardaseezeitung.it\/gardaseezeitung_new\/de\/wp-content\/uploads\/sites\/2\/2021\/09\/nicolis-96x96.jpg"},"guest-author-128":{"file":"nicolis-128x128.jpg","width":128,"height":128,"mime-type":"image\/jpeg","source_url":"https:\/\/www.gardaseezeitung.it\/gardaseezeitung_new\/de\/wp-content\/uploads\/sites\/2\/2021\/09\/nicolis-128x128.jpg"},"full":{"file":"nicolis.jpg","width":1337,"height":892,"mime_type":"","source_url":"https:\/\/www.gardaseezeitung.it\/gardaseezeitung_new\/de\/wp-content\/uploads\/sites\/2\/2021\/09\/nicolis.jpg"}},"image_meta":{"aperture":"0","credit":"","camera":"","caption":"","created_timestamp":"0","copyright":"","focal_length":"0","iso":"0","shutter_speed":"0","title":"","orientation":"1","keywords":[]}},"_links":{"self":[{"href":"https:\/\/www.gardaseezeitung.it\/gardaseezeitung_new\/de\/wp-json\/wp\/v2\/posts\/7257"}],"collection":[{"href":"https:\/\/www.gardaseezeitung.it\/gardaseezeitung_new\/de\/wp-json\/wp\/v2\/posts"}],"about":[{"href":"https:\/\/www.gardaseezeitung.it\/gardaseezeitung_new\/de\/wp-json\/wp\/v2\/types\/post"}],"author":[{"embeddable":true,"href":"https:\/\/www.gardaseezeitung.it\/gardaseezeitung_new\/de\/wp-json\/wp\/v2\/users\/9"}],"replies":[{"embeddable":true,"href":"https:\/\/www.gardaseezeitung.it\/gardaseezeitung_new\/de\/wp-json\/wp\/v2\/comments?post=7257"}],"version-history":[{"count":1,"href":"https:\/\/www.gardaseezeitung.it\/gardaseezeitung_new\/de\/wp-json\/wp\/v2\/posts\/7257\/revisions"}],"predecessor-version":[{"id":7258,"href":"https:\/\/www.gardaseezeitung.it\/gardaseezeitung_new\/de\/wp-json\/wp\/v2\/posts\/7257\/revisions\/7258"}],"wp:featuredmedia":[{"embeddable":true,"href":"https:\/\/www.gardaseezeitung.it\/gardaseezeitung_new\/de\/wp-json\/wp\/v2\/media\/7256"}],"wp:attachment":[{"href":"https:\/\/www.gardaseezeitung.it\/gardaseezeitung_new\/de\/wp-json\/wp\/v2\/media?parent=7257"}],"wp:term":[{"taxonomy":"category","embeddable":true,"href":"https:\/\/www.gardaseezeitung.it\/gardaseezeitung_new\/de\/wp-json\/wp\/v2\/categories?post=7257"},{"taxonomy":"post_tag","embeddable":true,"href":"https:\/\/www.gardaseezeitung.it\/gardaseezeitung_new\/de\/wp-json\/wp\/v2\/tags?post=7257"},{"taxonomy":"news-destination","embeddable":true,"href":"https:\/\/www.gardaseezeitung.it\/gardaseezeitung_new\/de\/wp-json\/wp\/v2\/news-destination?post=7257"},{"taxonomy":"news-source","embeddable":true,"href":"https:\/\/www.gardaseezeitung.it\/gardaseezeitung_new\/de\/wp-json\/wp\/v2\/news-source?post=7257"},{"taxonomy":"is_homepage","embeddable":true,"href":"https:\/\/www.gardaseezeitung.it\/gardaseezeitung_new\/de\/wp-json\/wp\/v2\/is_homepage?post=7257"},{"taxonomy":"ta_other","embeddable":true,"href":"https:\/\/www.gardaseezeitung.it\/gardaseezeitung_new\/de\/wp-json\/wp\/v2\/ta_other?post=7257"}],"curies":[{"name":"wp","href":"https:\/\/api.w.org\/{rel}","templated":true}]}}