{"id":7265,"date":"2021-09-30T15:32:19","date_gmt":"2021-09-30T13:32:19","guid":{"rendered":"http:\/\/euwp08.newsmemory.com\/gardaseezeitung_new\/de\/2021\/09\/30\/8893\/"},"modified":"2021-09-30T15:33:08","modified_gmt":"2020-12-04T15:33:08","slug":"8893","status":"publish","type":"post","link":"https:\/\/www.gardaseezeitung.it\/2021\/09\/30\/8893\/","title":{"rendered":"Konzertreigen \u201eSuoni e Sapori\u201c l\u00e4uft noch bis Dezember"},"content":{"rendered":"<p>&nbsp;<\/p>\n<p>Der Konzertreigen \u201eSuoni e sapori del Garda\u201c (Kl\u00e4nge und Gen\u00fcsse des Gardasees), der bereits seit Anfang des Sommers l\u00e4uft, wird auch in den kommenden Wochen fortgesetzt. Zu Veranstaltungsorten wurden &#8211; und werden auch in den kommenden Tagen und Wochen &#8211; Orte wie Kirchen, Villen, Palazzi und Museen. Am 2. Oktober laden Caterina und Gabriele Comeglio &amp; Jazz Company um 17 Uhr im Palazzo Wimmer in Gardone zum \u201eTribut an Lelio Luttazzi\u201c. Am 9. Oktober um 17 Uhr steht dann das Konzert des Opera Chamber Ensemble mit \u201eKammeroper\u201c auf dem Programm. Das Konzert findet ebenfalls im Palazzo Wimmer statt und beginnt um 17 Uhr. Kl\u00e4nge und Gen\u00fcsse ist nicht nur eine Sommerveranstaltung. Der Konzertreigen wird im Dezember mit zwei Konzerten beendet: am 8. Dezember um 17 Uhr l\u00e4dt das Paolo Favini 4tet in der Kirche della Visitazione in Sal\u00f2 zu \u201eChristmas Time\u201c und am 26. Dezember um 16.30 Uhr gibt das Infonote Orchestra in der Villa Alba in Gardone das \u201eKonzert der Weihnachtsw\u00fcnsche\u201c. Der Eintritt zu den Konzerten ist frei, doch ist die Reservierung unter 0365 290411; info@lagodigarda.it notwendig. Weitere Infos: Facebook Suoni e Sapori del Garda 2021 IX edizione<\/p>\n<p>&nbsp;<\/p>\n","protected":false},"excerpt":{"rendered":"<p>Der Eintritt zu den Konzerten ist frei, doch ist die Reservierung unter 0365 290411; info@lagodigarda.it notwendig. <\/p>\n","protected":false},"author":9,"featured_media":6577,"comment_status":"open","ping_status":"open","sticky":false,"template":"","format":"standard","meta":[],"categories":[2,3],"tags":[1163,23,26,33,1164,1165,1166,1167,167,1041],"news-destination":[],"news-source":[],"is_homepage":[],"ta_other":[],"featured_media_details":{"width":624,"height":322,"file":"2021\/06\/suoni-e-sapori-2021.jpg","sizes":{"thumbnail":{"file":"suoni-e-sapori-2021-150x150.jpg","width":150,"height":150,"mime-type":"image\/jpeg","source_url":"https:\/\/www.gardaseezeitung.it\/gardaseezeitung_new\/de\/wp-content\/uploads\/sites\/2\/2021\/06\/suoni-e-sapori-2021-150x150.jpg"},"medium":{"file":"suoni-e-sapori-2021-300x155.jpg","width":300,"height":155,"mime-type":"image\/jpeg","source_url":"https:\/\/www.gardaseezeitung.it\/gardaseezeitung_new\/de\/wp-content\/uploads\/sites\/2\/2021\/06\/suoni-e-sapori-2021-300x155.jpg"},"guest-author-32":{"file":"suoni-e-sapori-2021-32x32.jpg","width":32,"height":32,"mime-type":"image\/jpeg","source_url":"https:\/\/www.gardaseezeitung.it\/gardaseezeitung_new\/de\/wp-content\/uploads\/sites\/2\/2021\/06\/suoni-e-sapori-2021-32x32.jpg"},"guest-author-50":{"file":"suoni-e-sapori-2021-50x50.jpg","width":50,"height":50,"mime-type":"image\/jpeg","source_url":"https:\/\/www.gardaseezeitung.it\/gardaseezeitung_new\/de\/wp-content\/uploads\/sites\/2\/2021\/06\/suoni-e-sapori-2021-50x50.jpg"},"guest-author-64":{"file":"suoni-e-sapori-2021-64x64.jpg","width":64,"height":64,"mime-type":"image\/jpeg","source_url":"https:\/\/www.gardaseezeitung.it\/gardaseezeitung_new\/de\/wp-content\/uploads\/sites\/2\/2021\/06\/suoni-e-sapori-2021-64x64.jpg"},"guest-author-96":{"file":"suoni-e-sapori-2021-96x96.jpg","width":96,"height":96,"mime-type":"image\/jpeg","source_url":"https:\/\/www.gardaseezeitung.it\/gardaseezeitung_new\/de\/wp-content\/uploads\/sites\/2\/2021\/06\/suoni-e-sapori-2021-96x96.jpg"},"guest-author-128":{"file":"suoni-e-sapori-2021-128x128.jpg","width":128,"height":128,"mime-type":"image\/jpeg","source_url":"https:\/\/www.gardaseezeitung.it\/gardaseezeitung_new\/de\/wp-content\/uploads\/sites\/2\/2021\/06\/suoni-e-sapori-2021-128x128.jpg"},"full":{"file":"suoni-e-sapori-2021.jpg","width":624,"height":322,"mime_type":"","source_url":"https:\/\/www.gardaseezeitung.it\/gardaseezeitung_new\/de\/wp-content\/uploads\/sites\/2\/2021\/06\/suoni-e-sapori-2021.jpg"}},"image_meta":{"aperture":"0","credit":"","camera":"","caption":"","created_timestamp":"0","copyright":"","focal_length":"0","iso":"0","shutter_speed":"0","title":"","orientation":"1","keywords":[]}},"_links":{"self":[{"href":"https:\/\/www.gardaseezeitung.it\/gardaseezeitung_new\/de\/wp-json\/wp\/v2\/posts\/7265"}],"collection":[{"href":"https:\/\/www.gardaseezeitung.it\/gardaseezeitung_new\/de\/wp-json\/wp\/v2\/posts"}],"about":[{"href":"https:\/\/www.gardaseezeitung.it\/gardaseezeitung_new\/de\/wp-json\/wp\/v2\/types\/post"}],"author":[{"embeddable":true,"href":"https:\/\/www.gardaseezeitung.it\/gardaseezeitung_new\/de\/wp-json\/wp\/v2\/users\/9"}],"replies":[{"embeddable":true,"href":"https:\/\/www.gardaseezeitung.it\/gardaseezeitung_new\/de\/wp-json\/wp\/v2\/comments?post=7265"}],"version-history":[{"count":3,"href":"https:\/\/www.gardaseezeitung.it\/gardaseezeitung_new\/de\/wp-json\/wp\/v2\/posts\/7265\/revisions"}],"predecessor-version":[{"id":7270,"href":"https:\/\/www.gardaseezeitung.it\/gardaseezeitung_new\/de\/wp-json\/wp\/v2\/posts\/7265\/revisions\/7270"}],"wp:featuredmedia":[{"embeddable":true,"href":"https:\/\/www.gardaseezeitung.it\/gardaseezeitung_new\/de\/wp-json\/wp\/v2\/media\/6577"}],"wp:attachment":[{"href":"https:\/\/www.gardaseezeitung.it\/gardaseezeitung_new\/de\/wp-json\/wp\/v2\/media?parent=7265"}],"wp:term":[{"taxonomy":"category","embeddable":true,"href":"https:\/\/www.gardaseezeitung.it\/gardaseezeitung_new\/de\/wp-json\/wp\/v2\/categories?post=7265"},{"taxonomy":"post_tag","embeddable":true,"href":"https:\/\/www.gardaseezeitung.it\/gardaseezeitung_new\/de\/wp-json\/wp\/v2\/tags?post=7265"},{"taxonomy":"news-destination","embeddable":true,"href":"https:\/\/www.gardaseezeitung.it\/gardaseezeitung_new\/de\/wp-json\/wp\/v2\/news-destination?post=7265"},{"taxonomy":"news-source","embeddable":true,"href":"https:\/\/www.gardaseezeitung.it\/gardaseezeitung_new\/de\/wp-json\/wp\/v2\/news-source?post=7265"},{"taxonomy":"is_homepage","embeddable":true,"href":"https:\/\/www.gardaseezeitung.it\/gardaseezeitung_new\/de\/wp-json\/wp\/v2\/is_homepage?post=7265"},{"taxonomy":"ta_other","embeddable":true,"href":"https:\/\/www.gardaseezeitung.it\/gardaseezeitung_new\/de\/wp-json\/wp\/v2\/ta_other?post=7265"}],"curies":[{"name":"wp","href":"https:\/\/api.w.org\/{rel}","templated":true}]}}