{"id":7484,"date":"2021-10-12T12:51:34","date_gmt":"2021-10-12T10:51:34","guid":{"rendered":"http:\/\/euwp08.newsmemory.com\/gardaseezeitung_new\/de\/2021\/10\/12\/bombentag-alle-haltestellen-zwischen-assenza-di-brenzone-und-cassone-di-malcesine\/"},"modified":"2021-10-12T12:51:36","modified_gmt":"2020-12-16T12:51:36","slug":"bombentag-alle-haltestellen-zwischen-assenza-di-brenzone-und-cassone-di-malcesine","status":"publish","type":"post","link":"https:\/\/www.gardaseezeitung.it\/2021\/10\/12\/bombentag-alle-haltestellen-zwischen-assenza-di-brenzone-und-cassone-di-malcesine\/","title":{"rendered":"&#8222;Bombentag&#8220;, alle Haltestellen zwischen Assenza di Brenzone und Cassone di Malcesine"},"content":{"rendered":"<p>&nbsp;<\/p>\n<p>In Assenza und Cassone ist alles f\u00fcr die morgige Vollsperrung vorbereitet. Ab 7 Uhr morgens werden alle Arbeiten im Freien und der Verkehr gesperrt, weil eine \u00fcber 220 Kilogramm schwere Flugzeugbombe entsch\u00e4rft werden muss, die im Meeresboden von Garda gefunden wurde. Das Ger\u00e4t war zu Beginn des Sommers in Salto, s\u00fcdlich von Castelletto di Brenzone, gefunden und dann von der Marine von La Spezia an einen anderen Ort unter Wasser gebracht worden. Jetzt wird die Bombe endlich an die Oberfl\u00e4che gebracht und auf der Insel Trimelone entsch\u00e4rft, aus offensichtlichen Sicherheitsgr\u00fcnden. Die Operation wird von Branchenvertretern als &#8222;einzigartig&#8220; bezeichnet, da das Ger\u00e4t unter Wasser liegt und auf der Insel unsch\u00e4dlich gemacht wird, auf der jahrzehntelang Kriegsmaterial aus dem Ersten und Zweiten Weltkrieg gelagert wurde. Die Aktion &#8222;Bombentag&#8220; wird 400 B\u00fcrger vor\u00fcbergehend aus ihren H\u00e4usern vertreiben, 300 davon aus Assenza, gegen\u00fcber der Insel Trimelone, und weitere etwa hundert aus Cassone im Gebiet von Malcesine. In den letzten Tagen wurden in den Bars am oberen See, auf den Websites der beiden Gemeinden und in den sozialen Netzwerken &#8222;Evakuierungsregeln&#8220; und ein Vademecum \u00fcber das richtige Verhalten ver\u00f6ffentlicht. Dank der Zusammenarbeit und der Bereitschaft des Pfarrers von Castelletto und Brenzone, Don Gabriele Avesani, wurde in der Kirche San Giovanni di Magugnano (im historischen Zentrum von Brenzone) ein Empfangs- und Verpflegungspunkt f\u00fcr die zu evakuierenden Personen eingerichtet. Ab morgen fr\u00fch um 7 Uhr m\u00fcssen die Menschen, die sich in dem vom Bombenentsch\u00e4rfungskommando ermittelten Bereich befinden, d. h. bis zu 826 Meter von der Trimelone-Insel entfernt, ihre Wohnungen verlassen und zu Verwandten oder Freunden au\u00dferhalb der gef\u00e4hrdeten &#8222;roten Zone&#8220; gehen. Die Gemeinde Malcesine sah sich gezwungen, die Nutzung des Fu\u00dfballplatzes und der Tennispl\u00e4tze in Cassone zu untersagen sowie Parkpl\u00e4tze und Aktivit\u00e4ten im Freien innerhalb des geplanten Bereichs zu sperren. In der Praxis werden fast ganz Assenza und ein Teil von Cassone (der s\u00fcdlichste Teil) f\u00fcr ein paar Stunden &#8222;Geisterst\u00e4dte&#8220; sein, wie in den Tagen der Abriegelung. Die Unannehmlichkeiten werden sich auf ein Minimum beschr\u00e4nken, aber aus Sicherheitsgr\u00fcnden wird die Gardesana &#8211; die einzige Stra\u00dfe, die die Orte am See mit dem venetischen und dem trentinischen Teil des Sees verbindet &#8211; von 8.00 Uhr morgens bis etwa 13.00 Uhr nachmittags zwischen dem Weiler Porto, unmittelbar s\u00fcdlich von Assenza, und dem Kreisverkehr vor dem Krankenhaus in Malcesine f\u00fcr alle gesperrt sein.<\/p>\n<p>&nbsp;<\/p>\n","protected":false},"excerpt":{"rendered":"<p>Ab 7 Uhr morgens werden alle Arbeiten im Freien und der Verkehr gesperrt, weil eine \u00fcber 220 Kilogramm schwere Flugzeugbombe entsch\u00e4rft werden muss, die im Meeresboden von Garda gefunden wurde.<\/p>\n","protected":false},"author":9,"featured_media":7483,"comment_status":"open","ping_status":"open","sticky":false,"template":"","format":"standard","meta":[],"categories":[2],"tags":[1194,476,1195,1196,1197,23,26,170,1198],"news-destination":[],"news-source":[],"is_homepage":[],"ta_other":[],"featured_media_details":{"width":1200,"height":658,"file":"2021\/10\/FBbIc2eXIAAKAie.jpg","sizes":{"thumbnail":{"file":"FBbIc2eXIAAKAie-150x150.jpg","width":150,"height":150,"mime-type":"image\/jpeg","source_url":"https:\/\/www.gardaseezeitung.it\/gardaseezeitung_new\/de\/wp-content\/uploads\/sites\/2\/2021\/10\/FBbIc2eXIAAKAie-150x150.jpg"},"medium":{"file":"FBbIc2eXIAAKAie-300x165.jpg","width":300,"height":165,"mime-type":"image\/jpeg","source_url":"https:\/\/www.gardaseezeitung.it\/gardaseezeitung_new\/de\/wp-content\/uploads\/sites\/2\/2021\/10\/FBbIc2eXIAAKAie-300x165.jpg"},"medium_large":{"file":"FBbIc2eXIAAKAie-768x421.jpg","width":768,"height":421,"mime-type":"image\/jpeg","source_url":"https:\/\/www.gardaseezeitung.it\/gardaseezeitung_new\/de\/wp-content\/uploads\/sites\/2\/2021\/10\/FBbIc2eXIAAKAie-768x421.jpg"},"large":{"file":"FBbIc2eXIAAKAie-1024x561.jpg","width":1024,"height":561,"mime-type":"image\/jpeg","source_url":"https:\/\/www.gardaseezeitung.it\/gardaseezeitung_new\/de\/wp-content\/uploads\/sites\/2\/2021\/10\/FBbIc2eXIAAKAie-1024x561.jpg"},"big_image":{"file":"FBbIc2eXIAAKAie-750x411.jpg","width":750,"height":411,"mime-type":"image\/jpeg","source_url":"https:\/\/www.gardaseezeitung.it\/gardaseezeitung_new\/de\/wp-content\/uploads\/sites\/2\/2021\/10\/FBbIc2eXIAAKAie-750x411.jpg"},"guest-author-32":{"file":"FBbIc2eXIAAKAie-32x32.jpg","width":32,"height":32,"mime-type":"image\/jpeg","source_url":"https:\/\/www.gardaseezeitung.it\/gardaseezeitung_new\/de\/wp-content\/uploads\/sites\/2\/2021\/10\/FBbIc2eXIAAKAie-32x32.jpg"},"guest-author-50":{"file":"FBbIc2eXIAAKAie-50x50.jpg","width":50,"height":50,"mime-type":"image\/jpeg","source_url":"https:\/\/www.gardaseezeitung.it\/gardaseezeitung_new\/de\/wp-content\/uploads\/sites\/2\/2021\/10\/FBbIc2eXIAAKAie-50x50.jpg"},"guest-author-64":{"file":"FBbIc2eXIAAKAie-64x64.jpg","width":64,"height":64,"mime-type":"image\/jpeg","source_url":"https:\/\/www.gardaseezeitung.it\/gardaseezeitung_new\/de\/wp-content\/uploads\/sites\/2\/2021\/10\/FBbIc2eXIAAKAie-64x64.jpg"},"guest-author-96":{"file":"FBbIc2eXIAAKAie-96x96.jpg","width":96,"height":96,"mime-type":"image\/jpeg","source_url":"https:\/\/www.gardaseezeitung.it\/gardaseezeitung_new\/de\/wp-content\/uploads\/sites\/2\/2021\/10\/FBbIc2eXIAAKAie-96x96.jpg"},"guest-author-128":{"file":"FBbIc2eXIAAKAie-128x128.jpg","width":128,"height":128,"mime-type":"image\/jpeg","source_url":"https:\/\/www.gardaseezeitung.it\/gardaseezeitung_new\/de\/wp-content\/uploads\/sites\/2\/2021\/10\/FBbIc2eXIAAKAie-128x128.jpg"},"full":{"file":"FBbIc2eXIAAKAie.jpg","width":1200,"height":658,"mime_type":"","source_url":"https:\/\/www.gardaseezeitung.it\/gardaseezeitung_new\/de\/wp-content\/uploads\/sites\/2\/2021\/10\/FBbIc2eXIAAKAie.jpg"}},"image_meta":{"aperture":"0","credit":"","camera":"","caption":"","created_timestamp":"0","copyright":"","focal_length":"0","iso":"0","shutter_speed":"0","title":"","orientation":"0","keywords":[]}},"_links":{"self":[{"href":"https:\/\/www.gardaseezeitung.it\/gardaseezeitung_new\/de\/wp-json\/wp\/v2\/posts\/7484"}],"collection":[{"href":"https:\/\/www.gardaseezeitung.it\/gardaseezeitung_new\/de\/wp-json\/wp\/v2\/posts"}],"about":[{"href":"https:\/\/www.gardaseezeitung.it\/gardaseezeitung_new\/de\/wp-json\/wp\/v2\/types\/post"}],"author":[{"embeddable":true,"href":"https:\/\/www.gardaseezeitung.it\/gardaseezeitung_new\/de\/wp-json\/wp\/v2\/users\/9"}],"replies":[{"embeddable":true,"href":"https:\/\/www.gardaseezeitung.it\/gardaseezeitung_new\/de\/wp-json\/wp\/v2\/comments?post=7484"}],"version-history":[{"count":1,"href":"https:\/\/www.gardaseezeitung.it\/gardaseezeitung_new\/de\/wp-json\/wp\/v2\/posts\/7484\/revisions"}],"predecessor-version":[{"id":7485,"href":"https:\/\/www.gardaseezeitung.it\/gardaseezeitung_new\/de\/wp-json\/wp\/v2\/posts\/7484\/revisions\/7485"}],"wp:featuredmedia":[{"embeddable":true,"href":"https:\/\/www.gardaseezeitung.it\/gardaseezeitung_new\/de\/wp-json\/wp\/v2\/media\/7483"}],"wp:attachment":[{"href":"https:\/\/www.gardaseezeitung.it\/gardaseezeitung_new\/de\/wp-json\/wp\/v2\/media?parent=7484"}],"wp:term":[{"taxonomy":"category","embeddable":true,"href":"https:\/\/www.gardaseezeitung.it\/gardaseezeitung_new\/de\/wp-json\/wp\/v2\/categories?post=7484"},{"taxonomy":"post_tag","embeddable":true,"href":"https:\/\/www.gardaseezeitung.it\/gardaseezeitung_new\/de\/wp-json\/wp\/v2\/tags?post=7484"},{"taxonomy":"news-destination","embeddable":true,"href":"https:\/\/www.gardaseezeitung.it\/gardaseezeitung_new\/de\/wp-json\/wp\/v2\/news-destination?post=7484"},{"taxonomy":"news-source","embeddable":true,"href":"https:\/\/www.gardaseezeitung.it\/gardaseezeitung_new\/de\/wp-json\/wp\/v2\/news-source?post=7484"},{"taxonomy":"is_homepage","embeddable":true,"href":"https:\/\/www.gardaseezeitung.it\/gardaseezeitung_new\/de\/wp-json\/wp\/v2\/is_homepage?post=7484"},{"taxonomy":"ta_other","embeddable":true,"href":"https:\/\/www.gardaseezeitung.it\/gardaseezeitung_new\/de\/wp-json\/wp\/v2\/ta_other?post=7484"}],"curies":[{"name":"wp","href":"https:\/\/api.w.org\/{rel}","templated":true}]}}