{"id":7495,"date":"2021-10-13T19:22:26","date_gmt":"2021-10-13T17:22:26","guid":{"rendered":"http:\/\/euwp08.newsmemory.com\/gardaseezeitung_new\/de\/2021\/10\/13\/die-harry-potter-saga-wird-sonntag-den-17-oktober-der-rocca-di-lonato-wirklichkeit\/"},"modified":"2021-10-13T19:22:53","modified_gmt":"2020-12-17T19:22:53","slug":"die-harry-potter-saga-wird-sonntag-den-17-oktober-der-rocca-di-lonato-wirklichkeit","status":"publish","type":"post","link":"https:\/\/www.gardaseezeitung.it\/2021\/10\/13\/die-harry-potter-saga-wird-sonntag-den-17-oktober-der-rocca-di-lonato-wirklichkeit\/","title":{"rendered":"Die Harry-Potter-Saga wird am 17. Oktober in der Rocca di Lonato Wirklichkeit"},"content":{"rendered":"<p>&nbsp;<\/p>\n<p>Ein magischer Termin &#8211; und fast ausverkauft &#8211; am Sonntag, den 17. Oktober in der Rocca di Lonato, in der faszinierenden Burg \u00fcber dem Gardasee: Der Magische Tag im Harry-Potter-Dorf kehrt zur\u00fcck, das traditionelle Herbst-Open-Air-Event, das dem ber\u00fchmtesten Zauberer der Welt gewidmet ist und im vergangenen Jahr wegen der Covid19-Pandemie abgesagt wurde.<\/p>\n<p>In der m\u00e4rchenhaften Kulisse der Festung mit ihrer Zugbr\u00fccke und den m\u00e4chtigen, mit Zinnen versehenen Mauern k\u00f6nnen die Kinder in Begleitung von Animateuren die ber\u00fchmten Lehrer der okkulten K\u00fcnste aus der Harry-Potter-Saga kennen lernen. An zehn Stationen verraten die Figuren der Saga Tricks und Magie, lehren, wie man Zauberspr\u00fcche und -tr\u00e4nke herstellt, wie man sich gegen die dunklen K\u00fcnste verteidigt und die Regeln des Quidditchspiels. Verpassen Sie nicht die Fotoserien und die Vortr\u00e4ge des Sprechenden Hutes. Auf dem Markt der Zauberer, der &#8222;Diagon Alley&#8220;, k\u00f6nnen die Besucher themenbezogene Spiele und Gadgets wie Zauberst\u00e4be, Krawatten, Tuniken, fliegende Besen, T\u00fccher der vier H\u00e4user, Zaubererh\u00fcte und Zauberb\u00fccher finden. Es wird auch ein Erfrischungsstand eingerichtet werden.In \u00dcbereinstimmung mit den geltenden Gesundheitsbestimmungen werden die Kinder nicht an der kost\u00fcmierten Unterhaltung teilnehmen, sondern aktive Zuschauer der vorgeschlagenen Aktivit\u00e4ten sein. Magische Regeln:<\/p>\n<p>* Vorzeigen des Gr\u00fcnen Passes am Eingang (f\u00fcr alle Personen \u00fcber 12 Jahre)<br \/>\n* Registrierung von Kontaktdaten* in den Hallen eine Maske tragen<br \/>\n* Handhygiene<br \/>\n* Abstand halten<br \/>\n* sicheres Vergn\u00fcgen dank des korrekten Verhaltens aller<\/p>\n<p>EintrittspreisEuro 8,00 &#8211; Erwachsene und Kinder<br \/>\nAlle Teilnehmer m\u00fcssen die Regeln der sozialen Distanzierung beachten. Der Green Pass muss am Eingang vorgezeigt werden (Kinder unter 12 Jahren sind ausgeschlossen) und eine Reservierung ist obligatorisch. Im Falle von schlechtem Wetter oder h\u00f6herer Gewalt wird die Veranstaltung abgesagt.<\/p>\n<p>Infos &#8211; Fondazione Ugo Da Como Via Rocca, 2 &#8211; Lonato del Garda (Brescia) Tel. 0309130060 &#8211; www.roccadilonato.it \u2013 info@fondazioneugodacomo.it<\/p>\n<p>&nbsp;<\/p>\n","protected":false},"excerpt":{"rendered":"<p>In der m\u00e4rchenhaften Kulisse der Rocca treffen die Kinder auf die ber\u00fchmten Professoren der okkulten K\u00fcnste aus der Harry-Potter-Saga und werden dabei von Animateuren begleitet<\/p>\n","protected":false},"author":9,"featured_media":7496,"comment_status":"open","ping_status":"open","sticky":false,"template":"","format":"standard","meta":[],"categories":[2,5],"tags":[1207,1208,23,26,1209,78,1210,475],"news-destination":[],"news-source":[],"is_homepage":[],"ta_other":[],"featured_media_details":{"width":1900,"height":1200,"file":"2021\/10\/Temi_speciali.jpg","sizes":{"thumbnail":{"file":"Temi_speciali-150x150.jpg","width":150,"height":150,"mime-type":"image\/jpeg","source_url":"https:\/\/www.gardaseezeitung.it\/gardaseezeitung_new\/de\/wp-content\/uploads\/sites\/2\/2021\/10\/Temi_speciali-150x150.jpg"},"medium":{"file":"Temi_speciali-300x189.jpg","width":300,"height":189,"mime-type":"image\/jpeg","source_url":"https:\/\/www.gardaseezeitung.it\/gardaseezeitung_new\/de\/wp-content\/uploads\/sites\/2\/2021\/10\/Temi_speciali-300x189.jpg"},"medium_large":{"file":"Temi_speciali-768x485.jpg","width":768,"height":485,"mime-type":"image\/jpeg","source_url":"https:\/\/www.gardaseezeitung.it\/gardaseezeitung_new\/de\/wp-content\/uploads\/sites\/2\/2021\/10\/Temi_speciali-768x485.jpg"},"large":{"file":"Temi_speciali-1024x647.jpg","width":1024,"height":647,"mime-type":"image\/jpeg","source_url":"https:\/\/www.gardaseezeitung.it\/gardaseezeitung_new\/de\/wp-content\/uploads\/sites\/2\/2021\/10\/Temi_speciali-1024x647.jpg"},"big_image":{"file":"Temi_speciali-750x474.jpg","width":750,"height":474,"mime-type":"image\/jpeg","source_url":"https:\/\/www.gardaseezeitung.it\/gardaseezeitung_new\/de\/wp-content\/uploads\/sites\/2\/2021\/10\/Temi_speciali-750x474.jpg"},"guest-author-32":{"file":"Temi_speciali-32x32.jpg","width":32,"height":32,"mime-type":"image\/jpeg","source_url":"https:\/\/www.gardaseezeitung.it\/gardaseezeitung_new\/de\/wp-content\/uploads\/sites\/2\/2021\/10\/Temi_speciali-32x32.jpg"},"guest-author-50":{"file":"Temi_speciali-50x50.jpg","width":50,"height":50,"mime-type":"image\/jpeg","source_url":"https:\/\/www.gardaseezeitung.it\/gardaseezeitung_new\/de\/wp-content\/uploads\/sites\/2\/2021\/10\/Temi_speciali-50x50.jpg"},"guest-author-64":{"file":"Temi_speciali-64x64.jpg","width":64,"height":64,"mime-type":"image\/jpeg","source_url":"https:\/\/www.gardaseezeitung.it\/gardaseezeitung_new\/de\/wp-content\/uploads\/sites\/2\/2021\/10\/Temi_speciali-64x64.jpg"},"guest-author-96":{"file":"Temi_speciali-96x96.jpg","width":96,"height":96,"mime-type":"image\/jpeg","source_url":"https:\/\/www.gardaseezeitung.it\/gardaseezeitung_new\/de\/wp-content\/uploads\/sites\/2\/2021\/10\/Temi_speciali-96x96.jpg"},"guest-author-128":{"file":"Temi_speciali-128x128.jpg","width":128,"height":128,"mime-type":"image\/jpeg","source_url":"https:\/\/www.gardaseezeitung.it\/gardaseezeitung_new\/de\/wp-content\/uploads\/sites\/2\/2021\/10\/Temi_speciali-128x128.jpg"},"full":{"file":"Temi_speciali.jpg","width":1900,"height":1200,"mime_type":"","source_url":"https:\/\/www.gardaseezeitung.it\/gardaseezeitung_new\/de\/wp-content\/uploads\/sites\/2\/2021\/10\/Temi_speciali.jpg"}},"image_meta":{"aperture":"0","credit":"","camera":"","caption":"","created_timestamp":"0","copyright":"","focal_length":"0","iso":"0","shutter_speed":"0","title":"","orientation":"0","keywords":[]}},"_links":{"self":[{"href":"https:\/\/www.gardaseezeitung.it\/gardaseezeitung_new\/de\/wp-json\/wp\/v2\/posts\/7495"}],"collection":[{"href":"https:\/\/www.gardaseezeitung.it\/gardaseezeitung_new\/de\/wp-json\/wp\/v2\/posts"}],"about":[{"href":"https:\/\/www.gardaseezeitung.it\/gardaseezeitung_new\/de\/wp-json\/wp\/v2\/types\/post"}],"author":[{"embeddable":true,"href":"https:\/\/www.gardaseezeitung.it\/gardaseezeitung_new\/de\/wp-json\/wp\/v2\/users\/9"}],"replies":[{"embeddable":true,"href":"https:\/\/www.gardaseezeitung.it\/gardaseezeitung_new\/de\/wp-json\/wp\/v2\/comments?post=7495"}],"version-history":[{"count":1,"href":"https:\/\/www.gardaseezeitung.it\/gardaseezeitung_new\/de\/wp-json\/wp\/v2\/posts\/7495\/revisions"}],"predecessor-version":[{"id":7497,"href":"https:\/\/www.gardaseezeitung.it\/gardaseezeitung_new\/de\/wp-json\/wp\/v2\/posts\/7495\/revisions\/7497"}],"wp:featuredmedia":[{"embeddable":true,"href":"https:\/\/www.gardaseezeitung.it\/gardaseezeitung_new\/de\/wp-json\/wp\/v2\/media\/7496"}],"wp:attachment":[{"href":"https:\/\/www.gardaseezeitung.it\/gardaseezeitung_new\/de\/wp-json\/wp\/v2\/media?parent=7495"}],"wp:term":[{"taxonomy":"category","embeddable":true,"href":"https:\/\/www.gardaseezeitung.it\/gardaseezeitung_new\/de\/wp-json\/wp\/v2\/categories?post=7495"},{"taxonomy":"post_tag","embeddable":true,"href":"https:\/\/www.gardaseezeitung.it\/gardaseezeitung_new\/de\/wp-json\/wp\/v2\/tags?post=7495"},{"taxonomy":"news-destination","embeddable":true,"href":"https:\/\/www.gardaseezeitung.it\/gardaseezeitung_new\/de\/wp-json\/wp\/v2\/news-destination?post=7495"},{"taxonomy":"news-source","embeddable":true,"href":"https:\/\/www.gardaseezeitung.it\/gardaseezeitung_new\/de\/wp-json\/wp\/v2\/news-source?post=7495"},{"taxonomy":"is_homepage","embeddable":true,"href":"https:\/\/www.gardaseezeitung.it\/gardaseezeitung_new\/de\/wp-json\/wp\/v2\/is_homepage?post=7495"},{"taxonomy":"ta_other","embeddable":true,"href":"https:\/\/www.gardaseezeitung.it\/gardaseezeitung_new\/de\/wp-json\/wp\/v2\/ta_other?post=7495"}],"curies":[{"name":"wp","href":"https:\/\/api.w.org\/{rel}","templated":true}]}}