{"id":7517,"date":"2021-10-19T01:06:58","date_gmt":"2021-10-18T23:06:58","guid":{"rendered":"http:\/\/euwp08.newsmemory.com\/gardaseezeitung_new\/de\/2021\/10\/19\/gardaland-magic-halloween-202110181414574419\/"},"modified":"2021-10-20T13:18:00","modified_gmt":"2021-10-20T11:18:00","slug":"gardaland-magic-halloween-202110181414574419","status":"publish","type":"post","link":"https:\/\/www.gardaseezeitung.it\/2021\/10\/19\/gardaland-magic-halloween-202110181414574419\/","title":{"rendered":"Gardaland Magic Halloween"},"content":{"rendered":"<p>&nbsp;<\/p>\n<p>Im Vergn\u00fcgungspark Gardaland stehen auch die kommenden zwei Wochenenden noch ganz im Zeichen von Halloween. Im Rahmen von \u201eGardaland Magic Halloween\u201c erwartet man die Besucher mit der Show \u201eWelcome, it\u2019s Halloween\u201c. Protagonisten der Show sind das Maskotte Prezzemolo und die T\u00e4nzer von Gardaland. Sie pr\u00e4sentieren sich in Vogelscheuchen-Kost\u00fcmen und hei\u00dfen die Besucher am Morgen mit dem neuen Halloween-Lied willkommen. Die Besucher k\u00f6nnen aber auch den erfolgreichen Shows beiwohnen, die in dieser Saison aufgef\u00fchrt wurden: \u201e44 Gatti Rock Show\u201c, \u201eGardaland Awards -Life is a Movie\u201c sowie die meet&amp;greet mit Peppa Pig und Prezzemolo. Hinzu kommen weitere Halloween-Initiativen wir die Show \u201eEl dia de los Muertos\u201c in der Hacienda Miguel, die sich an dem traditionellen farbenfrohen mexikanischen Fest mit Musik und Tanz inspiriert. In den Stra\u00dfen des Parks erwartet man die Besucher mit Wander-Auff\u00fchrungen wie \u201eThe devil\u2019s marionettist\u201c und der \u201eThe Magic Shock\u201c mit einem talentierten Street Magic Performer. Im Laufe des Gardaland Magic Halloween ist der Park freitags von 17 bis 22 Uhr sowie samstags und sonntags von 10 bis 19 Uhr ge\u00f6ffnet. Am 31. Oktober bleibt der Park bis um 22 Uhr ge\u00f6ffnet, am 1. November von 10 bis 19 Uhr. Im November ist der Park an den Wochenenden von 10 bis 17 Uhr ge\u00f6ffnet. Weitere Infos unter gardaland.it.<\/p>\n<p>&nbsp;<\/p>\n<p>&nbsp;<\/p>\n<figure id=\"attachment_8359\" style=\"width: 640px\" class=\"wp-caption alignleft\"><img title=\"Gardaland Magic Halloween\" loading=\"lazy\" class=\"size-large wp-image-8359\" src=\"https:\/\/www.gardaseezeitung.it\/gardaseezeitung_new\/de\/wp-content\/uploads\/sites\/2\/2021\/10\/Gardaland-Magic-Halloween_3438_ok.jpeg\" alt=\"Gardaland Magic Halloween 2021\" width=\"640\" height=\"426\" srcset=\"https:\/\/euwps06.newsmemory.com\/gardaseezeitung_new\/de\/wp-content\/uploads\/sites\/2\/2021\/10\/Gardaland-Magic-Halloween_3438_ok.jpeg 2000w, https:\/\/euwps06.newsmemory.com\/gardaseezeitung_new\/de\/wp-content\/uploads\/sites\/2\/2021\/10\/Gardaland-Magic-Halloween_3438_ok-300x200.jpeg 300w, https:\/\/euwps06.newsmemory.com\/gardaseezeitung_new\/de\/wp-content\/uploads\/sites\/2\/2021\/10\/Gardaland-Magic-Halloween_3438_ok-768x512.jpeg 768w, https:\/\/euwps06.newsmemory.com\/gardaseezeitung_new\/de\/wp-content\/uploads\/sites\/2\/2021\/10\/Gardaland-Magic-Halloween_3438_ok-1024x682.jpeg 1024w, https:\/\/euwps06.newsmemory.com\/gardaseezeitung_new\/de\/wp-content\/uploads\/sites\/2\/2021\/10\/Gardaland-Magic-Halloween_3438_ok-750x500.jpeg 750w\" sizes=\"(max-width: 640px) 100vw, 640px\" \/><figcaption class=\"wp-caption-text\">Gardaland Magic Halloween 2021<\/figcaption><\/figure>\n<p>&nbsp;<\/p>\n","protected":false},"excerpt":{"rendered":"<p>Im Laufe des Gardaland Magic Halloween ist der Park freitags von 17 bis 22 Uhr sowie samstags und sonntags von 10 bis 19 Uhr ge\u00f6ffnet<\/p>\n","protected":false},"author":9,"featured_media":7516,"comment_status":"open","ping_status":"open","sticky":false,"template":"","format":"standard","meta":[],"categories":[2,5,6],"tags":[1246,116,1247,1248,23,26,499,1249],"news-destination":[],"news-source":[],"is_homepage":[],"ta_other":[],"featured_media_details":{"width":4000,"height":2666,"file":"2021\/10\/Gardaland-Magic-Halloween-2021-001_ok.jpg","sizes":{"thumbnail":{"file":"Gardaland-Magic-Halloween-2021-001_ok-150x150.jpg","width":150,"height":150,"mime-type":"image\/jpeg","source_url":"https:\/\/www.gardaseezeitung.it\/gardaseezeitung_new\/de\/wp-content\/uploads\/sites\/2\/2021\/10\/Gardaland-Magic-Halloween-2021-001_ok-150x150.jpg"},"medium":{"file":"Gardaland-Magic-Halloween-2021-001_ok-300x200.jpg","width":300,"height":200,"mime-type":"image\/jpeg","source_url":"https:\/\/www.gardaseezeitung.it\/gardaseezeitung_new\/de\/wp-content\/uploads\/sites\/2\/2021\/10\/Gardaland-Magic-Halloween-2021-001_ok-300x200.jpg"},"medium_large":{"file":"Gardaland-Magic-Halloween-2021-001_ok-768x512.jpg","width":768,"height":512,"mime-type":"image\/jpeg","source_url":"https:\/\/www.gardaseezeitung.it\/gardaseezeitung_new\/de\/wp-content\/uploads\/sites\/2\/2021\/10\/Gardaland-Magic-Halloween-2021-001_ok-768x512.jpg"},"large":{"file":"Gardaland-Magic-Halloween-2021-001_ok-1024x682.jpg","width":1024,"height":682,"mime-type":"image\/jpeg","source_url":"https:\/\/www.gardaseezeitung.it\/gardaseezeitung_new\/de\/wp-content\/uploads\/sites\/2\/2021\/10\/Gardaland-Magic-Halloween-2021-001_ok-1024x682.jpg"},"big_image":{"file":"Gardaland-Magic-Halloween-2021-001_ok-750x500.jpg","width":750,"height":500,"mime-type":"image\/jpeg","source_url":"https:\/\/www.gardaseezeitung.it\/gardaseezeitung_new\/de\/wp-content\/uploads\/sites\/2\/2021\/10\/Gardaland-Magic-Halloween-2021-001_ok-750x500.jpg"},"guest-author-32":{"file":"Gardaland-Magic-Halloween-2021-001_ok-32x32.jpg","width":32,"height":32,"mime-type":"image\/jpeg","source_url":"https:\/\/www.gardaseezeitung.it\/gardaseezeitung_new\/de\/wp-content\/uploads\/sites\/2\/2021\/10\/Gardaland-Magic-Halloween-2021-001_ok-32x32.jpg"},"guest-author-50":{"file":"Gardaland-Magic-Halloween-2021-001_ok-50x50.jpg","width":50,"height":50,"mime-type":"image\/jpeg","source_url":"https:\/\/www.gardaseezeitung.it\/gardaseezeitung_new\/de\/wp-content\/uploads\/sites\/2\/2021\/10\/Gardaland-Magic-Halloween-2021-001_ok-50x50.jpg"},"guest-author-64":{"file":"Gardaland-Magic-Halloween-2021-001_ok-64x64.jpg","width":64,"height":64,"mime-type":"image\/jpeg","source_url":"https:\/\/www.gardaseezeitung.it\/gardaseezeitung_new\/de\/wp-content\/uploads\/sites\/2\/2021\/10\/Gardaland-Magic-Halloween-2021-001_ok-64x64.jpg"},"guest-author-96":{"file":"Gardaland-Magic-Halloween-2021-001_ok-96x96.jpg","width":96,"height":96,"mime-type":"image\/jpeg","source_url":"https:\/\/www.gardaseezeitung.it\/gardaseezeitung_new\/de\/wp-content\/uploads\/sites\/2\/2021\/10\/Gardaland-Magic-Halloween-2021-001_ok-96x96.jpg"},"guest-author-128":{"file":"Gardaland-Magic-Halloween-2021-001_ok-128x128.jpg","width":128,"height":128,"mime-type":"image\/jpeg","source_url":"https:\/\/www.gardaseezeitung.it\/gardaseezeitung_new\/de\/wp-content\/uploads\/sites\/2\/2021\/10\/Gardaland-Magic-Halloween-2021-001_ok-128x128.jpg"},"full":{"file":"Gardaland-Magic-Halloween-2021-001_ok.jpg","width":4000,"height":2666,"mime_type":"","source_url":"https:\/\/www.gardaseezeitung.it\/gardaseezeitung_new\/de\/wp-content\/uploads\/sites\/2\/2021\/10\/Gardaland-Magic-Halloween-2021-001_ok.jpg"}},"image_meta":{"aperture":"5.6","credit":"","camera":"ILCE-7M3","caption":"","created_timestamp":"1633778758","copyright":"","focal_length":"33","iso":"100","shutter_speed":"0.00625","title":"","orientation":"1","keywords":[]}},"_links":{"self":[{"href":"https:\/\/www.gardaseezeitung.it\/gardaseezeitung_new\/de\/wp-json\/wp\/v2\/posts\/7517"}],"collection":[{"href":"https:\/\/www.gardaseezeitung.it\/gardaseezeitung_new\/de\/wp-json\/wp\/v2\/posts"}],"about":[{"href":"https:\/\/www.gardaseezeitung.it\/gardaseezeitung_new\/de\/wp-json\/wp\/v2\/types\/post"}],"author":[{"embeddable":true,"href":"https:\/\/www.gardaseezeitung.it\/gardaseezeitung_new\/de\/wp-json\/wp\/v2\/users\/9"}],"replies":[{"embeddable":true,"href":"https:\/\/www.gardaseezeitung.it\/gardaseezeitung_new\/de\/wp-json\/wp\/v2\/comments?post=7517"}],"version-history":[{"count":3,"href":"https:\/\/www.gardaseezeitung.it\/gardaseezeitung_new\/de\/wp-json\/wp\/v2\/posts\/7517\/revisions"}],"predecessor-version":[{"id":17203,"href":"https:\/\/www.gardaseezeitung.it\/gardaseezeitung_new\/de\/wp-json\/wp\/v2\/posts\/7517\/revisions\/17203"}],"wp:featuredmedia":[{"embeddable":true,"href":"https:\/\/www.gardaseezeitung.it\/gardaseezeitung_new\/de\/wp-json\/wp\/v2\/media\/7516"}],"wp:attachment":[{"href":"https:\/\/www.gardaseezeitung.it\/gardaseezeitung_new\/de\/wp-json\/wp\/v2\/media?parent=7517"}],"wp:term":[{"taxonomy":"category","embeddable":true,"href":"https:\/\/www.gardaseezeitung.it\/gardaseezeitung_new\/de\/wp-json\/wp\/v2\/categories?post=7517"},{"taxonomy":"post_tag","embeddable":true,"href":"https:\/\/www.gardaseezeitung.it\/gardaseezeitung_new\/de\/wp-json\/wp\/v2\/tags?post=7517"},{"taxonomy":"news-destination","embeddable":true,"href":"https:\/\/www.gardaseezeitung.it\/gardaseezeitung_new\/de\/wp-json\/wp\/v2\/news-destination?post=7517"},{"taxonomy":"news-source","embeddable":true,"href":"https:\/\/www.gardaseezeitung.it\/gardaseezeitung_new\/de\/wp-json\/wp\/v2\/news-source?post=7517"},{"taxonomy":"is_homepage","embeddable":true,"href":"https:\/\/www.gardaseezeitung.it\/gardaseezeitung_new\/de\/wp-json\/wp\/v2\/is_homepage?post=7517"},{"taxonomy":"ta_other","embeddable":true,"href":"https:\/\/www.gardaseezeitung.it\/gardaseezeitung_new\/de\/wp-json\/wp\/v2\/ta_other?post=7517"}],"curies":[{"name":"wp","href":"https:\/\/api.w.org\/{rel}","templated":true}]}}