{"id":7520,"date":"2021-10-17T01:15:32","date_gmt":"2021-10-16T23:15:32","guid":{"rendered":"http:\/\/euwp08.newsmemory.com\/gardaseezeitung_new\/de\/2021\/10\/17\/traditionsreiches-bike-festival-auch-im-herbst-ein-voller-erfolg\/"},"modified":"2021-10-18T16:26:48","modified_gmt":"2021-10-18T14:26:48","slug":"traditionsreiches-bike-festival-auch-im-herbst-ein-voller-erfolg","status":"publish","type":"post","link":"https:\/\/www.gardaseezeitung.it\/2021\/10\/17\/traditionsreiches-bike-festival-auch-im-herbst-ein-voller-erfolg\/","title":{"rendered":"Traditionsreiches BIKE Festival auch im Herbst ein voller Erfolg"},"content":{"rendered":"<p>&nbsp;<\/p>\n<p>Die Corona-bedingte Verschiebung in den Oktober hat dem FSA BIKE Festival Garda Trentino nichts von seiner Faszination genommen. 40.000 Besucher*innen besuchten vom 15. bis 17. Oktober das popul\u00e4re BIKE Festival in Riva. Auf der gro\u00dfen Expo stellten mehr als 120 namhafte Austeller ihre Produkte vor, die zum kostenfreien Testen zur Verf\u00fcgung standen. Neben gef\u00fchrten Testfahrten f\u00fcr jedes Leistungsspektrum wurden bei sportlichen Side-Events von 2.000 aktiven Sportler*innen H\u00f6chstleistungen vollbracht. Das durchweg sonnige Wetter sorgte f\u00fcr perfekte Bedingungen zum St\u00f6bern, Staunen und Strampeln. Dank des ausgiebig erarbeiteten Hygienekonzepts mit 3G-Regel (Green Pass) konnte das Event sicher durchgef\u00fchrt und ein solcher Erfolg werden. Die hohe Besucherzahl bezeugt es: Auch im Herbst verliert das popul\u00e4re BIKE Festival am Gardasee nichts von seiner Anziehungskraft. Traditionell Saisonauftakt f\u00fcr tausende Mountainbike-Fans, wurde in diesem Jahr wegen des Corona-bedingten neuen Termins im Oktober ein grandioser Saisonabschluss gefeiert. Auch am Ende des Radsport-Jahres wurde das Event von den G\u00e4sten sehr positiv aufgenommen. \u201eEs ist im Fr\u00fchjahr und im Herbst ein grandioses Erlebnis\u201c, spricht sich Sascha Weber, Sieger der \u201aRonda Extrema\u2018 des SCOTT BIKE Marathons, \u00fcber die Atmosph\u00e4re des beliebten BIKE Festivals aus. Aber er sei ganz klar wieder f\u00fcr den Termin am ersten Mai-Wochenende. Auch Uli Stanciu, Erfinder der BIKE Festivals und Transalpen sowie Begr\u00fcnder des BIKE Magazins, ist gl\u00fccklich, dass das Event in diesem Jahr stattfinden konnte. \u201eWir gehen aber ganz klar zum traditionellen Termin zur\u00fcck, um die Grundidee des Festivals beizubehalten\u201c, f\u00fcgt er entschieden an. Die Grundidee sei: Die Expo mit den vielen Ausstellern und Testm\u00f6glichkeiten solle im Fr\u00fchjahr die Brandneuheiten der Bike-Branche pr\u00e4sentieren und die pers\u00f6nliche Kaufentscheidung erleichtern. Das mache eben nur zu Beginn der Saison wirklich Sinn, da sich die Wenigsten im Winter ein neues Mountainbike kauften. Der Termin steht bereits: Vom 29. April bis 1. Mai 2022 wird am gr\u00f6\u00dften See Italiens wieder ganz klassisch ein spannender Saisonauftakt gefeiert.<\/p>\n<p>&nbsp;<\/p>\n<figure id=\"attachment_8360\" style=\"width: 640px\" class=\"wp-caption alignleft\"><img title=\"Traditionsreiches BIKE Festival auch im Herbst ein voller Erfolg\" loading=\"lazy\" class=\"size-large wp-image-8360\" src=\"https:\/\/www.gardaseezeitung.it\/gardaseezeitung_new\/de\/wp-content\/uploads\/sites\/2\/2021\/10\/Marathon_photo-Martin_Sass.jpg\" alt=\"BIKE Festival Garda Trentino\" width=\"640\" height=\"427\" srcset=\"https:\/\/euwps06.newsmemory.com\/gardaseezeitung_new\/de\/wp-content\/uploads\/sites\/2\/2021\/10\/Marathon_photo-Martin_Sass.jpg 1500w, https:\/\/euwps06.newsmemory.com\/gardaseezeitung_new\/de\/wp-content\/uploads\/sites\/2\/2021\/10\/Marathon_photo-Martin_Sass-300x200.jpg 300w, https:\/\/euwps06.newsmemory.com\/gardaseezeitung_new\/de\/wp-content\/uploads\/sites\/2\/2021\/10\/Marathon_photo-Martin_Sass-768x512.jpg 768w, https:\/\/euwps06.newsmemory.com\/gardaseezeitung_new\/de\/wp-content\/uploads\/sites\/2\/2021\/10\/Marathon_photo-Martin_Sass-1024x683.jpg 1024w, https:\/\/euwps06.newsmemory.com\/gardaseezeitung_new\/de\/wp-content\/uploads\/sites\/2\/2021\/10\/Marathon_photo-Martin_Sass-750x500.jpg 750w\" sizes=\"(max-width: 640px) 100vw, 640px\" \/><figcaption class=\"wp-caption-text\">BIKE Festival Garda Trentino Martin Sass - Martin Sass<\/figcaption><\/figure>\n<p>&nbsp;<\/p>\n","protected":false},"excerpt":{"rendered":"<p>40.000 Besucher*innen besuchten vom 15. bis 17. Oktober das popul\u00e4re BIKE Festival in Riva del Garda<\/p>\n","protected":false},"author":9,"featured_media":7519,"comment_status":"open","ping_status":"open","sticky":false,"template":"","format":"standard","meta":[],"categories":[6],"tags":[312,313,23,26,221,1221,1222],"news-destination":[],"news-source":[],"is_homepage":[],"ta_other":[],"featured_media_details":{"width":1200,"height":800,"file":"2021\/10\/Expo_photo_Martin_Sass.jpg","sizes":{"thumbnail":{"file":"Expo_photo_Martin_Sass-150x150.jpg","width":150,"height":150,"mime-type":"image\/jpeg","source_url":"https:\/\/www.gardaseezeitung.it\/gardaseezeitung_new\/de\/wp-content\/uploads\/sites\/2\/2021\/10\/Expo_photo_Martin_Sass-150x150.jpg"},"medium":{"file":"Expo_photo_Martin_Sass-300x200.jpg","width":300,"height":200,"mime-type":"image\/jpeg","source_url":"https:\/\/www.gardaseezeitung.it\/gardaseezeitung_new\/de\/wp-content\/uploads\/sites\/2\/2021\/10\/Expo_photo_Martin_Sass-300x200.jpg"},"medium_large":{"file":"Expo_photo_Martin_Sass-768x512.jpg","width":768,"height":512,"mime-type":"image\/jpeg","source_url":"https:\/\/www.gardaseezeitung.it\/gardaseezeitung_new\/de\/wp-content\/uploads\/sites\/2\/2021\/10\/Expo_photo_Martin_Sass-768x512.jpg"},"large":{"file":"Expo_photo_Martin_Sass-1024x683.jpg","width":1024,"height":683,"mime-type":"image\/jpeg","source_url":"https:\/\/www.gardaseezeitung.it\/gardaseezeitung_new\/de\/wp-content\/uploads\/sites\/2\/2021\/10\/Expo_photo_Martin_Sass-1024x683.jpg"},"big_image":{"file":"Expo_photo_Martin_Sass-750x500.jpg","width":750,"height":500,"mime-type":"image\/jpeg","source_url":"https:\/\/www.gardaseezeitung.it\/gardaseezeitung_new\/de\/wp-content\/uploads\/sites\/2\/2021\/10\/Expo_photo_Martin_Sass-750x500.jpg"},"guest-author-32":{"file":"Expo_photo_Martin_Sass-32x32.jpg","width":32,"height":32,"mime-type":"image\/jpeg","source_url":"https:\/\/www.gardaseezeitung.it\/gardaseezeitung_new\/de\/wp-content\/uploads\/sites\/2\/2021\/10\/Expo_photo_Martin_Sass-32x32.jpg"},"guest-author-50":{"file":"Expo_photo_Martin_Sass-50x50.jpg","width":50,"height":50,"mime-type":"image\/jpeg","source_url":"https:\/\/www.gardaseezeitung.it\/gardaseezeitung_new\/de\/wp-content\/uploads\/sites\/2\/2021\/10\/Expo_photo_Martin_Sass-50x50.jpg"},"guest-author-64":{"file":"Expo_photo_Martin_Sass-64x64.jpg","width":64,"height":64,"mime-type":"image\/jpeg","source_url":"https:\/\/www.gardaseezeitung.it\/gardaseezeitung_new\/de\/wp-content\/uploads\/sites\/2\/2021\/10\/Expo_photo_Martin_Sass-64x64.jpg"},"guest-author-96":{"file":"Expo_photo_Martin_Sass-96x96.jpg","width":96,"height":96,"mime-type":"image\/jpeg","source_url":"https:\/\/www.gardaseezeitung.it\/gardaseezeitung_new\/de\/wp-content\/uploads\/sites\/2\/2021\/10\/Expo_photo_Martin_Sass-96x96.jpg"},"guest-author-128":{"file":"Expo_photo_Martin_Sass-128x128.jpg","width":128,"height":128,"mime-type":"image\/jpeg","source_url":"https:\/\/www.gardaseezeitung.it\/gardaseezeitung_new\/de\/wp-content\/uploads\/sites\/2\/2021\/10\/Expo_photo_Martin_Sass-128x128.jpg"},"full":{"file":"Expo_photo_Martin_Sass.jpg","width":1200,"height":800,"mime_type":"","source_url":"https:\/\/www.gardaseezeitung.it\/gardaseezeitung_new\/de\/wp-content\/uploads\/sites\/2\/2021\/10\/Expo_photo_Martin_Sass.jpg"}},"image_meta":{"aperture":"5","credit":"@Martin Sass","camera":"Canon EOS 5D Mark IV","caption":"BIKE Festival Garda Trentino 2019 XXX Honorarfreie Nutzung im Zusammenhang mit der redaktionellen Berichterstattung zum BIKE Festival Garda Trentino, Kontakt: Kirsten Elschner, k.elschner@delius-klasing.de XXX","created_timestamp":"1556880829","copyright":"@martinsass","focal_length":"70","iso":"400","shutter_speed":"0.0008","title":"BIKE Transalp\u00a02018 -","orientation":"1","keywords":["BIKE Transalp\u00a02018"," Etappe"]}},"_links":{"self":[{"href":"https:\/\/www.gardaseezeitung.it\/gardaseezeitung_new\/de\/wp-json\/wp\/v2\/posts\/7520"}],"collection":[{"href":"https:\/\/www.gardaseezeitung.it\/gardaseezeitung_new\/de\/wp-json\/wp\/v2\/posts"}],"about":[{"href":"https:\/\/www.gardaseezeitung.it\/gardaseezeitung_new\/de\/wp-json\/wp\/v2\/types\/post"}],"author":[{"embeddable":true,"href":"https:\/\/www.gardaseezeitung.it\/gardaseezeitung_new\/de\/wp-json\/wp\/v2\/users\/9"}],"replies":[{"embeddable":true,"href":"https:\/\/www.gardaseezeitung.it\/gardaseezeitung_new\/de\/wp-json\/wp\/v2\/comments?post=7520"}],"version-history":[{"count":2,"href":"https:\/\/www.gardaseezeitung.it\/gardaseezeitung_new\/de\/wp-json\/wp\/v2\/posts\/7520\/revisions"}],"predecessor-version":[{"id":17200,"href":"https:\/\/www.gardaseezeitung.it\/gardaseezeitung_new\/de\/wp-json\/wp\/v2\/posts\/7520\/revisions\/17200"}],"wp:featuredmedia":[{"embeddable":true,"href":"https:\/\/www.gardaseezeitung.it\/gardaseezeitung_new\/de\/wp-json\/wp\/v2\/media\/7519"}],"wp:attachment":[{"href":"https:\/\/www.gardaseezeitung.it\/gardaseezeitung_new\/de\/wp-json\/wp\/v2\/media?parent=7520"}],"wp:term":[{"taxonomy":"category","embeddable":true,"href":"https:\/\/www.gardaseezeitung.it\/gardaseezeitung_new\/de\/wp-json\/wp\/v2\/categories?post=7520"},{"taxonomy":"post_tag","embeddable":true,"href":"https:\/\/www.gardaseezeitung.it\/gardaseezeitung_new\/de\/wp-json\/wp\/v2\/tags?post=7520"},{"taxonomy":"news-destination","embeddable":true,"href":"https:\/\/www.gardaseezeitung.it\/gardaseezeitung_new\/de\/wp-json\/wp\/v2\/news-destination?post=7520"},{"taxonomy":"news-source","embeddable":true,"href":"https:\/\/www.gardaseezeitung.it\/gardaseezeitung_new\/de\/wp-json\/wp\/v2\/news-source?post=7520"},{"taxonomy":"is_homepage","embeddable":true,"href":"https:\/\/www.gardaseezeitung.it\/gardaseezeitung_new\/de\/wp-json\/wp\/v2\/is_homepage?post=7520"},{"taxonomy":"ta_other","embeddable":true,"href":"https:\/\/www.gardaseezeitung.it\/gardaseezeitung_new\/de\/wp-json\/wp\/v2\/ta_other?post=7520"}],"curies":[{"name":"wp","href":"https:\/\/api.w.org\/{rel}","templated":true}]}}