{"id":7531,"date":"2021-10-20T10:30:25","date_gmt":"2021-10-20T08:30:25","guid":{"rendered":"http:\/\/euwp08.newsmemory.com\/gardaseezeitung_new\/de\/2021\/10\/20\/amarico-ein-schluck-dolce-vita\/"},"modified":"2021-10-20T10:30:27","modified_gmt":"2020-12-24T10:30:27","slug":"amarico-ein-schluck-dolce-vita","status":"publish","type":"post","link":"https:\/\/www.gardaseezeitung.it\/2021\/10\/20\/amarico-ein-schluck-dolce-vita\/","title":{"rendered":"Am\u00e0rico: ein Schluck Dolce Vita"},"content":{"rendered":"<p>&nbsp;<\/p>\n<p>Der Aperitif geh\u00f6rt zum italienischen Life-Style einfach dazu: ob Aperol Spritz, Campari Soda, Americano oder Negroni \u2013 jeder hat da seine Vorliebe. Zu diesen Klassikern werden gew\u00f6hnlich \u201eStuzzicchini\u201c (kleine leckere H\u00e4ppchen) serviert. F\u00fcr viele ist der Moment des Aperitifs der Innbegriff des Dolce Vita. Bei den Aperitifs hat sich nun etwas getan. Seit Kurzem gibt es auch den \u201eAm\u00e0rico\u201c. Zu verdanken ist er Emanuele Genovese. Genovese reiste und arbeitete in den vergangenen Jahren auf der ganzen Welt. W\u00e4hrend seiner Reisen stellte er fest, dass es nirgendwo einen Aperitif gibt, der an einen Klassiker wie den Americano (roter Martini, Soda und Campari) erinnert, jedoch mit der Zeit geht. Emanuele kreierte so den Am\u00e0rico. Zum Einsatz kamen dabei althergebrachte Infusionstechniken mit Kr\u00e4utern, Gew\u00fcrzen, Bl\u00fcten und Wurzeln. Das Ergebnis: ein ungew\u00f6hnlicher Drink, aromatisch und lebhaft mit einer Zitrusnote. Und das Beste an dem Aperitif, der sehr vielseitig ist, denn er kann sowohl on the Rocks als auch als Cocktail oder mit einem Soft Drink gemischt serviert werden: man kann sich ein Glas mehr g\u00f6nnen, denn Am\u00e0rico ist alkoholfrei. Weitere Infos: emanuele@amaricodrinks.com; www.amaricodrinks.com.<\/p>\n<p>&nbsp;<\/p>\n","protected":false},"excerpt":{"rendered":"<p>F\u00fcr viele ist der Moment des Aperitifs der Innbegriff des Dolce Vita. Bei den Aperitifs hat sich nun etwas getan. Seit Kurzem gibt es auch den \u201eAm\u00e0rico\u201c. <\/p>\n","protected":false},"author":9,"featured_media":7530,"comment_status":"open","ping_status":"open","sticky":false,"template":"","format":"standard","meta":[],"categories":[5,6],"tags":[1224,1225,1226,1227,23,26],"news-destination":[],"news-source":[],"is_homepage":[],"ta_other":[],"featured_media_details":{"width":1200,"height":675,"file":"2021\/10\/AMARICO-UNBOXING-8.jpg","sizes":{"thumbnail":{"file":"AMARICO-UNBOXING-8-150x150.jpg","width":150,"height":150,"mime-type":"image\/jpeg","source_url":"https:\/\/www.gardaseezeitung.it\/gardaseezeitung_new\/de\/wp-content\/uploads\/sites\/2\/2021\/10\/AMARICO-UNBOXING-8-150x150.jpg"},"medium":{"file":"AMARICO-UNBOXING-8-300x169.jpg","width":300,"height":169,"mime-type":"image\/jpeg","source_url":"https:\/\/www.gardaseezeitung.it\/gardaseezeitung_new\/de\/wp-content\/uploads\/sites\/2\/2021\/10\/AMARICO-UNBOXING-8-300x169.jpg"},"medium_large":{"file":"AMARICO-UNBOXING-8-768x432.jpg","width":768,"height":432,"mime-type":"image\/jpeg","source_url":"https:\/\/www.gardaseezeitung.it\/gardaseezeitung_new\/de\/wp-content\/uploads\/sites\/2\/2021\/10\/AMARICO-UNBOXING-8-768x432.jpg"},"large":{"file":"AMARICO-UNBOXING-8-1024x576.jpg","width":1024,"height":576,"mime-type":"image\/jpeg","source_url":"https:\/\/www.gardaseezeitung.it\/gardaseezeitung_new\/de\/wp-content\/uploads\/sites\/2\/2021\/10\/AMARICO-UNBOXING-8-1024x576.jpg"},"big_image":{"file":"AMARICO-UNBOXING-8-750x422.jpg","width":750,"height":422,"mime-type":"image\/jpeg","source_url":"https:\/\/www.gardaseezeitung.it\/gardaseezeitung_new\/de\/wp-content\/uploads\/sites\/2\/2021\/10\/AMARICO-UNBOXING-8-750x422.jpg"},"guest-author-32":{"file":"AMARICO-UNBOXING-8-32x32.jpg","width":32,"height":32,"mime-type":"image\/jpeg","source_url":"https:\/\/www.gardaseezeitung.it\/gardaseezeitung_new\/de\/wp-content\/uploads\/sites\/2\/2021\/10\/AMARICO-UNBOXING-8-32x32.jpg"},"guest-author-50":{"file":"AMARICO-UNBOXING-8-50x50.jpg","width":50,"height":50,"mime-type":"image\/jpeg","source_url":"https:\/\/www.gardaseezeitung.it\/gardaseezeitung_new\/de\/wp-content\/uploads\/sites\/2\/2021\/10\/AMARICO-UNBOXING-8-50x50.jpg"},"guest-author-64":{"file":"AMARICO-UNBOXING-8-64x64.jpg","width":64,"height":64,"mime-type":"image\/jpeg","source_url":"https:\/\/www.gardaseezeitung.it\/gardaseezeitung_new\/de\/wp-content\/uploads\/sites\/2\/2021\/10\/AMARICO-UNBOXING-8-64x64.jpg"},"guest-author-96":{"file":"AMARICO-UNBOXING-8-96x96.jpg","width":96,"height":96,"mime-type":"image\/jpeg","source_url":"https:\/\/www.gardaseezeitung.it\/gardaseezeitung_new\/de\/wp-content\/uploads\/sites\/2\/2021\/10\/AMARICO-UNBOXING-8-96x96.jpg"},"guest-author-128":{"file":"AMARICO-UNBOXING-8-128x128.jpg","width":128,"height":128,"mime-type":"image\/jpeg","source_url":"https:\/\/www.gardaseezeitung.it\/gardaseezeitung_new\/de\/wp-content\/uploads\/sites\/2\/2021\/10\/AMARICO-UNBOXING-8-128x128.jpg"},"full":{"file":"AMARICO-UNBOXING-8.jpg","width":1200,"height":675,"mime_type":"","source_url":"https:\/\/www.gardaseezeitung.it\/gardaseezeitung_new\/de\/wp-content\/uploads\/sites\/2\/2021\/10\/AMARICO-UNBOXING-8.jpg"}},"image_meta":{"aperture":"0","credit":"","camera":"","caption":"","created_timestamp":"0","copyright":"","focal_length":"0","iso":"0","shutter_speed":"0","title":"","orientation":"1","keywords":[]}},"_links":{"self":[{"href":"https:\/\/www.gardaseezeitung.it\/gardaseezeitung_new\/de\/wp-json\/wp\/v2\/posts\/7531"}],"collection":[{"href":"https:\/\/www.gardaseezeitung.it\/gardaseezeitung_new\/de\/wp-json\/wp\/v2\/posts"}],"about":[{"href":"https:\/\/www.gardaseezeitung.it\/gardaseezeitung_new\/de\/wp-json\/wp\/v2\/types\/post"}],"author":[{"embeddable":true,"href":"https:\/\/www.gardaseezeitung.it\/gardaseezeitung_new\/de\/wp-json\/wp\/v2\/users\/9"}],"replies":[{"embeddable":true,"href":"https:\/\/www.gardaseezeitung.it\/gardaseezeitung_new\/de\/wp-json\/wp\/v2\/comments?post=7531"}],"version-history":[{"count":1,"href":"https:\/\/www.gardaseezeitung.it\/gardaseezeitung_new\/de\/wp-json\/wp\/v2\/posts\/7531\/revisions"}],"predecessor-version":[{"id":7532,"href":"https:\/\/www.gardaseezeitung.it\/gardaseezeitung_new\/de\/wp-json\/wp\/v2\/posts\/7531\/revisions\/7532"}],"wp:featuredmedia":[{"embeddable":true,"href":"https:\/\/www.gardaseezeitung.it\/gardaseezeitung_new\/de\/wp-json\/wp\/v2\/media\/7530"}],"wp:attachment":[{"href":"https:\/\/www.gardaseezeitung.it\/gardaseezeitung_new\/de\/wp-json\/wp\/v2\/media?parent=7531"}],"wp:term":[{"taxonomy":"category","embeddable":true,"href":"https:\/\/www.gardaseezeitung.it\/gardaseezeitung_new\/de\/wp-json\/wp\/v2\/categories?post=7531"},{"taxonomy":"post_tag","embeddable":true,"href":"https:\/\/www.gardaseezeitung.it\/gardaseezeitung_new\/de\/wp-json\/wp\/v2\/tags?post=7531"},{"taxonomy":"news-destination","embeddable":true,"href":"https:\/\/www.gardaseezeitung.it\/gardaseezeitung_new\/de\/wp-json\/wp\/v2\/news-destination?post=7531"},{"taxonomy":"news-source","embeddable":true,"href":"https:\/\/www.gardaseezeitung.it\/gardaseezeitung_new\/de\/wp-json\/wp\/v2\/news-source?post=7531"},{"taxonomy":"is_homepage","embeddable":true,"href":"https:\/\/www.gardaseezeitung.it\/gardaseezeitung_new\/de\/wp-json\/wp\/v2\/is_homepage?post=7531"},{"taxonomy":"ta_other","embeddable":true,"href":"https:\/\/www.gardaseezeitung.it\/gardaseezeitung_new\/de\/wp-json\/wp\/v2\/ta_other?post=7531"}],"curies":[{"name":"wp","href":"https:\/\/api.w.org\/{rel}","templated":true}]}}