{"id":7533,"date":"2021-10-20T10:39:05","date_gmt":"2021-10-20T08:39:05","guid":{"rendered":"http:\/\/euwp08.newsmemory.com\/gardaseezeitung_new\/de\/2021\/10\/20\/berghuette-chierego-ist-im-november-geoeffnet\/"},"modified":"2021-10-20T11:46:55","modified_gmt":"2020-12-24T11:46:55","slug":"berghuette-chierego-ist-im-november-geoeffnet","status":"publish","type":"post","link":"https:\/\/www.gardaseezeitung.it\/2021\/10\/20\/berghuette-chierego-ist-im-november-geoeffnet\/","title":{"rendered":"Bergh\u00fctte Chierego ist im November ge\u00f6ffnet"},"content":{"rendered":"<p>&nbsp;<\/p>\n<p>Die Bergh\u00fctte Chierego ist im November ge\u00f6ffnet, und dies auch, wenn die Seilbahn von Prada derzeit noch nicht funktioniert. Die Verwalter der zweitwichtigsten Bergh\u00fctte auf dem Monte Baldo (die andere ist die Telegrafo-H\u00fctte) haben bereits Initiativen f\u00fcr den gesamten Monat geplant. \u201eWir haben die H\u00fctte am 26. Juni \u00fcbernommen&#8220;, so Alberto Bullio, der zusammen mit seinem Bruder Fabio und den Teilhabern Carlo Battistoli und Nicol\u00f2 Toffali die Anlage verwaltet. \u201eDie Saison verlief sehr gut, September inbegriffen. Jetzt bieten wir unseren Besuchern &#8211; zumindest im November &#8211; immer freitags, samstags und sonntags Kastanienmen\u00fcs an\u201c, so der Jungunternehmer. \u201eZiel ist es, das Berggebiet aufzuwerten und Wanderern die wesentlichen Dienstleistungen und Einkehrm\u00f6glichkeiten nicht vorzuenthalten.\u201c \u00a0Seit Juli verf\u00fcgt die Chierego-Bergh\u00fctte \u00fcbrigens \u00fcber auf eine neue Au\u00dfenterrasse aus Holz mit etwa f\u00fcnfzig Sitzpl\u00e4tzen. Auch an eine Zufahrtstra\u00dfe wurde Hand angelegt. Gemeinsam mit der Gemeindeverwaltung von San Zeno di Montagna und dem Seilbahnunternehmen von Malcesine arbeitet die Gemeindeverwaltung von Brenzone, auf deren Gemeindegebiet sich die Chierego-H\u00fctte befindet, f\u00fcr die Wiederinbetriebnahme der Seilbahn Prada-Costabella. Dank ihr k\u00f6nnen dann alle Ausfl\u00fcgler die bergigen H\u00f6hen erreichen. Geplant ist auch, in die Renovierung des Baito Turri an der Bergstation des Sessellifts Prada-Costabella zu investieren, um das Angebot der Schutzh\u00fctten auf dem Gipfel des Monte Baldo zu vervollst\u00e4ndigen.Im Oktober ist die Bergh\u00fctte t\u00e4glich zum Mittag und Abendessen ge\u00f6ffnet und auch im Oktober erwartet man die Ausfl\u00fcgler an den Wochenenden mit Kastanienmen\u00fcs. Weitere Infos bei Facebook und unter 0452457599; info@rifugiochierego.it.<\/p>\n<p>&nbsp;<\/p>\n","protected":false},"excerpt":{"rendered":"<p>Seit Juli verf\u00fcgt die Chierego-Bergh\u00fctte \u00fcbrigens \u00fcber eine neue Au\u00dfenterrasse aus Holz mit etwa f\u00fcnfzig Sitzpl\u00e4tzen<\/p>\n","protected":false},"author":9,"featured_media":3328,"comment_status":"open","ping_status":"open","sticky":false,"template":"","format":"standard","meta":[],"categories":[4,6],"tags":[1228,1229,1230,1231,23,26,35,1232,1233,1234],"news-destination":[],"news-source":[],"is_homepage":[],"ta_other":[],"featured_media_details":{"width":1024,"height":768,"file":"2020\/08\/387a3f83c09a02b22446867173d20fa7.jpg","sizes":{"thumbnail":{"file":"387a3f83c09a02b22446867173d20fa7-150x150.jpg","width":150,"height":150,"mime-type":"image\/jpeg","source_url":"https:\/\/www.gardaseezeitung.it\/gardaseezeitung_new\/de\/wp-content\/uploads\/sites\/2\/2019\/10\/387a3f83c09a02b22446867173d20fa7-150x150.jpg"},"medium":{"file":"387a3f83c09a02b22446867173d20fa7-300x225.jpg","width":300,"height":225,"mime-type":"image\/jpeg","source_url":"https:\/\/www.gardaseezeitung.it\/gardaseezeitung_new\/de\/wp-content\/uploads\/sites\/2\/2019\/10\/387a3f83c09a02b22446867173d20fa7-300x225.jpg"},"medium_large":{"file":"387a3f83c09a02b22446867173d20fa7-768x576.jpg","width":768,"height":576,"mime-type":"image\/jpeg","source_url":"https:\/\/www.gardaseezeitung.it\/gardaseezeitung_new\/de\/wp-content\/uploads\/sites\/2\/2019\/10\/387a3f83c09a02b22446867173d20fa7-768x576.jpg"},"large":{"file":"387a3f83c09a02b22446867173d20fa7-1024x768.jpg","width":1024,"height":768,"mime-type":"image\/jpeg","source_url":"https:\/\/www.gardaseezeitung.it\/gardaseezeitung_new\/de\/wp-content\/uploads\/sites\/2\/2019\/10\/387a3f83c09a02b22446867173d20fa7-1024x768.jpg"},"big_image":{"file":"387a3f83c09a02b22446867173d20fa7-750x563.jpg","width":750,"height":563,"mime-type":"image\/jpeg","source_url":"https:\/\/www.gardaseezeitung.it\/gardaseezeitung_new\/de\/wp-content\/uploads\/sites\/2\/2019\/10\/387a3f83c09a02b22446867173d20fa7-750x563.jpg"},"guest-author-32":{"file":"387a3f83c09a02b22446867173d20fa7-32x32.jpg","width":32,"height":32,"mime-type":"image\/jpeg","source_url":"https:\/\/www.gardaseezeitung.it\/gardaseezeitung_new\/de\/wp-content\/uploads\/sites\/2\/2019\/10\/387a3f83c09a02b22446867173d20fa7-32x32.jpg"},"guest-author-50":{"file":"387a3f83c09a02b22446867173d20fa7-50x50.jpg","width":50,"height":50,"mime-type":"image\/jpeg","source_url":"https:\/\/www.gardaseezeitung.it\/gardaseezeitung_new\/de\/wp-content\/uploads\/sites\/2\/2019\/10\/387a3f83c09a02b22446867173d20fa7-50x50.jpg"},"guest-author-64":{"file":"387a3f83c09a02b22446867173d20fa7-64x64.jpg","width":64,"height":64,"mime-type":"image\/jpeg","source_url":"https:\/\/www.gardaseezeitung.it\/gardaseezeitung_new\/de\/wp-content\/uploads\/sites\/2\/2019\/10\/387a3f83c09a02b22446867173d20fa7-64x64.jpg"},"guest-author-96":{"file":"387a3f83c09a02b22446867173d20fa7-96x96.jpg","width":96,"height":96,"mime-type":"image\/jpeg","source_url":"https:\/\/www.gardaseezeitung.it\/gardaseezeitung_new\/de\/wp-content\/uploads\/sites\/2\/2019\/10\/387a3f83c09a02b22446867173d20fa7-96x96.jpg"},"guest-author-128":{"file":"387a3f83c09a02b22446867173d20fa7-128x128.jpg","width":128,"height":128,"mime-type":"image\/jpeg","source_url":"https:\/\/www.gardaseezeitung.it\/gardaseezeitung_new\/de\/wp-content\/uploads\/sites\/2\/2019\/10\/387a3f83c09a02b22446867173d20fa7-128x128.jpg"},"full":{"file":"387a3f83c09a02b22446867173d20fa7.jpg","width":1024,"height":768,"mime_type":"","source_url":"https:\/\/www.gardaseezeitung.it\/gardaseezeitung_new\/de\/wp-content\/uploads\/sites\/2\/2019\/10\/387a3f83c09a02b22446867173d20fa7.jpg"}},"image_meta":{"aperture":"5.6","credit":"","camera":"DSC-W1","caption":"","created_timestamp":"1156685383","copyright":"","focal_length":"7.9","iso":"100","shutter_speed":"0.0015625","title":"","orientation":"1","keywords":[]}},"_links":{"self":[{"href":"https:\/\/www.gardaseezeitung.it\/gardaseezeitung_new\/de\/wp-json\/wp\/v2\/posts\/7533"}],"collection":[{"href":"https:\/\/www.gardaseezeitung.it\/gardaseezeitung_new\/de\/wp-json\/wp\/v2\/posts"}],"about":[{"href":"https:\/\/www.gardaseezeitung.it\/gardaseezeitung_new\/de\/wp-json\/wp\/v2\/types\/post"}],"author":[{"embeddable":true,"href":"https:\/\/www.gardaseezeitung.it\/gardaseezeitung_new\/de\/wp-json\/wp\/v2\/users\/9"}],"replies":[{"embeddable":true,"href":"https:\/\/www.gardaseezeitung.it\/gardaseezeitung_new\/de\/wp-json\/wp\/v2\/comments?post=7533"}],"version-history":[{"count":3,"href":"https:\/\/www.gardaseezeitung.it\/gardaseezeitung_new\/de\/wp-json\/wp\/v2\/posts\/7533\/revisions"}],"predecessor-version":[{"id":7541,"href":"https:\/\/www.gardaseezeitung.it\/gardaseezeitung_new\/de\/wp-json\/wp\/v2\/posts\/7533\/revisions\/7541"}],"wp:featuredmedia":[{"embeddable":true,"href":"https:\/\/www.gardaseezeitung.it\/gardaseezeitung_new\/de\/wp-json\/wp\/v2\/media\/3328"}],"wp:attachment":[{"href":"https:\/\/www.gardaseezeitung.it\/gardaseezeitung_new\/de\/wp-json\/wp\/v2\/media?parent=7533"}],"wp:term":[{"taxonomy":"category","embeddable":true,"href":"https:\/\/www.gardaseezeitung.it\/gardaseezeitung_new\/de\/wp-json\/wp\/v2\/categories?post=7533"},{"taxonomy":"post_tag","embeddable":true,"href":"https:\/\/www.gardaseezeitung.it\/gardaseezeitung_new\/de\/wp-json\/wp\/v2\/tags?post=7533"},{"taxonomy":"news-destination","embeddable":true,"href":"https:\/\/www.gardaseezeitung.it\/gardaseezeitung_new\/de\/wp-json\/wp\/v2\/news-destination?post=7533"},{"taxonomy":"news-source","embeddable":true,"href":"https:\/\/www.gardaseezeitung.it\/gardaseezeitung_new\/de\/wp-json\/wp\/v2\/news-source?post=7533"},{"taxonomy":"is_homepage","embeddable":true,"href":"https:\/\/www.gardaseezeitung.it\/gardaseezeitung_new\/de\/wp-json\/wp\/v2\/is_homepage?post=7533"},{"taxonomy":"ta_other","embeddable":true,"href":"https:\/\/www.gardaseezeitung.it\/gardaseezeitung_new\/de\/wp-json\/wp\/v2\/ta_other?post=7533"}],"curies":[{"name":"wp","href":"https:\/\/api.w.org\/{rel}","templated":true}]}}