{"id":7537,"date":"2021-10-20T12:51:16","date_gmt":"2021-10-20T10:51:16","guid":{"rendered":"http:\/\/euwp08.newsmemory.com\/gardaseezeitung_new\/de\/2021\/10\/20\/brenzone-wird-zum-spaziergang-inmitten-der-olivenbaeume-geladen\/"},"modified":"2021-10-20T12:51:38","modified_gmt":"2021-10-20T10:51:38","slug":"brenzone-wird-zum-spaziergang-inmitten-der-olivenbaeume-geladen","status":"publish","type":"post","link":"https:\/\/www.gardaseezeitung.it\/2021\/10\/20\/brenzone-wird-zum-spaziergang-inmitten-der-olivenbaeume-geladen\/","title":{"rendered":"In Brenzone wird zum \u201eSpaziergang inmitten der Olivenb\u00e4ume\u201c geladen"},"content":{"rendered":"<p>&nbsp;<\/p>\n<p>Am 24. Oktober findet in Brenzone sul Garda der f\u00fcnfte nationale Tag des \u201eSpaziergang inmitten der Olivenb\u00e4ume&#8220; statt, ein f\u00fcnf Kilometer langer Spaziergang zwischen den Olivenb\u00e4umen mit einer Dauer von eineinhalb bis zwei Stunden. Treffpunkt und Start ist um 9 Uhr in Magugnano beim Supermarkt Despar. In Begleitung des F\u00fchrers Valerio Sartori wird die \u00d6lm\u00fchle von Brenzone besucht und die Verkostung von drei EVO-\u00d6len organisiert. Vorgesehen ist auch ein geselliger Moment im Restaurant \u201eDon Pedro\u201c in Castelletto mit der \u201eCarbonera\u201c, einem typischen Gericht, das mit dem Oliven\u00f6l von Brenzone angemacht wird. Auch ein hausgemachtes Eis mit Dop- Kastanien aus San Zeno di Montagna kann probiert werden. F\u00fcr die Tour werden bequeme Trekkingschuhe empfohlen. Bei schlechtem Wetter trifft man sich um 11 Uhr am Restaurant Don Pedro. Die Teilnahmegeb\u00fchr betr\u00e4gt 15,00 Euro. Die obligatorische Reservierung nimmt Cristina unter 328 6291511 oder per E-Mail unter info@brenzone.it entgegen. Der Green Pass ist f\u00fcr die Teilnahme Pflicht und nat\u00fcrlich werden die Covid-Sicherheitsprotokolle respektiert.Dar\u00fcber hinaus k\u00f6nnen im November in den Restaurants von Brenzone sul Garda die typischen Produkte und das EVO-\u00d6l im Rahmen der \u201e\u00d6lmen\u00fcs&#8220; probiert werden. November ist der Monat des Olio und Brenzone sul Garda ist die Heimat des Oliven\u00f6ls. Dies wird auch \u201egr\u00fcnes Gold\u201c genannt. Bei ihm handelt es sich um ein wertvolles, gesundes und nat\u00fcrlich reines Oliven\u00f6l, das in der Gemeinde Brenzone sul Garda noch heute eines der Spitzenprodukte ist.<\/p>\n<p>&nbsp;<\/p>\n<p><img title=\"In Brenzone wird zum \u201eSpaziergang inmitten der Olivenb\u00e4ume\u201c geladen\" loading=\"lazy\" class=\"size-large wp-image-17200\" src=\"https:\/\/www.gardaseezeitung.it\/gardaseezeitung_new\/de\/wp-content\/uploads\/sites\/2\/2021\/10\/Locandina-Camminata-tra-gli-olivi-2021-DEF.jpg\" alt=\"Camminata fra gli Ulivi\" width=\"640\" height=\"803\" srcset=\"https:\/\/euwps05.newsmemory.com\/gardaseezeitung_new\/de\/wp-content\/uploads\/sites\/2\/2021\/10\/Locandina-Camminata-tra-gli-olivi-2021-DEF.jpg 864w, https:\/\/euwps05.newsmemory.com\/gardaseezeitung_new\/de\/wp-content\/uploads\/sites\/2\/2021\/10\/Locandina-Camminata-tra-gli-olivi-2021-DEF-239x300.jpg 239w, https:\/\/euwps05.newsmemory.com\/gardaseezeitung_new\/de\/wp-content\/uploads\/sites\/2\/2021\/10\/Locandina-Camminata-tra-gli-olivi-2021-DEF-816x1024.jpg 816w, https:\/\/euwps05.newsmemory.com\/gardaseezeitung_new\/de\/wp-content\/uploads\/sites\/2\/2021\/10\/Locandina-Camminata-tra-gli-olivi-2021-DEF-768x964.jpg 768w, https:\/\/euwps05.newsmemory.com\/gardaseezeitung_new\/de\/wp-content\/uploads\/sites\/2\/2021\/10\/Locandina-Camminata-tra-gli-olivi-2021-DEF-750x941.jpg 750w\" sizes=\"(max-width: 640px) 100vw, 640px\" \/><\/p>\n<p>&nbsp;<\/p>\n","protected":false},"excerpt":{"rendered":"<p>Am 24. Oktober findet in Brenzone sul Garda ein f\u00fcnf Kilometer langer Spaziergang zwischen den Olivenb\u00e4umen mit einer Dauer von eineinhalb bis zwei Stunden<\/p>\n","protected":false},"author":9,"featured_media":7536,"comment_status":"open","ping_status":"open","sticky":false,"template":"","format":"standard","meta":[],"categories":[4,5],"tags":[194,1235,1236,23,26,1237,1238,580,1239,1240],"news-destination":[],"news-source":[],"is_homepage":[],"ta_other":[],"featured_media_details":{"width":864,"height":525,"file":"2021\/10\/banner-Camminata-tra-gli-olivi-2021-DEF.jpg","sizes":{"thumbnail":{"file":"banner-Camminata-tra-gli-olivi-2021-DEF-150x150.jpg","width":150,"height":150,"mime-type":"image\/jpeg","source_url":"https:\/\/www.gardaseezeitung.it\/gardaseezeitung_new\/de\/wp-content\/uploads\/sites\/2\/2021\/10\/banner-Camminata-tra-gli-olivi-2021-DEF-150x150.jpg"},"medium":{"file":"banner-Camminata-tra-gli-olivi-2021-DEF-300x182.jpg","width":300,"height":182,"mime-type":"image\/jpeg","source_url":"https:\/\/www.gardaseezeitung.it\/gardaseezeitung_new\/de\/wp-content\/uploads\/sites\/2\/2021\/10\/banner-Camminata-tra-gli-olivi-2021-DEF-300x182.jpg"},"medium_large":{"file":"banner-Camminata-tra-gli-olivi-2021-DEF-768x467.jpg","width":768,"height":467,"mime-type":"image\/jpeg","source_url":"https:\/\/www.gardaseezeitung.it\/gardaseezeitung_new\/de\/wp-content\/uploads\/sites\/2\/2021\/10\/banner-Camminata-tra-gli-olivi-2021-DEF-768x467.jpg"},"big_image":{"file":"banner-Camminata-tra-gli-olivi-2021-DEF-750x456.jpg","width":750,"height":456,"mime-type":"image\/jpeg","source_url":"https:\/\/www.gardaseezeitung.it\/gardaseezeitung_new\/de\/wp-content\/uploads\/sites\/2\/2021\/10\/banner-Camminata-tra-gli-olivi-2021-DEF-750x456.jpg"},"guest-author-32":{"file":"banner-Camminata-tra-gli-olivi-2021-DEF-32x32.jpg","width":32,"height":32,"mime-type":"image\/jpeg","source_url":"https:\/\/www.gardaseezeitung.it\/gardaseezeitung_new\/de\/wp-content\/uploads\/sites\/2\/2021\/10\/banner-Camminata-tra-gli-olivi-2021-DEF-32x32.jpg"},"guest-author-50":{"file":"banner-Camminata-tra-gli-olivi-2021-DEF-50x50.jpg","width":50,"height":50,"mime-type":"image\/jpeg","source_url":"https:\/\/www.gardaseezeitung.it\/gardaseezeitung_new\/de\/wp-content\/uploads\/sites\/2\/2021\/10\/banner-Camminata-tra-gli-olivi-2021-DEF-50x50.jpg"},"guest-author-64":{"file":"banner-Camminata-tra-gli-olivi-2021-DEF-64x64.jpg","width":64,"height":64,"mime-type":"image\/jpeg","source_url":"https:\/\/www.gardaseezeitung.it\/gardaseezeitung_new\/de\/wp-content\/uploads\/sites\/2\/2021\/10\/banner-Camminata-tra-gli-olivi-2021-DEF-64x64.jpg"},"guest-author-96":{"file":"banner-Camminata-tra-gli-olivi-2021-DEF-96x96.jpg","width":96,"height":96,"mime-type":"image\/jpeg","source_url":"https:\/\/www.gardaseezeitung.it\/gardaseezeitung_new\/de\/wp-content\/uploads\/sites\/2\/2021\/10\/banner-Camminata-tra-gli-olivi-2021-DEF-96x96.jpg"},"guest-author-128":{"file":"banner-Camminata-tra-gli-olivi-2021-DEF-128x128.jpg","width":128,"height":128,"mime-type":"image\/jpeg","source_url":"https:\/\/www.gardaseezeitung.it\/gardaseezeitung_new\/de\/wp-content\/uploads\/sites\/2\/2021\/10\/banner-Camminata-tra-gli-olivi-2021-DEF-128x128.jpg"},"full":{"file":"banner-Camminata-tra-gli-olivi-2021-DEF.jpg","width":864,"height":525,"mime_type":"","source_url":"https:\/\/www.gardaseezeitung.it\/gardaseezeitung_new\/de\/wp-content\/uploads\/sites\/2\/2021\/10\/banner-Camminata-tra-gli-olivi-2021-DEF.jpg"}},"image_meta":{"aperture":"0","credit":"","camera":"","caption":"","created_timestamp":"0","copyright":"","focal_length":"0","iso":"0","shutter_speed":"0","title":"Manifesto_A3_2021","orientation":"1","keywords":[]}},"_links":{"self":[{"href":"https:\/\/www.gardaseezeitung.it\/gardaseezeitung_new\/de\/wp-json\/wp\/v2\/posts\/7537"}],"collection":[{"href":"https:\/\/www.gardaseezeitung.it\/gardaseezeitung_new\/de\/wp-json\/wp\/v2\/posts"}],"about":[{"href":"https:\/\/www.gardaseezeitung.it\/gardaseezeitung_new\/de\/wp-json\/wp\/v2\/types\/post"}],"author":[{"embeddable":true,"href":"https:\/\/www.gardaseezeitung.it\/gardaseezeitung_new\/de\/wp-json\/wp\/v2\/users\/9"}],"replies":[{"embeddable":true,"href":"https:\/\/www.gardaseezeitung.it\/gardaseezeitung_new\/de\/wp-json\/wp\/v2\/comments?post=7537"}],"version-history":[{"count":2,"href":"https:\/\/www.gardaseezeitung.it\/gardaseezeitung_new\/de\/wp-json\/wp\/v2\/posts\/7537\/revisions"}],"predecessor-version":[{"id":17203,"href":"https:\/\/www.gardaseezeitung.it\/gardaseezeitung_new\/de\/wp-json\/wp\/v2\/posts\/7537\/revisions\/17203"}],"wp:featuredmedia":[{"embeddable":true,"href":"https:\/\/www.gardaseezeitung.it\/gardaseezeitung_new\/de\/wp-json\/wp\/v2\/media\/7536"}],"wp:attachment":[{"href":"https:\/\/www.gardaseezeitung.it\/gardaseezeitung_new\/de\/wp-json\/wp\/v2\/media?parent=7537"}],"wp:term":[{"taxonomy":"category","embeddable":true,"href":"https:\/\/www.gardaseezeitung.it\/gardaseezeitung_new\/de\/wp-json\/wp\/v2\/categories?post=7537"},{"taxonomy":"post_tag","embeddable":true,"href":"https:\/\/www.gardaseezeitung.it\/gardaseezeitung_new\/de\/wp-json\/wp\/v2\/tags?post=7537"},{"taxonomy":"news-destination","embeddable":true,"href":"https:\/\/www.gardaseezeitung.it\/gardaseezeitung_new\/de\/wp-json\/wp\/v2\/news-destination?post=7537"},{"taxonomy":"news-source","embeddable":true,"href":"https:\/\/www.gardaseezeitung.it\/gardaseezeitung_new\/de\/wp-json\/wp\/v2\/news-source?post=7537"},{"taxonomy":"is_homepage","embeddable":true,"href":"https:\/\/www.gardaseezeitung.it\/gardaseezeitung_new\/de\/wp-json\/wp\/v2\/is_homepage?post=7537"},{"taxonomy":"ta_other","embeddable":true,"href":"https:\/\/www.gardaseezeitung.it\/gardaseezeitung_new\/de\/wp-json\/wp\/v2\/ta_other?post=7537"}],"curies":[{"name":"wp","href":"https:\/\/api.w.org\/{rel}","templated":true}]}}