{"id":764,"date":"2016-06-04T21:54:44","date_gmt":"2016-06-04T21:54:44","guid":{"rendered":"http:\/\/euwp08.newsmemory.com\/gardaseezeitung_new\/de\/2016\/06\/04\/italienische-musikszene-feiert-in-der-arena-von-verona-ihre-stars-wind-music-awards\/"},"modified":"2019-05-28T16:49:59","modified_gmt":"2019-05-28T16:49:59","slug":"italienische-musikszene-feiert-in-der-arena-von-verona-ihre-stars-wind-music-awards","status":"publish","type":"post","link":"https:\/\/www.gardaseezeitung.it\/2016\/06\/04\/italienische-musikszene-feiert-in-der-arena-von-verona-ihre-stars-wind-music-awards\/","title":{"rendered":"Italienische Musikszene feiert in der Arena  von Verona ihre Stars: Wind Music Awards"},"content":{"rendered":"<p style=\"text-align: justify\"><span style=\"text-align: justify\">Der Wind Music Award wird in diesem Jahr bereits zum zehnten Mal organisiert.&nbsp;<\/span>Durch den Abend f\u00fchren zwei bekannte Moderatoren des italienischen Fernsehens: Carlo Conti und Vanessa Incontrada. Welche Bedeutung der Award innehat wird auch dadurch deutlich, dass das Event im italienischen Fernsehen \u00fcbertragen wird, und zwar auf Rai Uno. Zu den italienischen Stars, die im Laufe des Wind Music Awards auftreten werden, z\u00e4hlen: Biagio Antonacci, Alessandra Amoroso, Baby K, Benji&amp;Fede, Loredana Berte, Mario Biondi, Briga, Luca Carboni, Clementino, Francesco De Gregori, Elisa, Emma, Fedez, Giusy Ferreri, Lorenzo Fragola, Max Gazz\u00e8, Gemitaiz, Gue Pequeno, Il Volo, J-Ax, Ligabue, Fiorella Mannoia, Marco Mengoni, Francesca Michielin, Mod\u00e0, Gianna Nannini, Laura Pausini, Max Pezzali, Pooh, Ron, The Kolors, Urban Stranger und Renato Zero. Weitere K\u00fcnstler k\u00f6nnten noch hinzukommen. Als internationaler Star wird am 6. Juni Ariana Grande in der Arena zu Gast sein.&nbsp;Tickets gibt es bei www.ticketone.it. Die Preise liegen zwischen 25 und 59 Euro, je nach Sitzplatz.<\/p>\n","protected":false},"excerpt":{"rendered":"<p>Wer Musik liebt und die Stars der italienischen Musikszene live erleben m\u00f6chte, der sollte sich den 6. und 7. Juni vormerken. In der Arena von Verona findet an den beiden Tagen der \u201eWind Music Award 2016&#8243; statt. Im Laufe der Abende werden die beliebtesten S\u00e4nger, S\u00e4ngerinnen und Gruppen f\u00fcr ihre Erfolge pr\u00e4miert.&nbsp;<\/p>\n","protected":false},"author":1,"featured_media":766,"comment_status":"open","ping_status":"open","sticky":false,"template":"","format":"standard","meta":[],"categories":[5],"tags":[],"news-destination":[],"news-source":[],"is_homepage":[],"ta_other":[],"featured_media_details":{"width":1024,"height":419,"file":"2019\/05\/271505ead68b576c2df3b0142dee8e4b.jpg","sizes":{"thumbnail":{"file":"271505ead68b576c2df3b0142dee8e4b-150x150.jpg","width":150,"height":150,"mime-type":"image\/jpeg","source_url":"https:\/\/www.gardaseezeitung.it\/gardaseezeitung_new\/de\/wp-content\/uploads\/sites\/2\/2019\/05\/271505ead68b576c2df3b0142dee8e4b-150x150.jpg"},"medium":{"file":"271505ead68b576c2df3b0142dee8e4b-300x123.jpg","width":300,"height":123,"mime-type":"image\/jpeg","source_url":"https:\/\/www.gardaseezeitung.it\/gardaseezeitung_new\/de\/wp-content\/uploads\/sites\/2\/2019\/05\/271505ead68b576c2df3b0142dee8e4b-300x123.jpg"},"medium_large":{"file":"271505ead68b576c2df3b0142dee8e4b-768x314.jpg","width":768,"height":314,"mime-type":"image\/jpeg","source_url":"https:\/\/www.gardaseezeitung.it\/gardaseezeitung_new\/de\/wp-content\/uploads\/sites\/2\/2019\/05\/271505ead68b576c2df3b0142dee8e4b-768x314.jpg"},"large":{"file":"271505ead68b576c2df3b0142dee8e4b-1024x419.jpg","width":1024,"height":419,"mime-type":"image\/jpeg","source_url":"https:\/\/www.gardaseezeitung.it\/gardaseezeitung_new\/de\/wp-content\/uploads\/sites\/2\/2019\/05\/271505ead68b576c2df3b0142dee8e4b-1024x419.jpg"},"big_image":{"file":"271505ead68b576c2df3b0142dee8e4b-750x307.jpg","width":750,"height":307,"mime-type":"image\/jpeg","source_url":"https:\/\/www.gardaseezeitung.it\/gardaseezeitung_new\/de\/wp-content\/uploads\/sites\/2\/2019\/05\/271505ead68b576c2df3b0142dee8e4b-750x307.jpg"},"full":{"file":"271505ead68b576c2df3b0142dee8e4b.jpg","width":1024,"height":419,"mime_type":"","source_url":"https:\/\/www.gardaseezeitung.it\/gardaseezeitung_new\/de\/wp-content\/uploads\/sites\/2\/2019\/05\/271505ead68b576c2df3b0142dee8e4b.jpg"}},"image_meta":{"aperture":"0","credit":"","camera":"","caption":"","created_timestamp":"0","copyright":"","focal_length":"0","iso":"0","shutter_speed":"0","title":"","orientation":"0","keywords":[]}},"_links":{"self":[{"href":"https:\/\/www.gardaseezeitung.it\/gardaseezeitung_new\/de\/wp-json\/wp\/v2\/posts\/764"}],"collection":[{"href":"https:\/\/www.gardaseezeitung.it\/gardaseezeitung_new\/de\/wp-json\/wp\/v2\/posts"}],"about":[{"href":"https:\/\/www.gardaseezeitung.it\/gardaseezeitung_new\/de\/wp-json\/wp\/v2\/types\/post"}],"author":[{"embeddable":true,"href":"https:\/\/www.gardaseezeitung.it\/gardaseezeitung_new\/de\/wp-json\/wp\/v2\/users\/1"}],"replies":[{"embeddable":true,"href":"https:\/\/www.gardaseezeitung.it\/gardaseezeitung_new\/de\/wp-json\/wp\/v2\/comments?post=764"}],"version-history":[{"count":1,"href":"https:\/\/www.gardaseezeitung.it\/gardaseezeitung_new\/de\/wp-json\/wp\/v2\/posts\/764\/revisions"}],"predecessor-version":[{"id":767,"href":"https:\/\/www.gardaseezeitung.it\/gardaseezeitung_new\/de\/wp-json\/wp\/v2\/posts\/764\/revisions\/767"}],"wp:featuredmedia":[{"embeddable":true,"href":"https:\/\/www.gardaseezeitung.it\/gardaseezeitung_new\/de\/wp-json\/wp\/v2\/media\/766"}],"wp:attachment":[{"href":"https:\/\/www.gardaseezeitung.it\/gardaseezeitung_new\/de\/wp-json\/wp\/v2\/media?parent=764"}],"wp:term":[{"taxonomy":"category","embeddable":true,"href":"https:\/\/www.gardaseezeitung.it\/gardaseezeitung_new\/de\/wp-json\/wp\/v2\/categories?post=764"},{"taxonomy":"post_tag","embeddable":true,"href":"https:\/\/www.gardaseezeitung.it\/gardaseezeitung_new\/de\/wp-json\/wp\/v2\/tags?post=764"},{"taxonomy":"news-destination","embeddable":true,"href":"https:\/\/www.gardaseezeitung.it\/gardaseezeitung_new\/de\/wp-json\/wp\/v2\/news-destination?post=764"},{"taxonomy":"news-source","embeddable":true,"href":"https:\/\/www.gardaseezeitung.it\/gardaseezeitung_new\/de\/wp-json\/wp\/v2\/news-source?post=764"},{"taxonomy":"is_homepage","embeddable":true,"href":"https:\/\/www.gardaseezeitung.it\/gardaseezeitung_new\/de\/wp-json\/wp\/v2\/is_homepage?post=764"},{"taxonomy":"ta_other","embeddable":true,"href":"https:\/\/www.gardaseezeitung.it\/gardaseezeitung_new\/de\/wp-json\/wp\/v2\/ta_other?post=764"}],"curies":[{"name":"wp","href":"https:\/\/api.w.org\/{rel}","templated":true}]}}