{"id":7694,"date":"2021-10-27T10:28:58","date_gmt":"2021-10-27T08:28:58","guid":{"rendered":"http:\/\/euwp08.newsmemory.com\/gardaseezeitung_new\/de\/2021\/10\/27\/herbst-bussolengo-viele-events-im-zeichen-der-unterhaltung-und-der-typischen-produkte\/"},"modified":"2021-10-27T10:29:01","modified_gmt":"2020-12-31T10:29:01","slug":"herbst-bussolengo-viele-events-im-zeichen-der-unterhaltung-und-der-typischen-produkte","status":"publish","type":"post","link":"https:\/\/www.gardaseezeitung.it\/2021\/10\/27\/herbst-bussolengo-viele-events-im-zeichen-der-unterhaltung-und-der-typischen-produkte\/","title":{"rendered":"Herbst in Bussolengo: viele Events im Zeichen der Unterhaltung und der typischen Produkte"},"content":{"rendered":"<p>&nbsp;<\/p>\n<p>In Bussolengo verspricht das Veranstaltungsprogramm einen unterhaltsamen Herbst.Los geht es vom 28. Oktober bis 1. November mit der ersten Ausgabe von \u201e<em>We love Halloween &#8211; Bussolengo<\/em>\u201c, die auf dem Piazzale Vittorio Veneto stattfindet. F\u00fcnf unvergessliche Tage im Zeichen des unter jungen Leuten so beliebten Festes. In einem gro\u00dfen Festzelt erwartet man die Besucher mit bayerischer K\u00fcche, typischen Gerichten und exzellenten Oktoberfestbieren. F\u00fcnf Horrorh\u00e4user laden zum Schaudern ein: f\u00fcnf Routen, um in die Atmosph\u00e4re der gruseligsten Nacht des Jahres einzutauchen, und dies mit Animation, Darstellern und kost\u00fcmierten Figuranten f\u00fcr ein tolles Horrorerlebnis. An allen Abenden wird mit der Musik von Dj Krime und mit themenbezogener Animation f\u00fcr Stimmung gesorgt. Am Abend des 31. Oktober wird die Live-Band Novel auftreten. Am gleichen Abend wird allen Kindern von 18 bis 19.30 Uhr hei\u00dfe Schokolade angeboten. Im Food-Bereich wird der Eintritt ohne Reservierung gew\u00e4hrt. Tickets f\u00fcr die Horror Houses k\u00f6nnen auch online unter www.welovehalloween.it gekauft werden.<\/p>\n<p>Nach dem langen Horror-Wochenende findet vom 4. bis 7. November auf dem Piazzale Vittorio Veneto das Fest des \u201ebollito con pear\u00e0\u201c (Kochfleisch mit Pear\u00e0-Pfeffer-Brot-Sauce) statt, eine Veranstaltung, die ganz der typisch veroneser K\u00fcche und dem Wein gewidmet ist. Es wird auch einen Bereich geben, der den typischen Produkten der Provinz gewidmet ist. Begleitet wird die Verkostung des Kochfleisches von Veroneser Bands: die AL-B BAND mit Alberto Salorni, \u201eJust Hits&#8220; Dj Set mit Dj Stefano Zocca und Voice EGY-B mit den aktuellen Hits, Idea Fissa mit den sch\u00f6nsten Songs von den 80ern bis heute, die Intrepido&#8217;s Band mit ihrem Rock and Roll, Rockabilly &amp; Gag. Geplant ist auch ein \u00fcberdachter Kinderbereich mit Spielen und Attraktionen f\u00fcr die Kleinen. Der Eintritt zur Veranstaltung ist frei, im Folgenden die \u00d6ffnungszeiten: 4. und 5. November von 18 bis 24 Uhr, 6. und 7. November von 11 bis 24 Uhr. \u00dcber die Website bollitopeara.it kann man den Eintritt buchen. Der festliche Herbst wird auf der Piazza dello Zodiaco am Freitag, 26., Samstag, 27. und Sonntag, 28. November fortgesetzt, und dies mit \u201eFeuer, Kastanien und Gl\u00fchwein&#8220;. Ein Wochenende, das der Aufwertung der typischen Produkte der Region gewidmet ist.<\/p>\n<p>&nbsp;<\/p>\n","protected":false},"excerpt":{"rendered":"<p>Spa\u00df, Musik und ausgezeichnete traditionelle Gerichte: <\/p>\n","protected":false},"author":9,"featured_media":7543,"comment_status":"open","ping_status":"open","sticky":false,"template":"","format":"standard","meta":[],"categories":[4,5],"tags":[74,1316,23,26,1317,1318,1319],"news-destination":[],"news-source":[],"is_homepage":[],"ta_other":[],"featured_media_details":{"width":1080,"height":787,"file":"2021\/10\/bannerHW.png","sizes":{"thumbnail":{"file":"bannerHW-150x150.png","width":150,"height":150,"mime-type":"image\/png","source_url":"https:\/\/www.gardaseezeitung.it\/gardaseezeitung_new\/de\/wp-content\/uploads\/sites\/2\/2021\/10\/bannerHW-150x150.png"},"medium":{"file":"bannerHW-300x219.png","width":300,"height":219,"mime-type":"image\/png","source_url":"https:\/\/www.gardaseezeitung.it\/gardaseezeitung_new\/de\/wp-content\/uploads\/sites\/2\/2021\/10\/bannerHW-300x219.png"},"medium_large":{"file":"bannerHW-768x560.png","width":768,"height":560,"mime-type":"image\/png","source_url":"https:\/\/www.gardaseezeitung.it\/gardaseezeitung_new\/de\/wp-content\/uploads\/sites\/2\/2021\/10\/bannerHW-768x560.png"},"large":{"file":"bannerHW-1024x746.png","width":1024,"height":746,"mime-type":"image\/png","source_url":"https:\/\/www.gardaseezeitung.it\/gardaseezeitung_new\/de\/wp-content\/uploads\/sites\/2\/2021\/10\/bannerHW-1024x746.png"},"big_image":{"file":"bannerHW-750x547.png","width":750,"height":547,"mime-type":"image\/png","source_url":"https:\/\/www.gardaseezeitung.it\/gardaseezeitung_new\/de\/wp-content\/uploads\/sites\/2\/2021\/10\/bannerHW-750x547.png"},"guest-author-32":{"file":"bannerHW-32x32.png","width":32,"height":32,"mime-type":"image\/png","source_url":"https:\/\/www.gardaseezeitung.it\/gardaseezeitung_new\/de\/wp-content\/uploads\/sites\/2\/2021\/10\/bannerHW-32x32.png"},"guest-author-50":{"file":"bannerHW-50x50.png","width":50,"height":50,"mime-type":"image\/png","source_url":"https:\/\/www.gardaseezeitung.it\/gardaseezeitung_new\/de\/wp-content\/uploads\/sites\/2\/2021\/10\/bannerHW-50x50.png"},"guest-author-64":{"file":"bannerHW-64x64.png","width":64,"height":64,"mime-type":"image\/png","source_url":"https:\/\/www.gardaseezeitung.it\/gardaseezeitung_new\/de\/wp-content\/uploads\/sites\/2\/2021\/10\/bannerHW-64x64.png"},"guest-author-96":{"file":"bannerHW-96x96.png","width":96,"height":96,"mime-type":"image\/png","source_url":"https:\/\/www.gardaseezeitung.it\/gardaseezeitung_new\/de\/wp-content\/uploads\/sites\/2\/2021\/10\/bannerHW-96x96.png"},"guest-author-128":{"file":"bannerHW-128x128.png","width":128,"height":128,"mime-type":"image\/png","source_url":"https:\/\/www.gardaseezeitung.it\/gardaseezeitung_new\/de\/wp-content\/uploads\/sites\/2\/2021\/10\/bannerHW-128x128.png"},"full":{"file":"bannerHW.png","width":1080,"height":787,"mime_type":"","source_url":"https:\/\/www.gardaseezeitung.it\/gardaseezeitung_new\/de\/wp-content\/uploads\/sites\/2\/2021\/10\/bannerHW.png"}},"image_meta":{"aperture":"0","credit":"","camera":"","caption":"","created_timestamp":"0","copyright":"","focal_length":"0","iso":"0","shutter_speed":"0","title":"","orientation":"0","keywords":[]}},"_links":{"self":[{"href":"https:\/\/www.gardaseezeitung.it\/gardaseezeitung_new\/de\/wp-json\/wp\/v2\/posts\/7694"}],"collection":[{"href":"https:\/\/www.gardaseezeitung.it\/gardaseezeitung_new\/de\/wp-json\/wp\/v2\/posts"}],"about":[{"href":"https:\/\/www.gardaseezeitung.it\/gardaseezeitung_new\/de\/wp-json\/wp\/v2\/types\/post"}],"author":[{"embeddable":true,"href":"https:\/\/www.gardaseezeitung.it\/gardaseezeitung_new\/de\/wp-json\/wp\/v2\/users\/9"}],"replies":[{"embeddable":true,"href":"https:\/\/www.gardaseezeitung.it\/gardaseezeitung_new\/de\/wp-json\/wp\/v2\/comments?post=7694"}],"version-history":[{"count":1,"href":"https:\/\/www.gardaseezeitung.it\/gardaseezeitung_new\/de\/wp-json\/wp\/v2\/posts\/7694\/revisions"}],"predecessor-version":[{"id":7695,"href":"https:\/\/www.gardaseezeitung.it\/gardaseezeitung_new\/de\/wp-json\/wp\/v2\/posts\/7694\/revisions\/7695"}],"wp:featuredmedia":[{"embeddable":true,"href":"https:\/\/www.gardaseezeitung.it\/gardaseezeitung_new\/de\/wp-json\/wp\/v2\/media\/7543"}],"wp:attachment":[{"href":"https:\/\/www.gardaseezeitung.it\/gardaseezeitung_new\/de\/wp-json\/wp\/v2\/media?parent=7694"}],"wp:term":[{"taxonomy":"category","embeddable":true,"href":"https:\/\/www.gardaseezeitung.it\/gardaseezeitung_new\/de\/wp-json\/wp\/v2\/categories?post=7694"},{"taxonomy":"post_tag","embeddable":true,"href":"https:\/\/www.gardaseezeitung.it\/gardaseezeitung_new\/de\/wp-json\/wp\/v2\/tags?post=7694"},{"taxonomy":"news-destination","embeddable":true,"href":"https:\/\/www.gardaseezeitung.it\/gardaseezeitung_new\/de\/wp-json\/wp\/v2\/news-destination?post=7694"},{"taxonomy":"news-source","embeddable":true,"href":"https:\/\/www.gardaseezeitung.it\/gardaseezeitung_new\/de\/wp-json\/wp\/v2\/news-source?post=7694"},{"taxonomy":"is_homepage","embeddable":true,"href":"https:\/\/www.gardaseezeitung.it\/gardaseezeitung_new\/de\/wp-json\/wp\/v2\/is_homepage?post=7694"},{"taxonomy":"ta_other","embeddable":true,"href":"https:\/\/www.gardaseezeitung.it\/gardaseezeitung_new\/de\/wp-json\/wp\/v2\/ta_other?post=7694"}],"curies":[{"name":"wp","href":"https:\/\/api.w.org\/{rel}","templated":true}]}}