{"id":7709,"date":"2021-10-30T11:50:29","date_gmt":"2021-10-30T09:50:29","guid":{"rendered":"http:\/\/euwp08.newsmemory.com\/gardaseezeitung_new\/de\/2021\/10\/30\/31-oktober-drena-die-50-ausgabe-von-maroni-festa\/"},"modified":"2021-10-31T09:32:15","modified_gmt":"2021-06-03T09:32:15","slug":"31-oktober-drena-die-50-ausgabe-von-maroni-festa","status":"publish","type":"post","link":"https:\/\/www.gardaseezeitung.it\/2021\/10\/30\/31-oktober-drena-die-50-ausgabe-von-maroni-festa\/","title":{"rendered":"31. Oktober: In Drena die 50. Ausgabe von Maroni in Festa"},"content":{"rendered":"<p>&nbsp;<\/p>\n<p>Die Marktausstellung von Maroni di Drena feiert das Produkt, das f\u00fcr viele Familien des Dorfes seit jeher eine Lebensgrundlage darstellt und seit Generationen weitergegeben wird. Das Programm:<br \/>\nAb 9:00 Uhr &#8211; Spaziergang entlang der Route der Kastanienschalen in Begleitung des Agrar\u00f6kologen Stefano Delugan (Kosten 10 \u20ac einschlie\u00dflich 1 kg Maroni)<br \/>\nAb 11.00 Uhr &#8211; \u00d6ffnung des Marktes und der K\u00fcchen, mit lokalen Produkten: Gnocchi di Maroni, Polenta Carbonera, leckere Sandwiches, Kuchen mit Null km und Bio-Produkten, und die unvermeidlichen gekochten Maroni.<br \/>\n11:00 &#8211; Auftritt der Gruppe le Sorianna<br \/>\n14:00 &#8211; Schatzsuche der Jungkastanienproduzenten<br \/>\n14:00 &#8211; Auftritt des Musikers Claudio Bonavida<br \/>\n15:00 &#8211; Workshops f\u00fcr Kinder und Erwachsene<br \/>\n16:30 &#8211; Preisverleihung f\u00fcr den Wettbewerb der kleinen K\u00fcrbisse<br \/>\n17:30 &#8211; Abschlussveranstaltung18:00 &#8211; S\u00fc\u00dfes oder Saures auf den Stra\u00dfen des Landes<br \/>\nZum ersten Mal in Drena werden die Bands Trentino Folk und Sextett Quartett Dixie auftreten.<\/p>\n<p>&nbsp;<\/p>\n","protected":false},"excerpt":{"rendered":"<p>Ausstellungsmarkt, Markt mit typischen Produkten, Kastanienverkostung, Musik und Unterhaltung<\/p>\n","protected":false},"author":9,"featured_media":7708,"comment_status":"open","ping_status":"open","sticky":false,"template":"","format":"standard","meta":[],"categories":[2,4,5],"tags":[1337,1338,23,26,1318,1339,1340,1341,1342],"news-destination":[],"news-source":[],"is_homepage":[],"ta_other":[],"featured_media_details":{"width":1095,"height":675,"file":"2021\/10\/maroni-in-festa-50a-edizione_40605716_1.jpg","sizes":{"thumbnail":{"file":"maroni-in-festa-50a-edizione_40605716_1-150x150.jpg","width":150,"height":150,"mime-type":"image\/jpeg","source_url":"https:\/\/www.gardaseezeitung.it\/gardaseezeitung_new\/de\/wp-content\/uploads\/sites\/2\/2021\/10\/maroni-in-festa-50a-edizione_40605716_1-150x150.jpg"},"medium":{"file":"maroni-in-festa-50a-edizione_40605716_1-300x185.jpg","width":300,"height":185,"mime-type":"image\/jpeg","source_url":"https:\/\/www.gardaseezeitung.it\/gardaseezeitung_new\/de\/wp-content\/uploads\/sites\/2\/2021\/10\/maroni-in-festa-50a-edizione_40605716_1-300x185.jpg"},"medium_large":{"file":"maroni-in-festa-50a-edizione_40605716_1-768x473.jpg","width":768,"height":473,"mime-type":"image\/jpeg","source_url":"https:\/\/www.gardaseezeitung.it\/gardaseezeitung_new\/de\/wp-content\/uploads\/sites\/2\/2021\/10\/maroni-in-festa-50a-edizione_40605716_1-768x473.jpg"},"large":{"file":"maroni-in-festa-50a-edizione_40605716_1-1024x631.jpg","width":1024,"height":631,"mime-type":"image\/jpeg","source_url":"https:\/\/www.gardaseezeitung.it\/gardaseezeitung_new\/de\/wp-content\/uploads\/sites\/2\/2021\/10\/maroni-in-festa-50a-edizione_40605716_1-1024x631.jpg"},"big_image":{"file":"maroni-in-festa-50a-edizione_40605716_1-750x462.jpg","width":750,"height":462,"mime-type":"image\/jpeg","source_url":"https:\/\/www.gardaseezeitung.it\/gardaseezeitung_new\/de\/wp-content\/uploads\/sites\/2\/2021\/10\/maroni-in-festa-50a-edizione_40605716_1-750x462.jpg"},"guest-author-32":{"file":"maroni-in-festa-50a-edizione_40605716_1-32x32.jpg","width":32,"height":32,"mime-type":"image\/jpeg","source_url":"https:\/\/www.gardaseezeitung.it\/gardaseezeitung_new\/de\/wp-content\/uploads\/sites\/2\/2021\/10\/maroni-in-festa-50a-edizione_40605716_1-32x32.jpg"},"guest-author-50":{"file":"maroni-in-festa-50a-edizione_40605716_1-50x50.jpg","width":50,"height":50,"mime-type":"image\/jpeg","source_url":"https:\/\/www.gardaseezeitung.it\/gardaseezeitung_new\/de\/wp-content\/uploads\/sites\/2\/2021\/10\/maroni-in-festa-50a-edizione_40605716_1-50x50.jpg"},"guest-author-64":{"file":"maroni-in-festa-50a-edizione_40605716_1-64x64.jpg","width":64,"height":64,"mime-type":"image\/jpeg","source_url":"https:\/\/www.gardaseezeitung.it\/gardaseezeitung_new\/de\/wp-content\/uploads\/sites\/2\/2021\/10\/maroni-in-festa-50a-edizione_40605716_1-64x64.jpg"},"guest-author-96":{"file":"maroni-in-festa-50a-edizione_40605716_1-96x96.jpg","width":96,"height":96,"mime-type":"image\/jpeg","source_url":"https:\/\/www.gardaseezeitung.it\/gardaseezeitung_new\/de\/wp-content\/uploads\/sites\/2\/2021\/10\/maroni-in-festa-50a-edizione_40605716_1-96x96.jpg"},"guest-author-128":{"file":"maroni-in-festa-50a-edizione_40605716_1-128x128.jpg","width":128,"height":128,"mime-type":"image\/jpeg","source_url":"https:\/\/www.gardaseezeitung.it\/gardaseezeitung_new\/de\/wp-content\/uploads\/sites\/2\/2021\/10\/maroni-in-festa-50a-edizione_40605716_1-128x128.jpg"},"full":{"file":"maroni-in-festa-50a-edizione_40605716_1.jpg","width":1095,"height":675,"mime_type":"","source_url":"https:\/\/www.gardaseezeitung.it\/gardaseezeitung_new\/de\/wp-content\/uploads\/sites\/2\/2021\/10\/maroni-in-festa-50a-edizione_40605716_1.jpg"}},"image_meta":{"aperture":"0","credit":"","camera":"","caption":"","created_timestamp":"0","copyright":"","focal_length":"0","iso":"0","shutter_speed":"0","title":"","orientation":"1","keywords":[]}},"_links":{"self":[{"href":"https:\/\/www.gardaseezeitung.it\/gardaseezeitung_new\/de\/wp-json\/wp\/v2\/posts\/7709"}],"collection":[{"href":"https:\/\/www.gardaseezeitung.it\/gardaseezeitung_new\/de\/wp-json\/wp\/v2\/posts"}],"about":[{"href":"https:\/\/www.gardaseezeitung.it\/gardaseezeitung_new\/de\/wp-json\/wp\/v2\/types\/post"}],"author":[{"embeddable":true,"href":"https:\/\/www.gardaseezeitung.it\/gardaseezeitung_new\/de\/wp-json\/wp\/v2\/users\/9"}],"replies":[{"embeddable":true,"href":"https:\/\/www.gardaseezeitung.it\/gardaseezeitung_new\/de\/wp-json\/wp\/v2\/comments?post=7709"}],"version-history":[{"count":2,"href":"https:\/\/www.gardaseezeitung.it\/gardaseezeitung_new\/de\/wp-json\/wp\/v2\/posts\/7709\/revisions"}],"predecessor-version":[{"id":7759,"href":"https:\/\/www.gardaseezeitung.it\/gardaseezeitung_new\/de\/wp-json\/wp\/v2\/posts\/7709\/revisions\/7759"}],"wp:featuredmedia":[{"embeddable":true,"href":"https:\/\/www.gardaseezeitung.it\/gardaseezeitung_new\/de\/wp-json\/wp\/v2\/media\/7708"}],"wp:attachment":[{"href":"https:\/\/www.gardaseezeitung.it\/gardaseezeitung_new\/de\/wp-json\/wp\/v2\/media?parent=7709"}],"wp:term":[{"taxonomy":"category","embeddable":true,"href":"https:\/\/www.gardaseezeitung.it\/gardaseezeitung_new\/de\/wp-json\/wp\/v2\/categories?post=7709"},{"taxonomy":"post_tag","embeddable":true,"href":"https:\/\/www.gardaseezeitung.it\/gardaseezeitung_new\/de\/wp-json\/wp\/v2\/tags?post=7709"},{"taxonomy":"news-destination","embeddable":true,"href":"https:\/\/www.gardaseezeitung.it\/gardaseezeitung_new\/de\/wp-json\/wp\/v2\/news-destination?post=7709"},{"taxonomy":"news-source","embeddable":true,"href":"https:\/\/www.gardaseezeitung.it\/gardaseezeitung_new\/de\/wp-json\/wp\/v2\/news-source?post=7709"},{"taxonomy":"is_homepage","embeddable":true,"href":"https:\/\/www.gardaseezeitung.it\/gardaseezeitung_new\/de\/wp-json\/wp\/v2\/is_homepage?post=7709"},{"taxonomy":"ta_other","embeddable":true,"href":"https:\/\/www.gardaseezeitung.it\/gardaseezeitung_new\/de\/wp-json\/wp\/v2\/ta_other?post=7709"}],"curies":[{"name":"wp","href":"https:\/\/api.w.org\/{rel}","templated":true}]}}