{"id":7719,"date":"2021-10-29T22:02:32","date_gmt":"2021-10-29T20:02:32","guid":{"rendered":"http:\/\/euwp08.newsmemory.com\/gardaseezeitung_new\/de\/2021\/10\/29\/san-lorenzo-dorsino-vom-30-oktober-bis-1-november-das-ciuiga-fest\/"},"modified":"2021-10-29T22:02:35","modified_gmt":"2021-01-02T22:02:35","slug":"san-lorenzo-dorsino-vom-30-oktober-bis-1-november-das-ciuiga-fest","status":"publish","type":"post","link":"https:\/\/www.gardaseezeitung.it\/2021\/10\/29\/san-lorenzo-dorsino-vom-30-oktober-bis-1-november-das-ciuiga-fest\/","title":{"rendered":"San Lorenzo Dorsino: vom 30. Oktober bis 1. November das Ciuiga-Fest"},"content":{"rendered":"<p>Das Ciu\u00ecga-Festival ist das Hauptereignis in San Lorenzo in Banale: Es wird sicherlich eine au\u00dfergew\u00f6hnliche Ausgabe sein, denn die Veranstaltung ist eines der besten Qualit\u00e4tsfestivals in Italien. W\u00e4hrend der Festivaltage werden der Geschmack, die Kultur und die Traditionen eines der sch\u00f6nsten D\u00f6rfer Italiens in den Vordergrund gestellt. Die drei Tage werden durch gastronomische Verkostungen, M\u00e4rkte, Musik- und Theaterauff\u00fchrungen in den Stra\u00dfen des Dorfes belebt, die zu Ehren der ciu\u00ecga, dieser einzigartigen und originellen Wurst aus Banale, einem ausgezeichneten lokalen Schweinefleischprodukt, festlich geschm\u00fcckt sein werden. Urspr\u00fcnglich war seine Herstellung durch die extreme Armut bedingt, in der sich die Einwohner Ende des 19. Jahrhunderts befanden, doch heute ist er ein begehrtes und gesch\u00e4tztes Produkt, das zahlreiche Auszeichnungen erhalten hat und sogar in die Slow Food-F\u00f6rderkreise aufgenommen wurde.<\/p>\n<p>Samstag und Sonntag: 9.30-24.00 Uhr &#8211;\u00a0Montag, 1. November: 9.30-9 Uhr<br \/>\nInfos und Buchung: \u00a0Pro loco San Lorenzo Dorsino Tel. 347 2926474 &#8211; prolocosanlorenzoinbanale@gmail.com<\/p>\n<p>Teilnehmende Unternehmen und Einrichtungen<\/p>\n<p>Verein Pro Loco San Lorenzo in Banale &#8211; prolocosanlorenzoinbanale.it<\/p>\n<p>APT Paganella DolomitenPiazza Dolomiti, 1 &#8211; Andalo Tel. +39 0461 585836 &#8211; Fax +39 0461 585570 www.visitdolomitipaganella.it<\/p>\n<p>Weingut Endrizzi &#8211; Loc. Masetto, 2 &#8211; San Michele all&#8217;Adige Tel. +39 0461 650129 www.endrizzi.it<\/p>\n<p>Gemeinde San Lorenzo Dorsino &#8211; Piazza delle Sette Ville, 4 San Lorenzo Dorsino Telefon 0465 734023 www.comune.sanlorenzodorsino.tn.it<\/p>\n<p>B\u00e4ckerei Zambanini &#8211; Via di Madri, 7 &#8211; San Lorenzo DorsinoTel. 0465 734436 panificiozambanini@libero.it<\/p>\n","protected":false},"excerpt":{"rendered":"<p>Die Ciu\u00ecga ist eine einzigartige und originelle Wurst aus dem Banale-Gebiet<\/p>\n","protected":false},"author":9,"featured_media":7718,"comment_status":"open","ping_status":"open","sticky":false,"template":"","format":"standard","meta":[],"categories":[4,5,6],"tags":[1349,1350,1351,23,26,1352],"news-destination":[],"news-source":[],"is_homepage":[],"ta_other":[],"featured_media_details":{"width":730,"height":485,"file":"2021\/10\/csm_ciuiga_01_2c3203a942.jpg","sizes":{"thumbnail":{"file":"csm_ciuiga_01_2c3203a942-150x150.jpg","width":150,"height":150,"mime-type":"image\/jpeg","source_url":"https:\/\/www.gardaseezeitung.it\/gardaseezeitung_new\/de\/wp-content\/uploads\/sites\/2\/2021\/10\/csm_ciuiga_01_2c3203a942-150x150.jpg"},"medium":{"file":"csm_ciuiga_01_2c3203a942-300x199.jpg","width":300,"height":199,"mime-type":"image\/jpeg","source_url":"https:\/\/www.gardaseezeitung.it\/gardaseezeitung_new\/de\/wp-content\/uploads\/sites\/2\/2021\/10\/csm_ciuiga_01_2c3203a942-300x199.jpg"},"guest-author-32":{"file":"csm_ciuiga_01_2c3203a942-32x32.jpg","width":32,"height":32,"mime-type":"image\/jpeg","source_url":"https:\/\/www.gardaseezeitung.it\/gardaseezeitung_new\/de\/wp-content\/uploads\/sites\/2\/2021\/10\/csm_ciuiga_01_2c3203a942-32x32.jpg"},"guest-author-50":{"file":"csm_ciuiga_01_2c3203a942-50x50.jpg","width":50,"height":50,"mime-type":"image\/jpeg","source_url":"https:\/\/www.gardaseezeitung.it\/gardaseezeitung_new\/de\/wp-content\/uploads\/sites\/2\/2021\/10\/csm_ciuiga_01_2c3203a942-50x50.jpg"},"guest-author-64":{"file":"csm_ciuiga_01_2c3203a942-64x64.jpg","width":64,"height":64,"mime-type":"image\/jpeg","source_url":"https:\/\/www.gardaseezeitung.it\/gardaseezeitung_new\/de\/wp-content\/uploads\/sites\/2\/2021\/10\/csm_ciuiga_01_2c3203a942-64x64.jpg"},"guest-author-96":{"file":"csm_ciuiga_01_2c3203a942-96x96.jpg","width":96,"height":96,"mime-type":"image\/jpeg","source_url":"https:\/\/www.gardaseezeitung.it\/gardaseezeitung_new\/de\/wp-content\/uploads\/sites\/2\/2021\/10\/csm_ciuiga_01_2c3203a942-96x96.jpg"},"guest-author-128":{"file":"csm_ciuiga_01_2c3203a942-128x128.jpg","width":128,"height":128,"mime-type":"image\/jpeg","source_url":"https:\/\/www.gardaseezeitung.it\/gardaseezeitung_new\/de\/wp-content\/uploads\/sites\/2\/2021\/10\/csm_ciuiga_01_2c3203a942-128x128.jpg"},"full":{"file":"csm_ciuiga_01_2c3203a942.jpg","width":730,"height":485,"mime_type":"","source_url":"https:\/\/www.gardaseezeitung.it\/gardaseezeitung_new\/de\/wp-content\/uploads\/sites\/2\/2021\/10\/csm_ciuiga_01_2c3203a942.jpg"}},"image_meta":{"aperture":"0","credit":"","camera":"","caption":"","created_timestamp":"0","copyright":"","focal_length":"0","iso":"0","shutter_speed":"0","title":"","orientation":"0","keywords":[]}},"_links":{"self":[{"href":"https:\/\/www.gardaseezeitung.it\/gardaseezeitung_new\/de\/wp-json\/wp\/v2\/posts\/7719"}],"collection":[{"href":"https:\/\/www.gardaseezeitung.it\/gardaseezeitung_new\/de\/wp-json\/wp\/v2\/posts"}],"about":[{"href":"https:\/\/www.gardaseezeitung.it\/gardaseezeitung_new\/de\/wp-json\/wp\/v2\/types\/post"}],"author":[{"embeddable":true,"href":"https:\/\/www.gardaseezeitung.it\/gardaseezeitung_new\/de\/wp-json\/wp\/v2\/users\/9"}],"replies":[{"embeddable":true,"href":"https:\/\/www.gardaseezeitung.it\/gardaseezeitung_new\/de\/wp-json\/wp\/v2\/comments?post=7719"}],"version-history":[{"count":1,"href":"https:\/\/www.gardaseezeitung.it\/gardaseezeitung_new\/de\/wp-json\/wp\/v2\/posts\/7719\/revisions"}],"predecessor-version":[{"id":7722,"href":"https:\/\/www.gardaseezeitung.it\/gardaseezeitung_new\/de\/wp-json\/wp\/v2\/posts\/7719\/revisions\/7722"}],"wp:featuredmedia":[{"embeddable":true,"href":"https:\/\/www.gardaseezeitung.it\/gardaseezeitung_new\/de\/wp-json\/wp\/v2\/media\/7718"}],"wp:attachment":[{"href":"https:\/\/www.gardaseezeitung.it\/gardaseezeitung_new\/de\/wp-json\/wp\/v2\/media?parent=7719"}],"wp:term":[{"taxonomy":"category","embeddable":true,"href":"https:\/\/www.gardaseezeitung.it\/gardaseezeitung_new\/de\/wp-json\/wp\/v2\/categories?post=7719"},{"taxonomy":"post_tag","embeddable":true,"href":"https:\/\/www.gardaseezeitung.it\/gardaseezeitung_new\/de\/wp-json\/wp\/v2\/tags?post=7719"},{"taxonomy":"news-destination","embeddable":true,"href":"https:\/\/www.gardaseezeitung.it\/gardaseezeitung_new\/de\/wp-json\/wp\/v2\/news-destination?post=7719"},{"taxonomy":"news-source","embeddable":true,"href":"https:\/\/www.gardaseezeitung.it\/gardaseezeitung_new\/de\/wp-json\/wp\/v2\/news-source?post=7719"},{"taxonomy":"is_homepage","embeddable":true,"href":"https:\/\/www.gardaseezeitung.it\/gardaseezeitung_new\/de\/wp-json\/wp\/v2\/is_homepage?post=7719"},{"taxonomy":"ta_other","embeddable":true,"href":"https:\/\/www.gardaseezeitung.it\/gardaseezeitung_new\/de\/wp-json\/wp\/v2\/ta_other?post=7719"}],"curies":[{"name":"wp","href":"https:\/\/api.w.org\/{rel}","templated":true}]}}