{"id":7749,"date":"2021-11-01T16:09:34","date_gmt":"2021-11-01T15:09:34","guid":{"rendered":"http:\/\/euwp08.newsmemory.com\/gardaseezeitung_new\/de\/2021\/11\/01\/xxii-flicorno-doro-die-besten-europaeischen-bands-kehren-nach-riva-zurueck\/"},"modified":"2021-11-01T16:11:27","modified_gmt":"2021-11-01T15:11:27","slug":"xxii-flicorno-doro-die-besten-europaeischen-bands-kehren-nach-riva-zurueck","status":"publish","type":"post","link":"https:\/\/www.gardaseezeitung.it\/2021\/11\/01\/xxii-flicorno-doro-die-besten-europaeischen-bands-kehren-nach-riva-zurueck\/","title":{"rendered":"XXII. Flicorno d`Oro: die besten europ\u00e4ischen Bands kehren nach Riva zur\u00fcck"},"content":{"rendered":"<p>&nbsp;<\/p>\n<p>Das Goldene Fl\u00fcgelhorn ist nicht nur ein internationaler Wettbewerb: zahlreiche Veranstaltungen erg\u00e4nzen das Angebot der drei Tage, die der Musik gewidmet sind.Nicht verpassen sollte man das Er\u00f6ffnungskonzert, das jedes Jahr einer renommierten europ\u00e4ischen Band anvertraut wird, sowie den spannenden Abschlussabend mit der Preisverleihung. Die Zusammenarbeit mit Yamaha Music Europe wird mit kostenlosen Wartungsseminaren f\u00fcr Holz- und Blechblasinstrumente fortgesetzt.<\/p>\n<p>&nbsp;<\/p>\n<figure id=\"attachment_8351\" style=\"width: 640px\" class=\"wp-caption alignleft\"><img title=\"XXII. Flicorno d`Oro: die besten europ\u00e4ischen Bands kehren nach Riva zur\u00fcck\" loading=\"lazy\" class=\"size-large wp-image-8351\" src=\"https:\/\/www.gardaseezeitung.it\/gardaseezeitung_new\/de\/wp-content\/uploads\/sites\/2\/2021\/10\/xxii-edizione-flicorno-d-oro_390271_6.jpg\" alt=\"Riva del Garda - Flicorno d'Oro\" width=\"640\" height=\"360\" srcset=\"https:\/\/euwps06.newsmemory.com\/gardaseezeitung_new\/de\/wp-content\/uploads\/sites\/2\/2021\/10\/xxii-edizione-flicorno-d-oro_390271_6.jpg 1200w, https:\/\/euwps06.newsmemory.com\/gardaseezeitung_new\/de\/wp-content\/uploads\/sites\/2\/2021\/10\/xxii-edizione-flicorno-d-oro_390271_6-300x169.jpg 300w, https:\/\/euwps06.newsmemory.com\/gardaseezeitung_new\/de\/wp-content\/uploads\/sites\/2\/2021\/10\/xxii-edizione-flicorno-d-oro_390271_6-768x432.jpg 768w, https:\/\/euwps06.newsmemory.com\/gardaseezeitung_new\/de\/wp-content\/uploads\/sites\/2\/2021\/10\/xxii-edizione-flicorno-d-oro_390271_6-1024x576.jpg 1024w, https:\/\/euwps06.newsmemory.com\/gardaseezeitung_new\/de\/wp-content\/uploads\/sites\/2\/2021\/10\/xxii-edizione-flicorno-d-oro_390271_6-750x422.jpg 750w\" sizes=\"(max-width: 640px) 100vw, 640px\" \/><figcaption class=\"wp-caption-text\">Riva del Garda &#8211; Flicorno d&#8217;Oro<\/figcaption><\/figure>\n<p>&nbsp;<\/p>\n<p>&nbsp;<\/p>\n","protected":false},"excerpt":{"rendered":"<p>Die Veranstaltung, die vom 5. bis 7. November stattfindet, verspricht, intensiv und voller Termine von gro\u00dfem k\u00fcnstlerischen Wert zu sein<\/p>\n","protected":false},"author":9,"featured_media":7748,"comment_status":"open","ping_status":"open","sticky":false,"template":"","format":"standard","meta":[],"categories":[2,6,3],"tags":[1389,23,26,221,1390],"news-destination":[],"news-source":[],"is_homepage":[],"ta_other":[],"featured_media_details":{"width":1200,"height":800,"file":"2021\/10\/xxii-edizione-flicorno-d-oro_390271_3.jpg","sizes":{"thumbnail":{"file":"xxii-edizione-flicorno-d-oro_390271_3-150x150.jpg","width":150,"height":150,"mime-type":"image\/jpeg","source_url":"https:\/\/www.gardaseezeitung.it\/gardaseezeitung_new\/de\/wp-content\/uploads\/sites\/2\/2021\/10\/xxii-edizione-flicorno-d-oro_390271_3-150x150.jpg"},"medium":{"file":"xxii-edizione-flicorno-d-oro_390271_3-300x200.jpg","width":300,"height":200,"mime-type":"image\/jpeg","source_url":"https:\/\/www.gardaseezeitung.it\/gardaseezeitung_new\/de\/wp-content\/uploads\/sites\/2\/2021\/10\/xxii-edizione-flicorno-d-oro_390271_3-300x200.jpg"},"medium_large":{"file":"xxii-edizione-flicorno-d-oro_390271_3-768x512.jpg","width":768,"height":512,"mime-type":"image\/jpeg","source_url":"https:\/\/www.gardaseezeitung.it\/gardaseezeitung_new\/de\/wp-content\/uploads\/sites\/2\/2021\/10\/xxii-edizione-flicorno-d-oro_390271_3-768x512.jpg"},"large":{"file":"xxii-edizione-flicorno-d-oro_390271_3-1024x683.jpg","width":1024,"height":683,"mime-type":"image\/jpeg","source_url":"https:\/\/www.gardaseezeitung.it\/gardaseezeitung_new\/de\/wp-content\/uploads\/sites\/2\/2021\/10\/xxii-edizione-flicorno-d-oro_390271_3-1024x683.jpg"},"big_image":{"file":"xxii-edizione-flicorno-d-oro_390271_3-750x500.jpg","width":750,"height":500,"mime-type":"image\/jpeg","source_url":"https:\/\/www.gardaseezeitung.it\/gardaseezeitung_new\/de\/wp-content\/uploads\/sites\/2\/2021\/10\/xxii-edizione-flicorno-d-oro_390271_3-750x500.jpg"},"guest-author-32":{"file":"xxii-edizione-flicorno-d-oro_390271_3-32x32.jpg","width":32,"height":32,"mime-type":"image\/jpeg","source_url":"https:\/\/www.gardaseezeitung.it\/gardaseezeitung_new\/de\/wp-content\/uploads\/sites\/2\/2021\/10\/xxii-edizione-flicorno-d-oro_390271_3-32x32.jpg"},"guest-author-50":{"file":"xxii-edizione-flicorno-d-oro_390271_3-50x50.jpg","width":50,"height":50,"mime-type":"image\/jpeg","source_url":"https:\/\/www.gardaseezeitung.it\/gardaseezeitung_new\/de\/wp-content\/uploads\/sites\/2\/2021\/10\/xxii-edizione-flicorno-d-oro_390271_3-50x50.jpg"},"guest-author-64":{"file":"xxii-edizione-flicorno-d-oro_390271_3-64x64.jpg","width":64,"height":64,"mime-type":"image\/jpeg","source_url":"https:\/\/www.gardaseezeitung.it\/gardaseezeitung_new\/de\/wp-content\/uploads\/sites\/2\/2021\/10\/xxii-edizione-flicorno-d-oro_390271_3-64x64.jpg"},"guest-author-96":{"file":"xxii-edizione-flicorno-d-oro_390271_3-96x96.jpg","width":96,"height":96,"mime-type":"image\/jpeg","source_url":"https:\/\/www.gardaseezeitung.it\/gardaseezeitung_new\/de\/wp-content\/uploads\/sites\/2\/2021\/10\/xxii-edizione-flicorno-d-oro_390271_3-96x96.jpg"},"guest-author-128":{"file":"xxii-edizione-flicorno-d-oro_390271_3-128x128.jpg","width":128,"height":128,"mime-type":"image\/jpeg","source_url":"https:\/\/www.gardaseezeitung.it\/gardaseezeitung_new\/de\/wp-content\/uploads\/sites\/2\/2021\/10\/xxii-edizione-flicorno-d-oro_390271_3-128x128.jpg"},"full":{"file":"xxii-edizione-flicorno-d-oro_390271_3.jpg","width":1200,"height":800,"mime_type":"","source_url":"https:\/\/www.gardaseezeitung.it\/gardaseezeitung_new\/de\/wp-content\/uploads\/sites\/2\/2021\/10\/xxii-edizione-flicorno-d-oro_390271_3.jpg"}},"image_meta":{"aperture":"0","credit":"","camera":"","caption":"","created_timestamp":"0","copyright":"","focal_length":"0","iso":"0","shutter_speed":"0","title":"","orientation":"0","keywords":[]}},"_links":{"self":[{"href":"https:\/\/www.gardaseezeitung.it\/gardaseezeitung_new\/de\/wp-json\/wp\/v2\/posts\/7749"}],"collection":[{"href":"https:\/\/www.gardaseezeitung.it\/gardaseezeitung_new\/de\/wp-json\/wp\/v2\/posts"}],"about":[{"href":"https:\/\/www.gardaseezeitung.it\/gardaseezeitung_new\/de\/wp-json\/wp\/v2\/types\/post"}],"author":[{"embeddable":true,"href":"https:\/\/www.gardaseezeitung.it\/gardaseezeitung_new\/de\/wp-json\/wp\/v2\/users\/9"}],"replies":[{"embeddable":true,"href":"https:\/\/www.gardaseezeitung.it\/gardaseezeitung_new\/de\/wp-json\/wp\/v2\/comments?post=7749"}],"version-history":[{"count":2,"href":"https:\/\/www.gardaseezeitung.it\/gardaseezeitung_new\/de\/wp-json\/wp\/v2\/posts\/7749\/revisions"}],"predecessor-version":[{"id":17206,"href":"https:\/\/www.gardaseezeitung.it\/gardaseezeitung_new\/de\/wp-json\/wp\/v2\/posts\/7749\/revisions\/17206"}],"wp:featuredmedia":[{"embeddable":true,"href":"https:\/\/www.gardaseezeitung.it\/gardaseezeitung_new\/de\/wp-json\/wp\/v2\/media\/7748"}],"wp:attachment":[{"href":"https:\/\/www.gardaseezeitung.it\/gardaseezeitung_new\/de\/wp-json\/wp\/v2\/media?parent=7749"}],"wp:term":[{"taxonomy":"category","embeddable":true,"href":"https:\/\/www.gardaseezeitung.it\/gardaseezeitung_new\/de\/wp-json\/wp\/v2\/categories?post=7749"},{"taxonomy":"post_tag","embeddable":true,"href":"https:\/\/www.gardaseezeitung.it\/gardaseezeitung_new\/de\/wp-json\/wp\/v2\/tags?post=7749"},{"taxonomy":"news-destination","embeddable":true,"href":"https:\/\/www.gardaseezeitung.it\/gardaseezeitung_new\/de\/wp-json\/wp\/v2\/news-destination?post=7749"},{"taxonomy":"news-source","embeddable":true,"href":"https:\/\/www.gardaseezeitung.it\/gardaseezeitung_new\/de\/wp-json\/wp\/v2\/news-source?post=7749"},{"taxonomy":"is_homepage","embeddable":true,"href":"https:\/\/www.gardaseezeitung.it\/gardaseezeitung_new\/de\/wp-json\/wp\/v2\/is_homepage?post=7749"},{"taxonomy":"ta_other","embeddable":true,"href":"https:\/\/www.gardaseezeitung.it\/gardaseezeitung_new\/de\/wp-json\/wp\/v2\/ta_other?post=7749"}],"curies":[{"name":"wp","href":"https:\/\/api.w.org\/{rel}","templated":true}]}}