{"id":7762,"date":"2021-10-31T16:05:46","date_gmt":"2021-10-31T15:05:46","guid":{"rendered":"http:\/\/euwp08.newsmemory.com\/gardaseezeitung_new\/de\/2021\/10\/31\/die-herbst-opernsaison-2021-der-fondazione-arena-wird-heute-verona-mit-mozart-fortgesetzt\/"},"modified":"2021-10-31T16:49:48","modified_gmt":"2021-06-03T16:49:48","slug":"die-herbst-opernsaison-2021-der-fondazione-arena-wird-heute-verona-mit-mozart-fortgesetzt","status":"publish","type":"post","link":"https:\/\/www.gardaseezeitung.it\/2021\/10\/31\/die-herbst-opernsaison-2021-der-fondazione-arena-wird-heute-verona-mit-mozart-fortgesetzt\/","title":{"rendered":"Die Herbst-Opernsaison der Fondazione Arena wird heute in Verona mit Mozart fortgesetzt"},"content":{"rendered":"<p>&nbsp;<\/p>\n<p>Der junge Regisseur Jamal das Irmich gibt sein Deb\u00fct am Filarmonico mit einer Interpretation von Mozarts &#8222;Cos\u00ec fan tutte&#8220;, die mit einem Augenzwinkern an die klassische Hollywood-Kom\u00f6die erinnert. Die Besetzung ist erstklassig: Vittoria Yeo, Chiara Tirotta, Enkeleda Kamani, Marco Ciaponi, Alessandro Luongo und Alfonso Antoniozzi. Maestro Francesco Ommassini dirigiert das Orchester und den Chor der Stiftung. Nach den beiden Meisterwerken, die Mozart zusammen mit dem venezianischen Librettisten und Hofdichter Lorenzo Da Ponte schuf (Die Hochzeit des Figaro und Don Giovanni), pr\u00e4sentiert die Fondazione Arena di Verona die dritte Oper der Trilogie, die von Kaiser Joseph II. f\u00fcr Wien in Auftrag gegeben wurde: die komplexeste und vielleicht auch modernste von Mozarts &#8222;drammi giocosi&#8220;. Inspiriert von einer wahren Begebenheit, wettet der desillusionierte Philosoph Don Alfonso in einem poetischen Neapel mit seinen Freunden um die tats\u00e4chliche Treue seiner Verlobten, der Schwestern Dorabella und Fiordiligi. Das Happy End l\u00e4sst das Finale einer alles andere als oberfl\u00e4chlichen Kom\u00f6die offen, die der Regisseur in den 1950er Jahren ansiedelt.Zu diesem Anlass wurde das Niveau des Orchesters auf das des Publikums angehoben: Zu Mozarts Zeiten gab es die &#8222;mystische Kluft&#8220; n\u00e4mlich noch nicht.<\/p>\n<p>Nach der Premiere am Sonntag, dem 31. Oktober, wird &#8222;Cos\u00ec fan tutte&#8220; am Dienstag, dem 2. November (um 19 Uhr), am Donnerstag, dem 4. November (um 20 Uhr) und am Sonntag, dem 7. November (um 15.30 Uhr) aufgef\u00fchrt.<\/p>\n<p>Die Karten sind online und an der Zentralkasse sowie zwei Stunden vor jeder Vorstellung an der Kasse in der Via Mutilati in Verona erh\u00e4ltlich. Zus\u00e4tzlich zu den Tickets, die zu den gleichen Preisen wie 2020 erh\u00e4ltlich sind, gibt es Sonderangebote, die bis zum Herbst 2021 gelten: https:\/\/www.arena.it\/it\/teatro-filarmonico\/news\/speciale-autunno. Der Zutritt zum und der Aufenthalt im Theater ist gesetzlich nur mit einer OP-Maske und einem gr\u00fcnen Ausweis gestattet (weitere Informationen unter https:\/\/www.arena.it\/it\/teatro-filarmonico\/info-covid).<\/p>\n<p>&nbsp;<\/p>\n<p>&nbsp;<\/p>\n","protected":false},"excerpt":{"rendered":"<p>In teatro Filarmonico, bei voller Auslastung und der Neuinszenierung von &#8222;Cos\u00ec fan tutte&#8220;<\/p>\n","protected":false},"author":9,"featured_media":7771,"comment_status":"open","ping_status":"open","sticky":false,"template":"","format":"standard","meta":[],"categories":[4,5,6],"tags":[1392,1393,1394,1395,1396,1397,1398,1399,274,184,277,38,150],"news-destination":[],"news-source":[],"is_homepage":[],"ta_other":[],"featured_media_details":{"width":3371,"height":2248,"file":"2021\/10\/CosiFanTutte_291021_EnneviFoto0135.jpg","sizes":{"thumbnail":{"file":"CosiFanTutte_291021_EnneviFoto0135-150x150.jpg","width":150,"height":150,"mime-type":"image\/jpeg","source_url":"https:\/\/www.gardaseezeitung.it\/gardaseezeitung_new\/de\/wp-content\/uploads\/sites\/2\/2021\/10\/CosiFanTutte_291021_EnneviFoto0135-150x150.jpg"},"medium":{"file":"CosiFanTutte_291021_EnneviFoto0135-300x200.jpg","width":300,"height":200,"mime-type":"image\/jpeg","source_url":"https:\/\/www.gardaseezeitung.it\/gardaseezeitung_new\/de\/wp-content\/uploads\/sites\/2\/2021\/10\/CosiFanTutte_291021_EnneviFoto0135-300x200.jpg"},"medium_large":{"file":"CosiFanTutte_291021_EnneviFoto0135-768x512.jpg","width":768,"height":512,"mime-type":"image\/jpeg","source_url":"https:\/\/www.gardaseezeitung.it\/gardaseezeitung_new\/de\/wp-content\/uploads\/sites\/2\/2021\/10\/CosiFanTutte_291021_EnneviFoto0135-768x512.jpg"},"large":{"file":"CosiFanTutte_291021_EnneviFoto0135-1024x683.jpg","width":1024,"height":683,"mime-type":"image\/jpeg","source_url":"https:\/\/www.gardaseezeitung.it\/gardaseezeitung_new\/de\/wp-content\/uploads\/sites\/2\/2021\/10\/CosiFanTutte_291021_EnneviFoto0135-1024x683.jpg"},"big_image":{"file":"CosiFanTutte_291021_EnneviFoto0135-750x500.jpg","width":750,"height":500,"mime-type":"image\/jpeg","source_url":"https:\/\/www.gardaseezeitung.it\/gardaseezeitung_new\/de\/wp-content\/uploads\/sites\/2\/2021\/10\/CosiFanTutte_291021_EnneviFoto0135-750x500.jpg"},"guest-author-32":{"file":"CosiFanTutte_291021_EnneviFoto0135-32x32.jpg","width":32,"height":32,"mime-type":"image\/jpeg","source_url":"https:\/\/www.gardaseezeitung.it\/gardaseezeitung_new\/de\/wp-content\/uploads\/sites\/2\/2021\/10\/CosiFanTutte_291021_EnneviFoto0135-32x32.jpg"},"guest-author-50":{"file":"CosiFanTutte_291021_EnneviFoto0135-50x50.jpg","width":50,"height":50,"mime-type":"image\/jpeg","source_url":"https:\/\/www.gardaseezeitung.it\/gardaseezeitung_new\/de\/wp-content\/uploads\/sites\/2\/2021\/10\/CosiFanTutte_291021_EnneviFoto0135-50x50.jpg"},"guest-author-64":{"file":"CosiFanTutte_291021_EnneviFoto0135-64x64.jpg","width":64,"height":64,"mime-type":"image\/jpeg","source_url":"https:\/\/www.gardaseezeitung.it\/gardaseezeitung_new\/de\/wp-content\/uploads\/sites\/2\/2021\/10\/CosiFanTutte_291021_EnneviFoto0135-64x64.jpg"},"guest-author-96":{"file":"CosiFanTutte_291021_EnneviFoto0135-96x96.jpg","width":96,"height":96,"mime-type":"image\/jpeg","source_url":"https:\/\/www.gardaseezeitung.it\/gardaseezeitung_new\/de\/wp-content\/uploads\/sites\/2\/2021\/10\/CosiFanTutte_291021_EnneviFoto0135-96x96.jpg"},"guest-author-128":{"file":"CosiFanTutte_291021_EnneviFoto0135-128x128.jpg","width":128,"height":128,"mime-type":"image\/jpeg","source_url":"https:\/\/www.gardaseezeitung.it\/gardaseezeitung_new\/de\/wp-content\/uploads\/sites\/2\/2021\/10\/CosiFanTutte_291021_EnneviFoto0135-128x128.jpg"},"full":{"file":"CosiFanTutte_291021_EnneviFoto0135.jpg","width":3371,"height":2248,"mime_type":"","source_url":"https:\/\/www.gardaseezeitung.it\/gardaseezeitung_new\/de\/wp-content\/uploads\/sites\/2\/2021\/10\/CosiFanTutte_291021_EnneviFoto0135.jpg"}},"image_meta":{"aperture":"2.8","credit":"","camera":"X-T2","caption":"","created_timestamp":"1635526508","copyright":"","focal_length":"129.2","iso":"1250","shutter_speed":"0.00625","title":"","orientation":"1","keywords":[]}},"_links":{"self":[{"href":"https:\/\/www.gardaseezeitung.it\/gardaseezeitung_new\/de\/wp-json\/wp\/v2\/posts\/7762"}],"collection":[{"href":"https:\/\/www.gardaseezeitung.it\/gardaseezeitung_new\/de\/wp-json\/wp\/v2\/posts"}],"about":[{"href":"https:\/\/www.gardaseezeitung.it\/gardaseezeitung_new\/de\/wp-json\/wp\/v2\/types\/post"}],"author":[{"embeddable":true,"href":"https:\/\/www.gardaseezeitung.it\/gardaseezeitung_new\/de\/wp-json\/wp\/v2\/users\/9"}],"replies":[{"embeddable":true,"href":"https:\/\/www.gardaseezeitung.it\/gardaseezeitung_new\/de\/wp-json\/wp\/v2\/comments?post=7762"}],"version-history":[{"count":2,"href":"https:\/\/www.gardaseezeitung.it\/gardaseezeitung_new\/de\/wp-json\/wp\/v2\/posts\/7762\/revisions"}],"predecessor-version":[{"id":7767,"href":"https:\/\/www.gardaseezeitung.it\/gardaseezeitung_new\/de\/wp-json\/wp\/v2\/posts\/7762\/revisions\/7767"}],"wp:featuredmedia":[{"embeddable":true,"href":"https:\/\/www.gardaseezeitung.it\/gardaseezeitung_new\/de\/wp-json\/wp\/v2\/media\/7771"}],"wp:attachment":[{"href":"https:\/\/www.gardaseezeitung.it\/gardaseezeitung_new\/de\/wp-json\/wp\/v2\/media?parent=7762"}],"wp:term":[{"taxonomy":"category","embeddable":true,"href":"https:\/\/www.gardaseezeitung.it\/gardaseezeitung_new\/de\/wp-json\/wp\/v2\/categories?post=7762"},{"taxonomy":"post_tag","embeddable":true,"href":"https:\/\/www.gardaseezeitung.it\/gardaseezeitung_new\/de\/wp-json\/wp\/v2\/tags?post=7762"},{"taxonomy":"news-destination","embeddable":true,"href":"https:\/\/www.gardaseezeitung.it\/gardaseezeitung_new\/de\/wp-json\/wp\/v2\/news-destination?post=7762"},{"taxonomy":"news-source","embeddable":true,"href":"https:\/\/www.gardaseezeitung.it\/gardaseezeitung_new\/de\/wp-json\/wp\/v2\/news-source?post=7762"},{"taxonomy":"is_homepage","embeddable":true,"href":"https:\/\/www.gardaseezeitung.it\/gardaseezeitung_new\/de\/wp-json\/wp\/v2\/is_homepage?post=7762"},{"taxonomy":"ta_other","embeddable":true,"href":"https:\/\/www.gardaseezeitung.it\/gardaseezeitung_new\/de\/wp-json\/wp\/v2\/ta_other?post=7762"}],"curies":[{"name":"wp","href":"https:\/\/api.w.org\/{rel}","templated":true}]}}