{"id":7791,"date":"2021-11-04T16:44:12","date_gmt":"2021-11-04T15:44:12","guid":{"rendered":"http:\/\/euwp08.newsmemory.com\/gardaseezeitung_new\/de\/2021\/11\/04\/sommer-gardasee-der-lombardei-44-mehr-besucher-als-im-jahr-2020\/"},"modified":"2021-11-04T16:44:26","modified_gmt":"2021-06-07T16:44:26","slug":"sommer-gardasee-der-lombardei-44-mehr-besucher-als-im-jahr-2020","status":"publish","type":"post","link":"https:\/\/www.gardaseezeitung.it\/2021\/11\/04\/sommer-gardasee-der-lombardei-44-mehr-besucher-als-im-jahr-2020\/","title":{"rendered":"Sommer am Gardasee in der Lombardei: 44 % mehr Besucher als im Jahr 2020"},"content":{"rendered":"<p>&nbsp;<\/p>\n<p>Im vergangenen Sommer konnte die Valtenesi auf 1.456.000 Besucher z\u00e4hlen: ein Wachstum von 44 Prozent gegen\u00fcber 2020 und nur 11 Prozent weniger als 2019. Dies sind die Zahlen der Touristenpr\u00e4senz in den vier Gemeinden Manerba del Garda, Moniga, Padenghe und San Felice del Benaco in den Monaten Juni bis September. Manerba del Garda verzeichnete die besten Daten mit 492.054 Anwesenheiten (2019 waren es 478.908, 2020 308.672), San Felice schnitt gut ab: 107.941 Anwesenheiten im September.<\/p>\n<p>&nbsp;<\/p>\n","protected":false},"excerpt":{"rendered":"<p>Auch im September wirkten sich die guten Wetterbedingungen positiv auf die Valtenesi-Daten aus<\/p>\n","protected":false},"author":9,"featured_media":7790,"comment_status":"open","ping_status":"open","sticky":false,"template":"","format":"standard","meta":[],"categories":[2,3],"tags":[23,26,1431,1182,1432,634,822],"news-destination":[],"news-source":[],"is_homepage":[],"ta_other":[],"featured_media_details":{"width":1024,"height":724,"file":"2021\/11\/Valtenesi-4.jpg","sizes":{"thumbnail":{"file":"Valtenesi-4-150x150.jpg","width":150,"height":150,"mime-type":"image\/jpeg","source_url":"https:\/\/www.gardaseezeitung.it\/gardaseezeitung_new\/de\/wp-content\/uploads\/sites\/2\/2021\/11\/Valtenesi-4-150x150.jpg"},"medium":{"file":"Valtenesi-4-300x212.jpg","width":300,"height":212,"mime-type":"image\/jpeg","source_url":"https:\/\/www.gardaseezeitung.it\/gardaseezeitung_new\/de\/wp-content\/uploads\/sites\/2\/2021\/11\/Valtenesi-4-300x212.jpg"},"medium_large":{"file":"Valtenesi-4-768x543.jpg","width":768,"height":543,"mime-type":"image\/jpeg","source_url":"https:\/\/www.gardaseezeitung.it\/gardaseezeitung_new\/de\/wp-content\/uploads\/sites\/2\/2021\/11\/Valtenesi-4-768x543.jpg"},"large":{"file":"Valtenesi-4-1024x724.jpg","width":1024,"height":724,"mime-type":"image\/jpeg","source_url":"https:\/\/www.gardaseezeitung.it\/gardaseezeitung_new\/de\/wp-content\/uploads\/sites\/2\/2021\/11\/Valtenesi-4-1024x724.jpg"},"big_image":{"file":"Valtenesi-4-750x530.jpg","width":750,"height":530,"mime-type":"image\/jpeg","source_url":"https:\/\/www.gardaseezeitung.it\/gardaseezeitung_new\/de\/wp-content\/uploads\/sites\/2\/2021\/11\/Valtenesi-4-750x530.jpg"},"guest-author-32":{"file":"Valtenesi-4-32x32.jpg","width":32,"height":32,"mime-type":"image\/jpeg","source_url":"https:\/\/www.gardaseezeitung.it\/gardaseezeitung_new\/de\/wp-content\/uploads\/sites\/2\/2021\/11\/Valtenesi-4-32x32.jpg"},"guest-author-50":{"file":"Valtenesi-4-50x50.jpg","width":50,"height":50,"mime-type":"image\/jpeg","source_url":"https:\/\/www.gardaseezeitung.it\/gardaseezeitung_new\/de\/wp-content\/uploads\/sites\/2\/2021\/11\/Valtenesi-4-50x50.jpg"},"guest-author-64":{"file":"Valtenesi-4-64x64.jpg","width":64,"height":64,"mime-type":"image\/jpeg","source_url":"https:\/\/www.gardaseezeitung.it\/gardaseezeitung_new\/de\/wp-content\/uploads\/sites\/2\/2021\/11\/Valtenesi-4-64x64.jpg"},"guest-author-96":{"file":"Valtenesi-4-96x96.jpg","width":96,"height":96,"mime-type":"image\/jpeg","source_url":"https:\/\/www.gardaseezeitung.it\/gardaseezeitung_new\/de\/wp-content\/uploads\/sites\/2\/2021\/11\/Valtenesi-4-96x96.jpg"},"guest-author-128":{"file":"Valtenesi-4-128x128.jpg","width":128,"height":128,"mime-type":"image\/jpeg","source_url":"https:\/\/www.gardaseezeitung.it\/gardaseezeitung_new\/de\/wp-content\/uploads\/sites\/2\/2021\/11\/Valtenesi-4-128x128.jpg"},"full":{"file":"Valtenesi-4.jpg","width":1024,"height":724,"mime_type":"","source_url":"https:\/\/www.gardaseezeitung.it\/gardaseezeitung_new\/de\/wp-content\/uploads\/sites\/2\/2021\/11\/Valtenesi-4.jpg"}},"image_meta":{"aperture":"0","credit":"","camera":"","caption":"","created_timestamp":"0","copyright":"","focal_length":"0","iso":"0","shutter_speed":"0","title":"","orientation":"1","keywords":[]}},"_links":{"self":[{"href":"https:\/\/www.gardaseezeitung.it\/gardaseezeitung_new\/de\/wp-json\/wp\/v2\/posts\/7791"}],"collection":[{"href":"https:\/\/www.gardaseezeitung.it\/gardaseezeitung_new\/de\/wp-json\/wp\/v2\/posts"}],"about":[{"href":"https:\/\/www.gardaseezeitung.it\/gardaseezeitung_new\/de\/wp-json\/wp\/v2\/types\/post"}],"author":[{"embeddable":true,"href":"https:\/\/www.gardaseezeitung.it\/gardaseezeitung_new\/de\/wp-json\/wp\/v2\/users\/9"}],"replies":[{"embeddable":true,"href":"https:\/\/www.gardaseezeitung.it\/gardaseezeitung_new\/de\/wp-json\/wp\/v2\/comments?post=7791"}],"version-history":[{"count":1,"href":"https:\/\/www.gardaseezeitung.it\/gardaseezeitung_new\/de\/wp-json\/wp\/v2\/posts\/7791\/revisions"}],"predecessor-version":[{"id":7792,"href":"https:\/\/www.gardaseezeitung.it\/gardaseezeitung_new\/de\/wp-json\/wp\/v2\/posts\/7791\/revisions\/7792"}],"wp:featuredmedia":[{"embeddable":true,"href":"https:\/\/www.gardaseezeitung.it\/gardaseezeitung_new\/de\/wp-json\/wp\/v2\/media\/7790"}],"wp:attachment":[{"href":"https:\/\/www.gardaseezeitung.it\/gardaseezeitung_new\/de\/wp-json\/wp\/v2\/media?parent=7791"}],"wp:term":[{"taxonomy":"category","embeddable":true,"href":"https:\/\/www.gardaseezeitung.it\/gardaseezeitung_new\/de\/wp-json\/wp\/v2\/categories?post=7791"},{"taxonomy":"post_tag","embeddable":true,"href":"https:\/\/www.gardaseezeitung.it\/gardaseezeitung_new\/de\/wp-json\/wp\/v2\/tags?post=7791"},{"taxonomy":"news-destination","embeddable":true,"href":"https:\/\/www.gardaseezeitung.it\/gardaseezeitung_new\/de\/wp-json\/wp\/v2\/news-destination?post=7791"},{"taxonomy":"news-source","embeddable":true,"href":"https:\/\/www.gardaseezeitung.it\/gardaseezeitung_new\/de\/wp-json\/wp\/v2\/news-source?post=7791"},{"taxonomy":"is_homepage","embeddable":true,"href":"https:\/\/www.gardaseezeitung.it\/gardaseezeitung_new\/de\/wp-json\/wp\/v2\/is_homepage?post=7791"},{"taxonomy":"ta_other","embeddable":true,"href":"https:\/\/www.gardaseezeitung.it\/gardaseezeitung_new\/de\/wp-json\/wp\/v2\/ta_other?post=7791"}],"curies":[{"name":"wp","href":"https:\/\/api.w.org\/{rel}","templated":true}]}}