{"id":7837,"date":"2021-11-06T10:12:18","date_gmt":"2021-11-06T09:12:18","guid":{"rendered":"http:\/\/euwp08.newsmemory.com\/gardaseezeitung_new\/de\/2021\/11\/06\/wer-gewinnt-den-sirmione-photo-marathon-und-die-gardasee-photo-challenge\/"},"modified":"2021-11-06T10:12:47","modified_gmt":"2021-06-09T10:12:47","slug":"wer-gewinnt-den-sirmione-photo-marathon-und-die-gardasee-photo-challenge","status":"publish","type":"post","link":"https:\/\/www.gardaseezeitung.it\/2021\/11\/06\/wer-gewinnt-den-sirmione-photo-marathon-und-die-gardasee-photo-challenge\/","title":{"rendered":"Wer gewinnt den Sirmione Photo Marathon und die Gardasee Photo Challenge?"},"content":{"rendered":"<p>&nbsp;<\/p>\n<p>Die letzten beiden Termine der zw\u00f6lften Ausgabe des Preises f\u00fcr Fotografie von Sirmione waren ein gro\u00dfer Erfolg: Der Fotomarathon von Sirmione verzeichnete 200 Teilnehmer und 658 Fotos im Wettbewerb, der Fotowettbewerb des Gardasees 250 Teilnehmer und 822 Fotos. Bei dieser Ausgabe gab es auch einige Neuheiten, wie zum Beispiel das neue Thema des Gardasee-Foto-Wettbewerbs &#8211; Die Gardasee-Luft &#8211; ein Thema, das durch das Projekt Sirmione Callas 2123 inspiriert wurde. Die Jury hat sich sofort an die Arbeit gemacht, um die Siegerfotos auszuw\u00e4hlen; die Preisverleihung ist f\u00fcr Sonntag, den 12. Dezember im Palazzo dei Congressi geplant.<\/p>\n<p>Der Preis von Sirmione f\u00fcr Fotografie hat 4 Fotowettbewerbe reserviert, die Sirmione und dem Gardasee gewidmet sind: Herausforderungen f\u00fcr Fotografie-Enthusiasten und -Experten, Touristen und alle Liebhaber des Gardasees. Zuvor gab es bereits den Block Notes Photo Contest im Fr\u00fchjahr und den Sirmione 10% Photo Marathon, einen schnellen einst\u00fcndigen Fotomarathon, der Anfang Juli anl\u00e4sslich der Er\u00f6ffnung der Ausstellung Ouverture stattfand.<br \/>\nDie Gewinner des <a href=\"https:\/\/sirmionebs.it\/tutte-le-arie-del-block-notes-photo-contest-maggio-2021\/\">Block Notes Photo Contest 2021<\/a><br \/>\nDie Gewinner des <a href=\"https:\/\/sirmionebs.it\/alberi-i-4-vincitori-della-sirmione-10-photo-marathon-maggio-2021\/\">Sirmione 10% Photo Marathon 2021<\/a><br \/>\nDie Gewinner des <a href=\"https:\/\/sirmionebs.it\/svelati-i-vincitori-del-premio-sirmione-per-la-fotografia-2020-dicembre-2020\/\">Premio Sirmione per la Fotografia 2020<\/a><\/p>\n<p>&nbsp;<\/p>\n","protected":false},"excerpt":{"rendered":"<p>Die Jury w\u00e4hlt die besten Aufnahmen aus den 1480 Fotos aus, die am Wettbewerb teilgenommen haben<\/p>\n","protected":false},"author":9,"featured_media":7836,"comment_status":"open","ping_status":"open","sticky":false,"template":"","format":"standard","meta":[],"categories":[2,6,3],"tags":[45,1477,23,26,1478,180,31,565],"news-destination":[],"news-source":[],"is_homepage":[],"ta_other":[],"featured_media_details":{"width":1200,"height":750,"file":"2021\/11\/8x5-BLOCK-NOTES-2020-04-Hotel-Mauro-Zorer.jpg","sizes":{"thumbnail":{"file":"8x5-BLOCK-NOTES-2020-04-Hotel-Mauro-Zorer-150x150.jpg","width":150,"height":150,"mime-type":"image\/jpeg","source_url":"https:\/\/www.gardaseezeitung.it\/gardaseezeitung_new\/de\/wp-content\/uploads\/sites\/2\/2021\/11\/8x5-BLOCK-NOTES-2020-04-Hotel-Mauro-Zorer-150x150.jpg"},"medium":{"file":"8x5-BLOCK-NOTES-2020-04-Hotel-Mauro-Zorer-300x188.jpg","width":300,"height":188,"mime-type":"image\/jpeg","source_url":"https:\/\/www.gardaseezeitung.it\/gardaseezeitung_new\/de\/wp-content\/uploads\/sites\/2\/2021\/11\/8x5-BLOCK-NOTES-2020-04-Hotel-Mauro-Zorer-300x188.jpg"},"medium_large":{"file":"8x5-BLOCK-NOTES-2020-04-Hotel-Mauro-Zorer-768x480.jpg","width":768,"height":480,"mime-type":"image\/jpeg","source_url":"https:\/\/www.gardaseezeitung.it\/gardaseezeitung_new\/de\/wp-content\/uploads\/sites\/2\/2021\/11\/8x5-BLOCK-NOTES-2020-04-Hotel-Mauro-Zorer-768x480.jpg"},"large":{"file":"8x5-BLOCK-NOTES-2020-04-Hotel-Mauro-Zorer-1024x640.jpg","width":1024,"height":640,"mime-type":"image\/jpeg","source_url":"https:\/\/www.gardaseezeitung.it\/gardaseezeitung_new\/de\/wp-content\/uploads\/sites\/2\/2021\/11\/8x5-BLOCK-NOTES-2020-04-Hotel-Mauro-Zorer-1024x640.jpg"},"big_image":{"file":"8x5-BLOCK-NOTES-2020-04-Hotel-Mauro-Zorer-750x469.jpg","width":750,"height":469,"mime-type":"image\/jpeg","source_url":"https:\/\/www.gardaseezeitung.it\/gardaseezeitung_new\/de\/wp-content\/uploads\/sites\/2\/2021\/11\/8x5-BLOCK-NOTES-2020-04-Hotel-Mauro-Zorer-750x469.jpg"},"guest-author-32":{"file":"8x5-BLOCK-NOTES-2020-04-Hotel-Mauro-Zorer-32x32.jpg","width":32,"height":32,"mime-type":"image\/jpeg","source_url":"https:\/\/www.gardaseezeitung.it\/gardaseezeitung_new\/de\/wp-content\/uploads\/sites\/2\/2021\/11\/8x5-BLOCK-NOTES-2020-04-Hotel-Mauro-Zorer-32x32.jpg"},"guest-author-50":{"file":"8x5-BLOCK-NOTES-2020-04-Hotel-Mauro-Zorer-50x50.jpg","width":50,"height":50,"mime-type":"image\/jpeg","source_url":"https:\/\/www.gardaseezeitung.it\/gardaseezeitung_new\/de\/wp-content\/uploads\/sites\/2\/2021\/11\/8x5-BLOCK-NOTES-2020-04-Hotel-Mauro-Zorer-50x50.jpg"},"guest-author-64":{"file":"8x5-BLOCK-NOTES-2020-04-Hotel-Mauro-Zorer-64x64.jpg","width":64,"height":64,"mime-type":"image\/jpeg","source_url":"https:\/\/www.gardaseezeitung.it\/gardaseezeitung_new\/de\/wp-content\/uploads\/sites\/2\/2021\/11\/8x5-BLOCK-NOTES-2020-04-Hotel-Mauro-Zorer-64x64.jpg"},"guest-author-96":{"file":"8x5-BLOCK-NOTES-2020-04-Hotel-Mauro-Zorer-96x96.jpg","width":96,"height":96,"mime-type":"image\/jpeg","source_url":"https:\/\/www.gardaseezeitung.it\/gardaseezeitung_new\/de\/wp-content\/uploads\/sites\/2\/2021\/11\/8x5-BLOCK-NOTES-2020-04-Hotel-Mauro-Zorer-96x96.jpg"},"guest-author-128":{"file":"8x5-BLOCK-NOTES-2020-04-Hotel-Mauro-Zorer-128x128.jpg","width":128,"height":128,"mime-type":"image\/jpeg","source_url":"https:\/\/www.gardaseezeitung.it\/gardaseezeitung_new\/de\/wp-content\/uploads\/sites\/2\/2021\/11\/8x5-BLOCK-NOTES-2020-04-Hotel-Mauro-Zorer-128x128.jpg"},"full":{"file":"8x5-BLOCK-NOTES-2020-04-Hotel-Mauro-Zorer.jpg","width":1200,"height":750,"mime_type":"","source_url":"https:\/\/www.gardaseezeitung.it\/gardaseezeitung_new\/de\/wp-content\/uploads\/sites\/2\/2021\/11\/8x5-BLOCK-NOTES-2020-04-Hotel-Mauro-Zorer.jpg"}},"image_meta":{"aperture":"0","credit":"","camera":"","caption":"","created_timestamp":"0","copyright":"","focal_length":"0","iso":"0","shutter_speed":"0","title":"","orientation":"0","keywords":[]}},"_links":{"self":[{"href":"https:\/\/www.gardaseezeitung.it\/gardaseezeitung_new\/de\/wp-json\/wp\/v2\/posts\/7837"}],"collection":[{"href":"https:\/\/www.gardaseezeitung.it\/gardaseezeitung_new\/de\/wp-json\/wp\/v2\/posts"}],"about":[{"href":"https:\/\/www.gardaseezeitung.it\/gardaseezeitung_new\/de\/wp-json\/wp\/v2\/types\/post"}],"author":[{"embeddable":true,"href":"https:\/\/www.gardaseezeitung.it\/gardaseezeitung_new\/de\/wp-json\/wp\/v2\/users\/9"}],"replies":[{"embeddable":true,"href":"https:\/\/www.gardaseezeitung.it\/gardaseezeitung_new\/de\/wp-json\/wp\/v2\/comments?post=7837"}],"version-history":[{"count":1,"href":"https:\/\/www.gardaseezeitung.it\/gardaseezeitung_new\/de\/wp-json\/wp\/v2\/posts\/7837\/revisions"}],"predecessor-version":[{"id":7838,"href":"https:\/\/www.gardaseezeitung.it\/gardaseezeitung_new\/de\/wp-json\/wp\/v2\/posts\/7837\/revisions\/7838"}],"wp:featuredmedia":[{"embeddable":true,"href":"https:\/\/www.gardaseezeitung.it\/gardaseezeitung_new\/de\/wp-json\/wp\/v2\/media\/7836"}],"wp:attachment":[{"href":"https:\/\/www.gardaseezeitung.it\/gardaseezeitung_new\/de\/wp-json\/wp\/v2\/media?parent=7837"}],"wp:term":[{"taxonomy":"category","embeddable":true,"href":"https:\/\/www.gardaseezeitung.it\/gardaseezeitung_new\/de\/wp-json\/wp\/v2\/categories?post=7837"},{"taxonomy":"post_tag","embeddable":true,"href":"https:\/\/www.gardaseezeitung.it\/gardaseezeitung_new\/de\/wp-json\/wp\/v2\/tags?post=7837"},{"taxonomy":"news-destination","embeddable":true,"href":"https:\/\/www.gardaseezeitung.it\/gardaseezeitung_new\/de\/wp-json\/wp\/v2\/news-destination?post=7837"},{"taxonomy":"news-source","embeddable":true,"href":"https:\/\/www.gardaseezeitung.it\/gardaseezeitung_new\/de\/wp-json\/wp\/v2\/news-source?post=7837"},{"taxonomy":"is_homepage","embeddable":true,"href":"https:\/\/www.gardaseezeitung.it\/gardaseezeitung_new\/de\/wp-json\/wp\/v2\/is_homepage?post=7837"},{"taxonomy":"ta_other","embeddable":true,"href":"https:\/\/www.gardaseezeitung.it\/gardaseezeitung_new\/de\/wp-json\/wp\/v2\/ta_other?post=7837"}],"curies":[{"name":"wp","href":"https:\/\/api.w.org\/{rel}","templated":true}]}}