{"id":7840,"date":"2021-11-06T13:17:54","date_gmt":"2021-11-06T12:17:54","guid":{"rendered":"http:\/\/euwp08.newsmemory.com\/gardaseezeitung_new\/de\/2021\/11\/06\/mit-dem-zug-der-db-oebb-zu-den-weihnachtsmaerkten-trentino-suedtirol-tirol-und-bayern\/"},"modified":"2021-11-06T13:18:02","modified_gmt":"2021-06-09T13:18:02","slug":"mit-dem-zug-der-db-oebb-zu-den-weihnachtsmaerkten-trentino-suedtirol-tirol-und-bayern","status":"publish","type":"post","link":"https:\/\/www.gardaseezeitung.it\/2021\/11\/06\/mit-dem-zug-der-db-oebb-zu-den-weihnachtsmaerkten-trentino-suedtirol-tirol-und-bayern\/","title":{"rendered":"Mit dem Zug der Db-\u00d6bb zu den Weihnachtsm\u00e4rkten in Trentino-S\u00fcdtirol, Tirol und Bayern"},"content":{"rendered":"<p>&nbsp;<\/p>\n<p>Die \u00d6sterreichischen Bundesbahnen nehmen in Zusammenarbeit mit der Deutschen Bundesbahn ihre t\u00e4glichen Verbindungen nach Rovereto, Trient, Bozen, Brixen, Innsbruck und M\u00fcnchen wieder auf, die mit EuroCity-Z\u00fcgen gew\u00e4hrleistet werden. Die Z\u00fcge fahren alle \u00fcber Verona, und die Tarife sind so gestaltet, dass der Zug im Vergleich zum Auto sowohl zeitlich als auch preislich konkurrenzf\u00e4hig ist, und das in einer Zeit (November und Dezember), in der traditionell viel los ist. Nat\u00fcrlich ist die Nutzung des gr\u00fcnen Passes obligatorisch. Die M\u00e4rkte finden in Innsbruck vom 15. November bis 23. Dezember, in Trient vom 20. November bis 9. Januar und in Bozen, Brixen und Rovereto vom 26. November bis 6. Januar statt. Wenn Sie im Voraus buchen, k\u00f6nnen Sie sehr g\u00fcnstige Preise erhalten. Informationen: megliointreno.it, \u00fcber die Vorverkaufsstellen und die Partnerreiseb\u00fcros Db, \u00d6bb und Trenitalia, das Db-\u00d6bb-Callcenter 02-67479578.<\/p>\n<p>Nat\u00fcrlich ist das Angebot in Innsbruck am reichhaltigsten: In der \u00f6sterreichischen Stadt beginnen die Feierlichkeiten bereits am Wochenende mit der Lumagica, die ab morgen mit ihren mehr als dreihundert Leuchtobjekten im pr\u00e4chtigen Corte Hofgarten im Mittelpunkt steht. Ab Mitte November \u00f6ffnen sieben Weihnachtsm\u00e4rkte ihre Pforten, die entlang einer eindrucksvollen Route mit nicht weniger als zweihundert St\u00e4nden und mehr als dreihundert weihnachtlichen Veranstaltungen besucht werden k\u00f6nnen. \u00d6ffnungszeiten: von 11 Uhr bis 21 Uhr.<\/p>\n<p>&nbsp;<\/p>\n","protected":false},"excerpt":{"rendered":"<p>F\u00fcnf t\u00e4gliche EuroCity-Verbindungen zwischen Innsbruck und M\u00fcnchen und dem Gardasee<\/p>\n","protected":false},"author":9,"featured_media":7839,"comment_status":"open","ping_status":"open","sticky":false,"template":"","format":"standard","meta":[],"categories":[2,4,5],"tags":[1479,1480,1481,1482,1483,710,23,26,341,1484,1485,779,404,1486],"news-destination":[],"news-source":[],"is_homepage":[],"ta_other":[],"featured_media_details":{"width":1240,"height":827,"file":"2021\/11\/DB77209.jpg","sizes":{"thumbnail":{"file":"DB77209-150x150.jpg","width":150,"height":150,"mime-type":"image\/jpeg","source_url":"https:\/\/www.gardaseezeitung.it\/gardaseezeitung_new\/de\/wp-content\/uploads\/sites\/2\/2021\/11\/DB77209-150x150.jpg"},"medium":{"file":"DB77209-300x200.jpg","width":300,"height":200,"mime-type":"image\/jpeg","source_url":"https:\/\/www.gardaseezeitung.it\/gardaseezeitung_new\/de\/wp-content\/uploads\/sites\/2\/2021\/11\/DB77209-300x200.jpg"},"medium_large":{"file":"DB77209-768x512.jpg","width":768,"height":512,"mime-type":"image\/jpeg","source_url":"https:\/\/www.gardaseezeitung.it\/gardaseezeitung_new\/de\/wp-content\/uploads\/sites\/2\/2021\/11\/DB77209-768x512.jpg"},"large":{"file":"DB77209-1024x683.jpg","width":1024,"height":683,"mime-type":"image\/jpeg","source_url":"https:\/\/www.gardaseezeitung.it\/gardaseezeitung_new\/de\/wp-content\/uploads\/sites\/2\/2021\/11\/DB77209-1024x683.jpg"},"big_image":{"file":"DB77209-750x500.jpg","width":750,"height":500,"mime-type":"image\/jpeg","source_url":"https:\/\/www.gardaseezeitung.it\/gardaseezeitung_new\/de\/wp-content\/uploads\/sites\/2\/2021\/11\/DB77209-750x500.jpg"},"guest-author-32":{"file":"DB77209-32x32.jpg","width":32,"height":32,"mime-type":"image\/jpeg","source_url":"https:\/\/www.gardaseezeitung.it\/gardaseezeitung_new\/de\/wp-content\/uploads\/sites\/2\/2021\/11\/DB77209-32x32.jpg"},"guest-author-50":{"file":"DB77209-50x50.jpg","width":50,"height":50,"mime-type":"image\/jpeg","source_url":"https:\/\/www.gardaseezeitung.it\/gardaseezeitung_new\/de\/wp-content\/uploads\/sites\/2\/2021\/11\/DB77209-50x50.jpg"},"guest-author-64":{"file":"DB77209-64x64.jpg","width":64,"height":64,"mime-type":"image\/jpeg","source_url":"https:\/\/www.gardaseezeitung.it\/gardaseezeitung_new\/de\/wp-content\/uploads\/sites\/2\/2021\/11\/DB77209-64x64.jpg"},"guest-author-96":{"file":"DB77209-96x96.jpg","width":96,"height":96,"mime-type":"image\/jpeg","source_url":"https:\/\/www.gardaseezeitung.it\/gardaseezeitung_new\/de\/wp-content\/uploads\/sites\/2\/2021\/11\/DB77209-96x96.jpg"},"guest-author-128":{"file":"DB77209-128x128.jpg","width":128,"height":128,"mime-type":"image\/jpeg","source_url":"https:\/\/www.gardaseezeitung.it\/gardaseezeitung_new\/de\/wp-content\/uploads\/sites\/2\/2021\/11\/DB77209-128x128.jpg"},"full":{"file":"DB77209.jpg","width":1240,"height":827,"mime_type":"","source_url":"https:\/\/www.gardaseezeitung.it\/gardaseezeitung_new\/de\/wp-content\/uploads\/sites\/2\/2021\/11\/DB77209.jpg"}},"image_meta":{"aperture":"6.3","credit":"Deutsche Bahn AG","camera":"","caption":"<p>DB-\u00d6BB EC M\u00fcnchen - Verona bei St. Jodok am Brenner mit \u00d6BB  Ellok Baureihe 1216 (Taurus). Seit Dezember 2009 f\u00fchren DB und \u00d6BB  gemeinsam mit der italienischen Bahngesellschaft FNM den  Brennerverkehr nach Italien durch. Ziel der beteiligten  Bahngesellschaften ist es, f\u00fcr die Fahrg\u00e4ste den Italienverkehr  attraktiv zu gestalten.<\/p>","created_timestamp":"0","copyright":"","focal_length":"19","iso":"250","shutter_speed":"0.0015625","title":"Nur noch wenige Minuten bis zum Brenner","orientation":"1","keywords":["Grenz\u00fcberschreitender Personenverkehr","Eurocity","\u00d6BB - \u00d6sterreichische Bundesbahnen","DB Fernverkehr","Verkehr und Transport","Rootknoten","\u00d6sterreich","Kooperation","Fernverkehr","Ellok",""]}},"_links":{"self":[{"href":"https:\/\/www.gardaseezeitung.it\/gardaseezeitung_new\/de\/wp-json\/wp\/v2\/posts\/7840"}],"collection":[{"href":"https:\/\/www.gardaseezeitung.it\/gardaseezeitung_new\/de\/wp-json\/wp\/v2\/posts"}],"about":[{"href":"https:\/\/www.gardaseezeitung.it\/gardaseezeitung_new\/de\/wp-json\/wp\/v2\/types\/post"}],"author":[{"embeddable":true,"href":"https:\/\/www.gardaseezeitung.it\/gardaseezeitung_new\/de\/wp-json\/wp\/v2\/users\/9"}],"replies":[{"embeddable":true,"href":"https:\/\/www.gardaseezeitung.it\/gardaseezeitung_new\/de\/wp-json\/wp\/v2\/comments?post=7840"}],"version-history":[{"count":1,"href":"https:\/\/www.gardaseezeitung.it\/gardaseezeitung_new\/de\/wp-json\/wp\/v2\/posts\/7840\/revisions"}],"predecessor-version":[{"id":7841,"href":"https:\/\/www.gardaseezeitung.it\/gardaseezeitung_new\/de\/wp-json\/wp\/v2\/posts\/7840\/revisions\/7841"}],"wp:featuredmedia":[{"embeddable":true,"href":"https:\/\/www.gardaseezeitung.it\/gardaseezeitung_new\/de\/wp-json\/wp\/v2\/media\/7839"}],"wp:attachment":[{"href":"https:\/\/www.gardaseezeitung.it\/gardaseezeitung_new\/de\/wp-json\/wp\/v2\/media?parent=7840"}],"wp:term":[{"taxonomy":"category","embeddable":true,"href":"https:\/\/www.gardaseezeitung.it\/gardaseezeitung_new\/de\/wp-json\/wp\/v2\/categories?post=7840"},{"taxonomy":"post_tag","embeddable":true,"href":"https:\/\/www.gardaseezeitung.it\/gardaseezeitung_new\/de\/wp-json\/wp\/v2\/tags?post=7840"},{"taxonomy":"news-destination","embeddable":true,"href":"https:\/\/www.gardaseezeitung.it\/gardaseezeitung_new\/de\/wp-json\/wp\/v2\/news-destination?post=7840"},{"taxonomy":"news-source","embeddable":true,"href":"https:\/\/www.gardaseezeitung.it\/gardaseezeitung_new\/de\/wp-json\/wp\/v2\/news-source?post=7840"},{"taxonomy":"is_homepage","embeddable":true,"href":"https:\/\/www.gardaseezeitung.it\/gardaseezeitung_new\/de\/wp-json\/wp\/v2\/is_homepage?post=7840"},{"taxonomy":"ta_other","embeddable":true,"href":"https:\/\/www.gardaseezeitung.it\/gardaseezeitung_new\/de\/wp-json\/wp\/v2\/ta_other?post=7840"}],"curies":[{"name":"wp","href":"https:\/\/api.w.org\/{rel}","templated":true}]}}