{"id":7854,"date":"2021-11-07T09:40:30","date_gmt":"2021-11-07T08:40:30","guid":{"rendered":"http:\/\/euwp08.newsmemory.com\/gardaseezeitung_new\/de\/2021\/11\/07\/perle-scaligere-historische-autos-zwischen-gardasee-und-valpolicella\/"},"modified":"2021-11-07T09:40:47","modified_gmt":"2021-06-10T09:40:47","slug":"perle-scaligere-historische-autos-zwischen-gardasee-und-valpolicella","status":"publish","type":"post","link":"https:\/\/www.gardaseezeitung.it\/2021\/11\/07\/perle-scaligere-historische-autos-zwischen-gardasee-und-valpolicella\/","title":{"rendered":"&#8222;Perle Scaligere&#8220;: historische Autos zwischen Gardasee und Valpolicella"},"content":{"rendered":"<p>&nbsp;<\/p>\n<p>Die &#8222;Perle Scaligere&#8220; (Scaliger Perlen) kommen ins Valpolicella: So hei\u00dft die Veranstaltung f\u00fcr ausgew\u00e4hlte historische Fahrzeuge, die im Rahmen der nationalen Rundfahrt &#8222;Ruote nella storia&#8220; (R\u00e4der in der Geschichte) organisiert wird und durch die sch\u00f6nsten italienischen D\u00f6rfer f\u00fchrt. Die f\u00fcr die Herbstrallye angemeldeten Oldtimer, die zahlreiche Teilnehmer angezogen hat, werden von 9 bis 10 Uhr in Lazise zu sehen sein, bevor sie sich auf eine Rundfahrt durch die Landschaften, die Kunst, die Kultur und den Geschmack des Gardasees, des Valdadige und des Valpolicella begeben. Lazise ist der erste Ort, an dem die farbenfrohe und festliche Karawane der Perle Scaligere zu sehen sein wird, die hier vor dem Start die Vorbereitungen treffen wird, damit die Einwohner Veronas und die Touristen einen Blick auf die Autos werfen k\u00f6nnen. Um 10.00 Uhr verabschieden sich die Mannschaften vom Seeufer und den engen Gassen der mittelalterlichen Stadt, um in Richtung Valpolicella zu fahren, die alte R\u00f6merstra\u00dfe Claudia Augusta zu \u00fcberqueren und um 11.30 Uhr in dem Dorf San Giorgio Ingannapoltron anzukommen, das seit 2015 zum Verein Borghi pi\u00f9 belli d&#8217;Italia geh\u00f6rt. Die Teilnehmer von Perle Scaligere k\u00f6nnen vom Weiler Sant&#8217;Ambrogio aus ein Panorama bewundern, das von Verona bis zum See, von der Veroneser Ebene bis zum toskanisch-emilianischen Apennin reicht, mit einem obligatorischen Besuch der langobardisch-romanischen Pfarrkirche. Die Besucher des Dorfes k\u00f6nnen die Autos aus n\u00e4chster N\u00e4he betrachten, darunter auch seltene Modelle, die live zu sehen sind. Zum Abschluss der Veranstaltung werden die Besatzungen in einer Valpolicella-Weinkellerei Halt machen, ein unbedingtes Muss f\u00fcr alle, die dieses Gebiet und sein wichtigstes Produkt kennen lernen m\u00f6chten.<\/p>\n<p>&nbsp;<\/p>\n","protected":false},"excerpt":{"rendered":"<p>7. November: &#8222;R\u00e4der in der Geschichte&#8220;, ein Treffen f\u00fcr Oldtimersammler am Gardasee<\/p>\n","protected":false},"author":9,"featured_media":7856,"comment_status":"open","ping_status":"open","sticky":false,"template":"","format":"standard","meta":[],"categories":[2,4,3],"tags":[1511,639,23,26,343,1512,1513,1514,1515,642,84,38,1516],"news-destination":[],"news-source":[],"is_homepage":[],"ta_other":[],"featured_media_details":{"width":1100,"height":350,"file":"2021\/11\/gardaclassicshow.jpg","sizes":{"thumbnail":{"file":"gardaclassicshow-150x150.jpg","width":150,"height":150,"mime-type":"image\/jpeg","source_url":"https:\/\/www.gardaseezeitung.it\/gardaseezeitung_new\/de\/wp-content\/uploads\/sites\/2\/2021\/11\/gardaclassicshow-150x150.jpg"},"medium":{"file":"gardaclassicshow-300x95.jpg","width":300,"height":95,"mime-type":"image\/jpeg","source_url":"https:\/\/www.gardaseezeitung.it\/gardaseezeitung_new\/de\/wp-content\/uploads\/sites\/2\/2021\/11\/gardaclassicshow-300x95.jpg"},"medium_large":{"file":"gardaclassicshow-768x244.jpg","width":768,"height":244,"mime-type":"image\/jpeg","source_url":"https:\/\/www.gardaseezeitung.it\/gardaseezeitung_new\/de\/wp-content\/uploads\/sites\/2\/2021\/11\/gardaclassicshow-768x244.jpg"},"large":{"file":"gardaclassicshow-1024x326.jpg","width":1024,"height":326,"mime-type":"image\/jpeg","source_url":"https:\/\/www.gardaseezeitung.it\/gardaseezeitung_new\/de\/wp-content\/uploads\/sites\/2\/2021\/11\/gardaclassicshow-1024x326.jpg"},"big_image":{"file":"gardaclassicshow-750x239.jpg","width":750,"height":239,"mime-type":"image\/jpeg","source_url":"https:\/\/www.gardaseezeitung.it\/gardaseezeitung_new\/de\/wp-content\/uploads\/sites\/2\/2021\/11\/gardaclassicshow-750x239.jpg"},"guest-author-32":{"file":"gardaclassicshow-32x32.jpg","width":32,"height":32,"mime-type":"image\/jpeg","source_url":"https:\/\/www.gardaseezeitung.it\/gardaseezeitung_new\/de\/wp-content\/uploads\/sites\/2\/2021\/11\/gardaclassicshow-32x32.jpg"},"guest-author-50":{"file":"gardaclassicshow-50x50.jpg","width":50,"height":50,"mime-type":"image\/jpeg","source_url":"https:\/\/www.gardaseezeitung.it\/gardaseezeitung_new\/de\/wp-content\/uploads\/sites\/2\/2021\/11\/gardaclassicshow-50x50.jpg"},"guest-author-64":{"file":"gardaclassicshow-64x64.jpg","width":64,"height":64,"mime-type":"image\/jpeg","source_url":"https:\/\/www.gardaseezeitung.it\/gardaseezeitung_new\/de\/wp-content\/uploads\/sites\/2\/2021\/11\/gardaclassicshow-64x64.jpg"},"guest-author-96":{"file":"gardaclassicshow-96x96.jpg","width":96,"height":96,"mime-type":"image\/jpeg","source_url":"https:\/\/www.gardaseezeitung.it\/gardaseezeitung_new\/de\/wp-content\/uploads\/sites\/2\/2021\/11\/gardaclassicshow-96x96.jpg"},"guest-author-128":{"file":"gardaclassicshow-128x128.jpg","width":128,"height":128,"mime-type":"image\/jpeg","source_url":"https:\/\/www.gardaseezeitung.it\/gardaseezeitung_new\/de\/wp-content\/uploads\/sites\/2\/2021\/11\/gardaclassicshow-128x128.jpg"},"full":{"file":"gardaclassicshow.jpg","width":1100,"height":350,"mime_type":"","source_url":"https:\/\/www.gardaseezeitung.it\/gardaseezeitung_new\/de\/wp-content\/uploads\/sites\/2\/2021\/11\/gardaclassicshow.jpg"}},"image_meta":{"aperture":"0","credit":"","camera":"","caption":"","created_timestamp":"0","copyright":"","focal_length":"0","iso":"0","shutter_speed":"0","title":"","orientation":"1","keywords":[]}},"_links":{"self":[{"href":"https:\/\/www.gardaseezeitung.it\/gardaseezeitung_new\/de\/wp-json\/wp\/v2\/posts\/7854"}],"collection":[{"href":"https:\/\/www.gardaseezeitung.it\/gardaseezeitung_new\/de\/wp-json\/wp\/v2\/posts"}],"about":[{"href":"https:\/\/www.gardaseezeitung.it\/gardaseezeitung_new\/de\/wp-json\/wp\/v2\/types\/post"}],"author":[{"embeddable":true,"href":"https:\/\/www.gardaseezeitung.it\/gardaseezeitung_new\/de\/wp-json\/wp\/v2\/users\/9"}],"replies":[{"embeddable":true,"href":"https:\/\/www.gardaseezeitung.it\/gardaseezeitung_new\/de\/wp-json\/wp\/v2\/comments?post=7854"}],"version-history":[{"count":1,"href":"https:\/\/www.gardaseezeitung.it\/gardaseezeitung_new\/de\/wp-json\/wp\/v2\/posts\/7854\/revisions"}],"predecessor-version":[{"id":7855,"href":"https:\/\/www.gardaseezeitung.it\/gardaseezeitung_new\/de\/wp-json\/wp\/v2\/posts\/7854\/revisions\/7855"}],"wp:featuredmedia":[{"embeddable":true,"href":"https:\/\/www.gardaseezeitung.it\/gardaseezeitung_new\/de\/wp-json\/wp\/v2\/media\/7856"}],"wp:attachment":[{"href":"https:\/\/www.gardaseezeitung.it\/gardaseezeitung_new\/de\/wp-json\/wp\/v2\/media?parent=7854"}],"wp:term":[{"taxonomy":"category","embeddable":true,"href":"https:\/\/www.gardaseezeitung.it\/gardaseezeitung_new\/de\/wp-json\/wp\/v2\/categories?post=7854"},{"taxonomy":"post_tag","embeddable":true,"href":"https:\/\/www.gardaseezeitung.it\/gardaseezeitung_new\/de\/wp-json\/wp\/v2\/tags?post=7854"},{"taxonomy":"news-destination","embeddable":true,"href":"https:\/\/www.gardaseezeitung.it\/gardaseezeitung_new\/de\/wp-json\/wp\/v2\/news-destination?post=7854"},{"taxonomy":"news-source","embeddable":true,"href":"https:\/\/www.gardaseezeitung.it\/gardaseezeitung_new\/de\/wp-json\/wp\/v2\/news-source?post=7854"},{"taxonomy":"is_homepage","embeddable":true,"href":"https:\/\/www.gardaseezeitung.it\/gardaseezeitung_new\/de\/wp-json\/wp\/v2\/is_homepage?post=7854"},{"taxonomy":"ta_other","embeddable":true,"href":"https:\/\/www.gardaseezeitung.it\/gardaseezeitung_new\/de\/wp-json\/wp\/v2\/ta_other?post=7854"}],"curies":[{"name":"wp","href":"https:\/\/api.w.org\/{rel}","templated":true}]}}