{"id":7864,"date":"2021-11-08T11:26:19","date_gmt":"2021-11-08T10:26:19","guid":{"rendered":"http:\/\/euwp08.newsmemory.com\/gardaseezeitung_new\/de\/2021\/11\/08\/riva-del-garda-14-november-garda-trentino-halbmarathon\/"},"modified":"2021-11-08T11:26:21","modified_gmt":"2021-06-11T11:26:21","slug":"riva-del-garda-14-november-garda-trentino-halbmarathon","status":"publish","type":"post","link":"https:\/\/www.gardaseezeitung.it\/2021\/11\/08\/riva-del-garda-14-november-garda-trentino-halbmarathon\/","title":{"rendered":"Riva del Garda, 14. November: Garda Trentino Halbmarathon"},"content":{"rendered":"<p>&nbsp;<\/p>\n<p>Die Teilnehmer f\u00fchrt die Marathonstrecke durch einmalige Landschaften. Auf dem Programm stehen vier verschiedene Wettk\u00e4mpfe: der 21K, der 10K, der 5K und der Kids Garda Run. Der f\u00fcr die kleinen Sportler gedachte Run findet am 13. November statt. Der Startschuss f\u00e4llt um 15 Uhr auf der Piazza 3 Novembre in Riva del Garda. Die kleinen Athleten f\u00fchrt es durch die Altstadt von Riva, bevor sie wieder auf der Piazza 3 Novembre ankommen. Geplant ist f\u00fcr die Kinder auch Animation mit Clowns und Stelzenl\u00e4ufern. F\u00fcr das leibliche Wohl wird mit Brot und Schokolade gesorgt. Der Startschuss zum Halbmarathon f\u00e4llt am 14. November um 10.15 Uhr im Ortsteil Baltera in Riva. Ziel des Rennens ist die Piazza 3 Novembre. Die 10K startet hingegen um 9.30 Uhr auf dem Piazzale Segantini in Arco. Von hier geht es zur Piazza 3 Novembre in Riva. Die 5K startet hingegen um 9 Uhr an der Casa del Dazio in Torbole. Ziel ist auch bei diesem Lauf die Piazza 3 Novembre.<\/p>\n<p>&nbsp;<\/p>\n","protected":false},"excerpt":{"rendered":"<p>In wenigen Tagen ist es soweit und in Riva f\u00e4llt der Startschuss zum diesj\u00e4hrigen Garda Trentino Halbmarathon<\/p>\n","protected":false},"author":9,"featured_media":7863,"comment_status":"open","ping_status":"open","sticky":false,"template":"","format":"standard","meta":[],"categories":[2,5,3],"tags":[1519,1520,23,26,221,384],"news-destination":[],"news-source":[],"is_homepage":[],"ta_other":[],"featured_media_details":{"width":1199,"height":799,"file":"2021\/11\/GTHM_2006_0009.jpg","sizes":{"thumbnail":{"file":"GTHM_2006_0009-150x150.jpg","width":150,"height":150,"mime-type":"image\/jpeg","source_url":"https:\/\/www.gardaseezeitung.it\/gardaseezeitung_new\/de\/wp-content\/uploads\/sites\/2\/2021\/11\/GTHM_2006_0009-150x150.jpg"},"medium":{"file":"GTHM_2006_0009-300x200.jpg","width":300,"height":200,"mime-type":"image\/jpeg","source_url":"https:\/\/www.gardaseezeitung.it\/gardaseezeitung_new\/de\/wp-content\/uploads\/sites\/2\/2021\/11\/GTHM_2006_0009-300x200.jpg"},"medium_large":{"file":"GTHM_2006_0009-768x512.jpg","width":768,"height":512,"mime-type":"image\/jpeg","source_url":"https:\/\/www.gardaseezeitung.it\/gardaseezeitung_new\/de\/wp-content\/uploads\/sites\/2\/2021\/11\/GTHM_2006_0009-768x512.jpg"},"large":{"file":"GTHM_2006_0009-1024x682.jpg","width":1024,"height":682,"mime-type":"image\/jpeg","source_url":"https:\/\/www.gardaseezeitung.it\/gardaseezeitung_new\/de\/wp-content\/uploads\/sites\/2\/2021\/11\/GTHM_2006_0009-1024x682.jpg"},"big_image":{"file":"GTHM_2006_0009-750x500.jpg","width":750,"height":500,"mime-type":"image\/jpeg","source_url":"https:\/\/www.gardaseezeitung.it\/gardaseezeitung_new\/de\/wp-content\/uploads\/sites\/2\/2021\/11\/GTHM_2006_0009-750x500.jpg"},"guest-author-32":{"file":"GTHM_2006_0009-32x32.jpg","width":32,"height":32,"mime-type":"image\/jpeg","source_url":"https:\/\/www.gardaseezeitung.it\/gardaseezeitung_new\/de\/wp-content\/uploads\/sites\/2\/2021\/11\/GTHM_2006_0009-32x32.jpg"},"guest-author-50":{"file":"GTHM_2006_0009-50x50.jpg","width":50,"height":50,"mime-type":"image\/jpeg","source_url":"https:\/\/www.gardaseezeitung.it\/gardaseezeitung_new\/de\/wp-content\/uploads\/sites\/2\/2021\/11\/GTHM_2006_0009-50x50.jpg"},"guest-author-64":{"file":"GTHM_2006_0009-64x64.jpg","width":64,"height":64,"mime-type":"image\/jpeg","source_url":"https:\/\/www.gardaseezeitung.it\/gardaseezeitung_new\/de\/wp-content\/uploads\/sites\/2\/2021\/11\/GTHM_2006_0009-64x64.jpg"},"guest-author-96":{"file":"GTHM_2006_0009-96x96.jpg","width":96,"height":96,"mime-type":"image\/jpeg","source_url":"https:\/\/www.gardaseezeitung.it\/gardaseezeitung_new\/de\/wp-content\/uploads\/sites\/2\/2021\/11\/GTHM_2006_0009-96x96.jpg"},"guest-author-128":{"file":"GTHM_2006_0009-128x128.jpg","width":128,"height":128,"mime-type":"image\/jpeg","source_url":"https:\/\/www.gardaseezeitung.it\/gardaseezeitung_new\/de\/wp-content\/uploads\/sites\/2\/2021\/11\/GTHM_2006_0009-128x128.jpg"},"full":{"file":"GTHM_2006_0009.jpg","width":1199,"height":799,"mime_type":"","source_url":"https:\/\/www.gardaseezeitung.it\/gardaseezeitung_new\/de\/wp-content\/uploads\/sites\/2\/2021\/11\/GTHM_2006_0009.jpg"}},"image_meta":{"aperture":"10","credit":"Matteo Bridarolli","camera":"Canon EOS 20D","caption":"","created_timestamp":"1163331495","copyright":"Matteo Bridarolli","focal_length":"28","iso":"400","shutter_speed":"0.00125","title":"","orientation":"1","keywords":[]}},"_links":{"self":[{"href":"https:\/\/www.gardaseezeitung.it\/gardaseezeitung_new\/de\/wp-json\/wp\/v2\/posts\/7864"}],"collection":[{"href":"https:\/\/www.gardaseezeitung.it\/gardaseezeitung_new\/de\/wp-json\/wp\/v2\/posts"}],"about":[{"href":"https:\/\/www.gardaseezeitung.it\/gardaseezeitung_new\/de\/wp-json\/wp\/v2\/types\/post"}],"author":[{"embeddable":true,"href":"https:\/\/www.gardaseezeitung.it\/gardaseezeitung_new\/de\/wp-json\/wp\/v2\/users\/9"}],"replies":[{"embeddable":true,"href":"https:\/\/www.gardaseezeitung.it\/gardaseezeitung_new\/de\/wp-json\/wp\/v2\/comments?post=7864"}],"version-history":[{"count":1,"href":"https:\/\/www.gardaseezeitung.it\/gardaseezeitung_new\/de\/wp-json\/wp\/v2\/posts\/7864\/revisions"}],"predecessor-version":[{"id":7865,"href":"https:\/\/www.gardaseezeitung.it\/gardaseezeitung_new\/de\/wp-json\/wp\/v2\/posts\/7864\/revisions\/7865"}],"wp:featuredmedia":[{"embeddable":true,"href":"https:\/\/www.gardaseezeitung.it\/gardaseezeitung_new\/de\/wp-json\/wp\/v2\/media\/7863"}],"wp:attachment":[{"href":"https:\/\/www.gardaseezeitung.it\/gardaseezeitung_new\/de\/wp-json\/wp\/v2\/media?parent=7864"}],"wp:term":[{"taxonomy":"category","embeddable":true,"href":"https:\/\/www.gardaseezeitung.it\/gardaseezeitung_new\/de\/wp-json\/wp\/v2\/categories?post=7864"},{"taxonomy":"post_tag","embeddable":true,"href":"https:\/\/www.gardaseezeitung.it\/gardaseezeitung_new\/de\/wp-json\/wp\/v2\/tags?post=7864"},{"taxonomy":"news-destination","embeddable":true,"href":"https:\/\/www.gardaseezeitung.it\/gardaseezeitung_new\/de\/wp-json\/wp\/v2\/news-destination?post=7864"},{"taxonomy":"news-source","embeddable":true,"href":"https:\/\/www.gardaseezeitung.it\/gardaseezeitung_new\/de\/wp-json\/wp\/v2\/news-source?post=7864"},{"taxonomy":"is_homepage","embeddable":true,"href":"https:\/\/www.gardaseezeitung.it\/gardaseezeitung_new\/de\/wp-json\/wp\/v2\/is_homepage?post=7864"},{"taxonomy":"ta_other","embeddable":true,"href":"https:\/\/www.gardaseezeitung.it\/gardaseezeitung_new\/de\/wp-json\/wp\/v2\/ta_other?post=7864"}],"curies":[{"name":"wp","href":"https:\/\/api.w.org\/{rel}","templated":true}]}}